{"id":43454,"date":"2024-07-16T16:10:37","date_gmt":"2024-07-16T16:10:37","guid":{"rendered":"https:\/\/armstrongyregion.com.ar\/diario\/?p=43454"},"modified":"2024-07-16T16:10:39","modified_gmt":"2024-07-16T16:10:39","slug":"armstrong-vivira-nuevamente-la-fiesta-del-deporte-con-la-20-edicion-del-medio-maraton-homenaje-a-delfo-cabrera","status":"publish","type":"post","link":"https:\/\/armstrongyregion.com.ar\/diario\/armstrong-vivira-nuevamente-la-fiesta-del-deporte-con-la-20-edicion-del-medio-maraton-homenaje-a-delfo-cabrera\/","title":{"rendered":"Armstrong vivir\u00e1 nuevamente la fiesta del deporte con la 20\u00b0 edici\u00f3n del medio marat\u00f3n homenaje a Delfo Cabrera."},"content":{"rendered":"\n<figure class=\"wp-block-image size-full\"><a href=\"http:\/\/armstrongyregion.com.ar\/diario\/wp-content\/uploads\/2024\/07\/Maraton-Delfo-Cabrera-.jpg\"><img loading=\"lazy\" decoding=\"async\" width=\"633\" height=\"640\" src=\"http:\/\/armstrongyregion.com.ar\/diario\/wp-content\/uploads\/2024\/07\/Maraton-Delfo-Cabrera-.jpg\" alt=\"\" class=\"wp-image-43455\" srcset=\"https:\/\/armstrongyregion.com.ar\/diario\/wp-content\/uploads\/2024\/07\/Maraton-Delfo-Cabrera-.jpg 633w, https:\/\/armstrongyregion.com.ar\/diario\/wp-content\/uploads\/2024\/07\/Maraton-Delfo-Cabrera--297x300.jpg 297w\" sizes=\"auto, (max-width: 633px) 100vw, 633px\" \/><\/a><\/figure>\n\n\n\n<p>El pr\u00f3ximo domingo 4 de agosto de 2024 Armstrong vivir\u00e1 nuevamente la fiesta del deporte con la<br>20\u00b0 edici\u00f3n del medio marat\u00f3n homenaje a Delfo Cabrera que recorrer\u00e1 las calles de la ciudad y<br>seguramente contar\u00e1 con el aliento de los todos armstronenses a su paso.<br>La largada ser\u00e1 a las 9 hs. en Plaza Flotron, con circuitos certificados en las distancias competitivas<br>de 10 y 21 k., y fiscalizadas por la Asociaci\u00f3n Rosarina de Atletismo (ARDA), y el circuito integrativo<br>no competitivo de 6 k.<br>La organizaci\u00f3n general est\u00e1 a cargo de la Municipalidad de Armstrong y esta edici\u00f3n cuenta con el<br>auspicio de: CADAL, LA SEGUNDA, HORMIB\u00d3N, DESARROLLADORA LIFE, ARSEMET Y OLIVERO ON<br>LINE.<br>En cuanto a las inscripciones, para 10 y 21 k.: Atletas locales: Solicitar formulario al 3471-341769;<br>Atletas de otras localidades, en www.eventick.com.ar hasta las 23:59 hs del mi\u00e9rcoles 31 de julio;<br>Todos los atletas para los 6 k: Solicitar formulario al 3471-341769.<br>Asimismo, de manera presencial se podr\u00e1 realizar en Plaza Flotron el s\u00e1bado 3 de 10 a 18 hs. y el<br>domingo 4, hasta una hora antes de la largada.<br>Entrega de Kits: En Plaza Flotron, s\u00e1bado 3, de 14 a 18 hs. y domingo 4, hasta una hora antes de la<br>largada, presentando el cup\u00f3n de pago.<br>Dicho kit est\u00e1 compuesto por remera, n\u00famero oficial del corredor y chip correspondiente para la<br>toma de tiempo. El talle de la remera estar\u00e1 sujeta a stock y no se har\u00e1n cambios de talle una vez<br>retirado el kit.<br>Premiaci\u00f3n: Medallas a todos los participantes que llegan a la meta, musculosa r\u00e9plica de la que us\u00f3<br>Delfo Cabrera en Londres en 1948, del 1\u00b0 al 5\u00b0 puesto de cada categor\u00eda, damas y caballeros.<br>Premios en efectivo en la clasificaci\u00f3n general, damas y caballeros, del 1\u00b0 al 5\u00b0 puesto:<br>Orden 10 k 21 k<br>1 $ 80.000 $ 130.000<br>2 $ 50.000 $ 90.000<br>3 $ 40.000 $ 60.000<br>4 $ 25.000 $ 45.000<br>5 $ 20.000 $ 30.000<br>Se contar\u00e1 con puestos de hidrataci\u00f3n durante el recorrido y en la llegada, nutrientes, y el<br>acompa\u00f1amiento permanente del servicio m\u00e9dico de emergencias S.U.S.A.M.Co., Bomberos<br>Voluntarios, personal del \u00c1rea de Orden P\u00fablico, banderilleros, grupo de maestranza y equipos de<br>trabajo del municipio local.<\/p>\n","protected":false},"excerpt":{"rendered":"<p>Armstrong vivir\u00e1 nuevamente la fiesta del deporte con la 20\u00b0 edici\u00f3n del medio marat\u00f3n homenaje a Delfo Cabrera.<\/p>\n","protected":false},"author":1,"featured_media":43455,"comment_status":"open","ping_status":"open","sticky":false,"template":"","format":"image","meta":{"_jetpack_memberships_contains_paid_content":false,"footnotes":"","jetpack_publicize_message":"","jetpack_publicize_feature_enabled":true,"jetpack_social_post_already_shared":true,"jetpack_social_options":{"image_generator_settings":{"template":"highway","default_image_id":0,"enabled":false},"version":2}},"categories":[8,1,2,7,3],"tags":[20,53,1487,10721,620,31,8777,10859,10858],"class_list":["post-43454","post","type-post","status-publish","format-image","has-post-thumbnail","hentry","category-deliberando","category-diario-armstrong","category-locales","category-politica","category-region","tag-armstrong","tag-del","tag-deporte","tag-diario-armstrong-region","tag-fiesta","tag-la","tag-lic-graciela-de-la-casa","tag-maraton-delfo-cabrera","tag-vivira","post_format-post-format-image"],"jetpack_publicize_connections":[],"jetpack_featured_media_url":"https:\/\/armstrongyregion.com.ar\/diario\/wp-content\/uploads\/2024\/07\/Maraton-Delfo-Cabrera-.jpg","jetpack_shortlink":"https:\/\/wp.me\/p62QDO-biS","jetpack_sharing_enabled":true,"amp_enabled":true,"_links":{"self":[{"href":"https:\/\/armstrongyregion.com.ar\/diario\/wp-json\/wp\/v2\/posts\/43454","targetHints":{"allow":["GET"]}}],"collection":[{"href":"https:\/\/armstrongyregion.com.ar\/diario\/wp-json\/wp\/v2\/posts"}],"about":[{"href":"https:\/\/armstrongyregion.com.ar\/diario\/wp-json\/wp\/v2\/types\/post"}],"author":[{"embeddable":true,"href":"https:\/\/armstrongyregion.com.ar\/diario\/wp-json\/wp\/v2\/users\/1"}],"replies":[{"embeddable":true,"href":"https:\/\/armstrongyregion.com.ar\/diario\/wp-json\/wp\/v2\/comments?post=43454"}],"version-history":[{"count":1,"href":"https:\/\/armstrongyregion.com.ar\/diario\/wp-json\/wp\/v2\/posts\/43454\/revisions"}],"predecessor-version":[{"id":43456,"href":"https:\/\/armstrongyregion.com.ar\/diario\/wp-json\/wp\/v2\/posts\/43454\/revisions\/43456"}],"wp:featuredmedia":[{"embeddable":true,"href":"https:\/\/armstrongyregion.com.ar\/diario\/wp-json\/wp\/v2\/media\/43455"}],"wp:attachment":[{"href":"https:\/\/armstrongyregion.com.ar\/diario\/wp-json\/wp\/v2\/media?parent=43454"}],"wp:term":[{"taxonomy":"category","embeddable":true,"href":"https:\/\/armstrongyregion.com.ar\/diario\/wp-json\/wp\/v2\/categories?post=43454"},{"taxonomy":"post_tag","embeddable":true,"href":"https:\/\/armstrongyregion.com.ar\/diario\/wp-json\/wp\/v2\/tags?post=43454"}],"curies":[{"name":"wp","href":"https:\/\/api.w.org\/{rel}","templated":true}]}}