{"id":43445,"date":"2024-07-16T16:07:49","date_gmt":"2024-07-16T16:07:49","guid":{"rendered":"https:\/\/armstrongyregion.com.ar\/diario\/?p=43445"},"modified":"2024-07-16T16:07:53","modified_gmt":"2024-07-16T16:07:53","slug":"armstrong-el-conservatorio-te-esta-esperando","status":"publish","type":"post","link":"https:\/\/armstrongyregion.com.ar\/diario\/armstrong-el-conservatorio-te-esta-esperando\/","title":{"rendered":"Armstrong. El Conservatorio te est\u00e1 esperando."},"content":{"rendered":"\n<figure class=\"wp-block-image size-full\"><a href=\"http:\/\/armstrongyregion.com.ar\/diario\/wp-content\/uploads\/2024\/07\/conservatorio-1-.jpg\"><img loading=\"lazy\" decoding=\"async\" width=\"800\" height=\"450\" src=\"http:\/\/armstrongyregion.com.ar\/diario\/wp-content\/uploads\/2024\/07\/conservatorio-1-.jpg\" alt=\"\" class=\"wp-image-43446\" srcset=\"https:\/\/armstrongyregion.com.ar\/diario\/wp-content\/uploads\/2024\/07\/conservatorio-1-.jpg 800w, https:\/\/armstrongyregion.com.ar\/diario\/wp-content\/uploads\/2024\/07\/conservatorio-1--300x169.jpg 300w, https:\/\/armstrongyregion.com.ar\/diario\/wp-content\/uploads\/2024\/07\/conservatorio-1--768x432.jpg 768w\" sizes=\"auto, (max-width: 800px) 100vw, 800px\" \/><\/a><\/figure>\n\n\n\n<p>En los \u00faltimos d\u00edas del mes de junio, los integrantes del Conservatorio Municipal de M\u00fasica tuvieron<br>la posibilidad de mostrar a familiares, amigos y p\u00fablico en general lo aprendido durante la primera<br>parte del a\u00f1o en las audiciones acad\u00e9micas.<\/p>\n\n\n\n<figure class=\"wp-block-image size-full\"><a href=\"http:\/\/armstrongyregion.com.ar\/diario\/wp-content\/uploads\/2024\/07\/conservatorio-2-.jpg\"><img loading=\"lazy\" decoding=\"async\" width=\"640\" height=\"360\" src=\"http:\/\/armstrongyregion.com.ar\/diario\/wp-content\/uploads\/2024\/07\/conservatorio-2-.jpg\" alt=\"\" class=\"wp-image-43447\" srcset=\"https:\/\/armstrongyregion.com.ar\/diario\/wp-content\/uploads\/2024\/07\/conservatorio-2-.jpg 640w, https:\/\/armstrongyregion.com.ar\/diario\/wp-content\/uploads\/2024\/07\/conservatorio-2--300x169.jpg 300w\" sizes=\"auto, (max-width: 640px) 100vw, 640px\" \/><\/a><\/figure>\n\n\n\n<p><br>Ellos mismos despertaron curiosidad y entusiasmo entre quienes los ve\u00edan y escuchaban, tal es as\u00ed<br>que algunas personas de las que asistieron consultan hoy si es posible sumarse a esta propuesta<br>musical cultural que se inici\u00f3 hace ya diez a\u00f1os.<\/p>\n\n\n\n<figure class=\"wp-block-image size-full\"><a href=\"http:\/\/armstrongyregion.com.ar\/diario\/wp-content\/uploads\/2024\/07\/conservatorio-3-.jpg\"><img loading=\"lazy\" decoding=\"async\" width=\"686\" height=\"469\" src=\"http:\/\/armstrongyregion.com.ar\/diario\/wp-content\/uploads\/2024\/07\/conservatorio-3-.jpg\" alt=\"\" class=\"wp-image-43448\" srcset=\"https:\/\/armstrongyregion.com.ar\/diario\/wp-content\/uploads\/2024\/07\/conservatorio-3-.jpg 686w, https:\/\/armstrongyregion.com.ar\/diario\/wp-content\/uploads\/2024\/07\/conservatorio-3--300x205.jpg 300w\" sizes=\"auto, (max-width: 686px) 100vw, 686px\" \/><\/a><\/figure>\n\n\n\n<p><br>El Director del espacio Profesor Cristian Gualtieri, record\u00f3 que las inscripciones contin\u00faan abiertas<br>en cada una de las c\u00e1tedras, as\u00ed como el ingreso a los elencos estables.<\/p>\n\n\n\n<figure class=\"wp-block-image size-full\"><a href=\"http:\/\/armstrongyregion.com.ar\/diario\/wp-content\/uploads\/2024\/07\/conservatorio-4-.jpg\"><img loading=\"lazy\" decoding=\"async\" width=\"500\" height=\"375\" src=\"http:\/\/armstrongyregion.com.ar\/diario\/wp-content\/uploads\/2024\/07\/conservatorio-4-.jpg\" alt=\"\" class=\"wp-image-43450\" srcset=\"https:\/\/armstrongyregion.com.ar\/diario\/wp-content\/uploads\/2024\/07\/conservatorio-4-.jpg 500w, https:\/\/armstrongyregion.com.ar\/diario\/wp-content\/uploads\/2024\/07\/conservatorio-4--300x225.jpg 300w\" sizes=\"auto, (max-width: 500px) 100vw, 500px\" \/><\/a><\/figure>\n\n\n\n<p><br>Luego del receso invernal, el lunes 22 de julio se retoman las actividades de lunes a jueves de 15 a<br>21:30 hs., momento en que los interesados podr\u00e1n acercarse para pasar por las aulas, conversar con<br>los profesores, probar instrumentos, conocerlos y evacuar dudas.<\/p>\n\n\n\n<figure class=\"wp-block-image size-full\"><a href=\"http:\/\/armstrongyregion.com.ar\/diario\/wp-content\/uploads\/2024\/07\/conservatorio-5-.jpg\"><img loading=\"lazy\" decoding=\"async\" width=\"733\" height=\"550\" src=\"http:\/\/armstrongyregion.com.ar\/diario\/wp-content\/uploads\/2024\/07\/conservatorio-5-.jpg\" alt=\"\" class=\"wp-image-43451\" srcset=\"https:\/\/armstrongyregion.com.ar\/diario\/wp-content\/uploads\/2024\/07\/conservatorio-5-.jpg 733w, https:\/\/armstrongyregion.com.ar\/diario\/wp-content\/uploads\/2024\/07\/conservatorio-5--300x225.jpg 300w\" sizes=\"auto, (max-width: 733px) 100vw, 733px\" \/><\/a><\/figure>\n\n\n\n<p><br>Otro tema que resalt\u00f3 Gualtieri es que por primera vez se tomaron ex\u00e1menes, hecho muy<br>importante y enriquecedor para la formaci\u00f3n de los estudiantes ya que el 80 % de ellos nunca lo<br>hab\u00eda experimentado antes.<\/p>\n\n\n\n<figure class=\"wp-block-image size-full\"><a href=\"http:\/\/armstrongyregion.com.ar\/diario\/wp-content\/uploads\/2024\/07\/conservatorio-6-.jpg\"><img loading=\"lazy\" decoding=\"async\" width=\"705\" height=\"529\" src=\"http:\/\/armstrongyregion.com.ar\/diario\/wp-content\/uploads\/2024\/07\/conservatorio-6-.jpg\" alt=\"\" class=\"wp-image-43452\" srcset=\"https:\/\/armstrongyregion.com.ar\/diario\/wp-content\/uploads\/2024\/07\/conservatorio-6-.jpg 705w, https:\/\/armstrongyregion.com.ar\/diario\/wp-content\/uploads\/2024\/07\/conservatorio-6--300x225.jpg 300w\" sizes=\"auto, (max-width: 705px) 100vw, 705px\" \/><\/a><\/figure>\n\n\n\n<p><br>\u201cEstamos muy contentos con todas estas experiencias positivas, esperando retomar las actividades<br>luego de las vacaciones de invierno ya que tenemos una agenda cargada para desarrollar durante la<br>segunda mitad del a\u00f1o\u201d, dijo Gualtieri.<br>Tel\u00e9fono del Conservatorio de M\u00fasica Municipalidad de Armstrong: 03471-15579905.<\/p>\n","protected":false},"excerpt":{"rendered":"<p>Armstrong. El Conservatorio te est\u00e1 esperando.<\/p>\n","protected":false},"author":1,"featured_media":43447,"comment_status":"open","ping_status":"open","sticky":false,"template":"","format":"image","meta":{"_jetpack_memberships_contains_paid_content":false,"footnotes":"","jetpack_publicize_message":"","jetpack_publicize_feature_enabled":true,"jetpack_social_post_already_shared":true,"jetpack_social_options":{"image_generator_settings":{"template":"highway","default_image_id":0,"enabled":false},"version":2}},"categories":[8,1,2,7,3],"tags":[20,3660,9924,8777,8655],"class_list":["post-43445","post","type-post","status-publish","format-image","has-post-thumbnail","hentry","category-deliberando","category-diario-armstrong","category-locales","category-politica","category-region","tag-armstrong","tag-conservatorio","tag-diario-armstrong-y-region-2","tag-lic-graciela-de-la-casa","tag-municipal-2","post_format-post-format-image"],"jetpack_publicize_connections":[],"jetpack_featured_media_url":"https:\/\/armstrongyregion.com.ar\/diario\/wp-content\/uploads\/2024\/07\/conservatorio-2-.jpg","jetpack_shortlink":"https:\/\/wp.me\/p62QDO-biJ","jetpack_sharing_enabled":true,"amp_enabled":true,"_links":{"self":[{"href":"https:\/\/armstrongyregion.com.ar\/diario\/wp-json\/wp\/v2\/posts\/43445","targetHints":{"allow":["GET"]}}],"collection":[{"href":"https:\/\/armstrongyregion.com.ar\/diario\/wp-json\/wp\/v2\/posts"}],"about":[{"href":"https:\/\/armstrongyregion.com.ar\/diario\/wp-json\/wp\/v2\/types\/post"}],"author":[{"embeddable":true,"href":"https:\/\/armstrongyregion.com.ar\/diario\/wp-json\/wp\/v2\/users\/1"}],"replies":[{"embeddable":true,"href":"https:\/\/armstrongyregion.com.ar\/diario\/wp-json\/wp\/v2\/comments?post=43445"}],"version-history":[{"count":1,"href":"https:\/\/armstrongyregion.com.ar\/diario\/wp-json\/wp\/v2\/posts\/43445\/revisions"}],"predecessor-version":[{"id":43453,"href":"https:\/\/armstrongyregion.com.ar\/diario\/wp-json\/wp\/v2\/posts\/43445\/revisions\/43453"}],"wp:featuredmedia":[{"embeddable":true,"href":"https:\/\/armstrongyregion.com.ar\/diario\/wp-json\/wp\/v2\/media\/43447"}],"wp:attachment":[{"href":"https:\/\/armstrongyregion.com.ar\/diario\/wp-json\/wp\/v2\/media?parent=43445"}],"wp:term":[{"taxonomy":"category","embeddable":true,"href":"https:\/\/armstrongyregion.com.ar\/diario\/wp-json\/wp\/v2\/categories?post=43445"},{"taxonomy":"post_tag","embeddable":true,"href":"https:\/\/armstrongyregion.com.ar\/diario\/wp-json\/wp\/v2\/tags?post=43445"}],"curies":[{"name":"wp","href":"https:\/\/api.w.org\/{rel}","templated":true}]}}