{"id":43441,"date":"2024-07-15T21:23:17","date_gmt":"2024-07-15T21:23:17","guid":{"rendered":"https:\/\/armstrongyregion.com.ar\/diario\/?p=43441"},"modified":"2024-07-15T21:23:20","modified_gmt":"2024-07-15T21:23:20","slug":"rosario-desde-hoy-patrullan-las-calles-131-nuevos-moviles-de-la-policia-de-santa-fe","status":"publish","type":"post","link":"https:\/\/armstrongyregion.com.ar\/diario\/rosario-desde-hoy-patrullan-las-calles-131-nuevos-moviles-de-la-policia-de-santa-fe\/","title":{"rendered":"Rosario: desde hoy patrullan las calles 131 nuevos m\u00f3viles de la Polic\u00eda de Santa Fe."},"content":{"rendered":"\n<figure class=\"wp-block-image size-full\"><a href=\"http:\/\/armstrongyregion.com.ar\/diario\/wp-content\/uploads\/2024\/07\/Rosario-patrulla-15-7-24-.jpg\"><img loading=\"lazy\" decoding=\"async\" width=\"640\" height=\"427\" src=\"http:\/\/armstrongyregion.com.ar\/diario\/wp-content\/uploads\/2024\/07\/Rosario-patrulla-15-7-24-.jpg\" alt=\"\" class=\"wp-image-43442\" srcset=\"https:\/\/armstrongyregion.com.ar\/diario\/wp-content\/uploads\/2024\/07\/Rosario-patrulla-15-7-24-.jpg 640w, https:\/\/armstrongyregion.com.ar\/diario\/wp-content\/uploads\/2024\/07\/Rosario-patrulla-15-7-24--300x200.jpg 300w\" sizes=\"auto, (max-width: 640px) 100vw, 640px\" \/><\/a><\/figure>\n\n\n\n<h2 class=\"wp-block-heading\">Fueron presentados por el ministro de Justicia y Seguridad, Cococcioni. Son parte parte de las 840 unidades compradas por el gobierno de Maximiliano Pullaro por licitaci\u00f3n p\u00fablica para toda la provincia, y que se suman a las 100 que fueron incorporadas por compra directa. Cuando la actual gesti\u00f3n asumi\u00f3, Rosario ten\u00eda s\u00f3lo 20 patrulleros en uso.<\/h2>\n\n\n\n<p>El ministro de Justicia y Seguridad, Pablo Cococcioni, entreg\u00f3 131 nuevos patrulleros a la Polic\u00eda de la Provincia de Santa Fe. Se trata de unidades que forman parte de las 840 adquiridas por el gobierno de Maximiliano Pullaro por licitaci\u00f3n p\u00fablica y se suman a las 100 que fueron incorporadas por compra directa. Vale recordar que cuando la actual gesti\u00f3n asumi\u00f3 se encontr\u00f3 con solo 20 patrulleros en uso para Rosario.&nbsp;<\/p>\n\n\n\n<p>Por eso, este lunes, Cococcioni manifest\u00f3 su alegr\u00eda de \u201cpoder darle a la Polic\u00eda las herramientas fundamentales para hacer su trabajo\u201d y dijo: \u201cVivimos momentos parad\u00f3jicos de estar haciendo una gran entrega de patrulleros, luego de una semana en la cual hubo algunos hechos aislados, pero que demuestran que hay elementos residuales de bandas criminales que est\u00e1n tratando de encontrar la forma de seguir operando\u201d. \u201cPor ejemplo -describi\u00f3-, en un barrio hemos hecho 8 allanamientos y 3 derrumbes de b\u00fanker. Seguramente en el que no se pudo derrumbar siguen operando\u201d. Por eso, para Cococcioni, \u201cbajo ning\u00fan concepto hay que creer que ya llegamos a la meta, que podemos relajarnos. Todo logro en seguridad es un logro siempre parcial que no nos excusa de redoblar los esfuerzos\u201d.&nbsp;<\/p>\n\n\n\n<p>Luego, el ministro remarc\u00f3 el \u201cagradecimiento a todos los que han hecho esto posible, a los legisladores, concejales, autoridades locales, a nuestro equipo del Ministerio de Justicia y Seguridad, a la Polic\u00eda de la provincia de Santa Fe\u201d. \u201cRealmente vemos que han salido a comerse la cancha y les agradecemos por el apoyo invaluable que eso significa para nosotros en el objetivo primordial que es, sin duda, el primer objetivo de la gente y, por ende de nuestro gobierno, que es devolverle la tranquilidad a todos los santafesinos\u201d, agreg\u00f3.<\/p>\n\n\n\n<figure class=\"wp-block-image\"><img decoding=\"async\" src=\"https:\/\/ci3.googleusercontent.com\/meips\/ADKq_NaR_ZSv7ztKB4BiIHhAS2-l4FvS-5j-lkNrhsIR8SHYAQOXMCmMcV2UIXveOv1wuN4khvqFhBz47eaS6I9YpZciJI_RQX7XW552fF8UMmlGoig46F_9aor1bxjmG_4ZOvR2ukso6f3tkE_XR_Q=s0-d-e1-ft#https:\/\/www.santafe.gob.ar\/noticias\/recursos\/fotos\/2024\/07\/2024-07-15NID_280690O_2.jpeg\" alt=\"\"\/><\/figure>\n\n\n\n<p><strong>Trabajo conjunto&nbsp;<\/strong><\/p>\n\n\n\n<p>Por su parte, el secretario de Seguridad P\u00fablica, Omar Pereira, destac\u00f3: \u201cSiempre es una satisfacci\u00f3n poder presentar estos nuevos instrumentos destinados a la acci\u00f3n de la seguridad p\u00fablica en manos de la Polic\u00eda de la provincia de Santa Fe\u201d.<\/p>\n\n\n\n<p>\u201cLos resultados est\u00e1n a la vista tambi\u00e9n. No hay nada que festejar, nada para resaltar todav\u00eda como un gran triunfo, son pasos, son etapas que tenemos que ir avanzando. Es ah\u00ed donde est\u00e1 la importancia del trabajo en conjunto con todos los que participamos en esta actividad: Provincia, Municipio, Concejo, instituciones intermedias, vecinales, donde necesitamos afianzar el trabajo en com\u00fan y poder brindarle al ciudadano la seguridad que merece y que necesita\u201d, remarc\u00f3 Pereira.&nbsp;<\/p>\n\n\n\n<p>Por otro lado, la presidenta de la C\u00e1mara de Diputados de Santa Fe, Clara Garc\u00eda, explic\u00f3: \u201cEsta licitaci\u00f3n tiene muchas caracter\u00edsticas,, entre ellas, haberla hecho en base a una ley de Emergencia votada, de manera un\u00e1nime, con lo cual la pol\u00edtica con seriedad entendi\u00f3 y asumi\u00f3 lo que la sociedad necesitaba. En tanto, el secretario de Gobierno de la Municipalidad de Rosario, Sebasti\u00e1n Chale, agradeci\u00f3 y reconoci\u00f3 el trabajo diario \u201cpara que los indicadores, la situaci\u00f3n de violencia en la calle mejore\u201d. Tambi\u00e9n estuvieron presentes en la actividad el ministro de Trabajo, Empleo y Seguridad Social, Roal B\u00e1scolo; la ministra de Salud, Silvia Ciancio; la secretaria de Gesti\u00f3n Institucional, Mar\u00eda Virginia Coudannes; el secretario de An\u00e1lisis y Gesti\u00f3n de la Informaci\u00f3n, Esteban Santantino; y el Jefe de Polic\u00eda de la Provincia, Luis Maldonado; entre otras autoridades provinciales y municipales.<\/p>\n\n\n\n<figure class=\"wp-block-image\"><img decoding=\"async\" src=\"https:\/\/ci3.googleusercontent.com\/meips\/ADKq_NZnEMEHQuTEvHAgRT-VJnFBnsAkKYtgqbT5ygqDhVyfyFef4ndvlWJqFURJRVEmh5zQWGATIb0c8toJZRk4F09In684y8qfO93vRKJ6pByn7GhTS1I8eAP012P_J7ftoGObnMog0OErwn5RClU=s0-d-e1-ft#https:\/\/www.santafe.gob.ar\/noticias\/recursos\/fotos\/2024\/07\/2024-07-15NID_280690O_3.jpeg\" alt=\"\"\/><\/figure>\n\n\n\n<p><strong>Compra de patrulleros y equipamiento policial<\/strong><\/p>\n\n\n\n<p>En abril pasado se realiz\u00f3 una licitaci\u00f3n p\u00fablica para la adquisici\u00f3n de 700 unidades, destinando un presupuesto oficial de 27.300 millones de pesos, adem\u00e1s de la incorporaci\u00f3n de 100 veh\u00edculos m\u00e1s mediante una compra directa, en el marco de la Ley N\u00b0 14.237 correspondiente al \u201cEstado de Emergencia en Seguridad P\u00fablica en la Provincia de Santa Fe\u201d. Luego, gracias la eficiencia en el mecanismo de compra, y a partir del mejoramiento de la oferta, a las 700 unidades licitadas y las 100 incorporadas por compra directa, se sumaron 140 patrulleros, por lo que totalizar\u00e1n 940 veh\u00edculos nuevos destinados a reforzar la seguridad en todo el territorio santafesino.&nbsp;<\/p>\n\n\n\n<p>Asimismo, semanas atr\u00e1s se abrieron los sobres de licitaci\u00f3n para la compra de 500 motos tipo enduro, de entre 245 y 275 cm3 de cilindrada, con el equipamiento adecuado para el patrullaje policial.<\/p>\n","protected":false},"excerpt":{"rendered":"<p>Rosario: desde hoy patrullan las calles 131 nuevos m\u00f3viles de la Polic\u00eda de Santa Fe.<\/p>\n","protected":false},"author":1,"featured_media":43442,"comment_status":"open","ping_status":"open","sticky":false,"template":"","format":"image","meta":{"_jetpack_memberships_contains_paid_content":false,"footnotes":"","jetpack_publicize_message":"","jetpack_publicize_feature_enabled":true,"jetpack_social_post_already_shared":true,"jetpack_social_options":{"image_generator_settings":{"template":"highway","default_image_id":0,"enabled":false},"version":2}},"categories":[8,1,2,7,3],"tags":[10856,10855,10721,8777,10857,8588],"class_list":["post-43441","post","type-post","status-publish","format-image","has-post-thumbnail","hentry","category-deliberando","category-diario-armstrong","category-locales","category-politica","category-region","tag-131-moviles","tag-desde-hoy","tag-diario-armstrong-region","tag-lic-graciela-de-la-casa","tag-patrullan","tag-rosario-2","post_format-post-format-image"],"jetpack_publicize_connections":[],"jetpack_featured_media_url":"https:\/\/armstrongyregion.com.ar\/diario\/wp-content\/uploads\/2024\/07\/Rosario-patrulla-15-7-24-.jpg","jetpack_shortlink":"https:\/\/wp.me\/p62QDO-biF","jetpack_sharing_enabled":true,"amp_enabled":true,"_links":{"self":[{"href":"https:\/\/armstrongyregion.com.ar\/diario\/wp-json\/wp\/v2\/posts\/43441","targetHints":{"allow":["GET"]}}],"collection":[{"href":"https:\/\/armstrongyregion.com.ar\/diario\/wp-json\/wp\/v2\/posts"}],"about":[{"href":"https:\/\/armstrongyregion.com.ar\/diario\/wp-json\/wp\/v2\/types\/post"}],"author":[{"embeddable":true,"href":"https:\/\/armstrongyregion.com.ar\/diario\/wp-json\/wp\/v2\/users\/1"}],"replies":[{"embeddable":true,"href":"https:\/\/armstrongyregion.com.ar\/diario\/wp-json\/wp\/v2\/comments?post=43441"}],"version-history":[{"count":1,"href":"https:\/\/armstrongyregion.com.ar\/diario\/wp-json\/wp\/v2\/posts\/43441\/revisions"}],"predecessor-version":[{"id":43443,"href":"https:\/\/armstrongyregion.com.ar\/diario\/wp-json\/wp\/v2\/posts\/43441\/revisions\/43443"}],"wp:featuredmedia":[{"embeddable":true,"href":"https:\/\/armstrongyregion.com.ar\/diario\/wp-json\/wp\/v2\/media\/43442"}],"wp:attachment":[{"href":"https:\/\/armstrongyregion.com.ar\/diario\/wp-json\/wp\/v2\/media?parent=43441"}],"wp:term":[{"taxonomy":"category","embeddable":true,"href":"https:\/\/armstrongyregion.com.ar\/diario\/wp-json\/wp\/v2\/categories?post=43441"},{"taxonomy":"post_tag","embeddable":true,"href":"https:\/\/armstrongyregion.com.ar\/diario\/wp-json\/wp\/v2\/tags?post=43441"}],"curies":[{"name":"wp","href":"https:\/\/api.w.org\/{rel}","templated":true}]}}