{"id":43429,"date":"2024-07-12T21:58:12","date_gmt":"2024-07-12T21:58:12","guid":{"rendered":"https:\/\/armstrongyregion.com.ar\/diario\/?p=43429"},"modified":"2024-07-12T21:58:15","modified_gmt":"2024-07-12T21:58:15","slug":"proyecto-de-ley-correa-capital-provincial-de-la-danza","status":"publish","type":"post","link":"https:\/\/armstrongyregion.com.ar\/diario\/proyecto-de-ley-correa-capital-provincial-de-la-danza\/","title":{"rendered":"Proyecto de Ley \u00abCorrea capital provincial de la Danza\u00bb."},"content":{"rendered":"\n<figure class=\"wp-block-image size-full\"><a href=\"http:\/\/armstrongyregion.com.ar\/diario\/wp-content\/uploads\/2024\/07\/correa-capi-danza.jpg\"><img loading=\"lazy\" decoding=\"async\" width=\"645\" height=\"385\" src=\"http:\/\/armstrongyregion.com.ar\/diario\/wp-content\/uploads\/2024\/07\/correa-capi-danza.jpg\" alt=\"\" class=\"wp-image-43430\" srcset=\"https:\/\/armstrongyregion.com.ar\/diario\/wp-content\/uploads\/2024\/07\/correa-capi-danza.jpg 645w, https:\/\/armstrongyregion.com.ar\/diario\/wp-content\/uploads\/2024\/07\/correa-capi-danza-300x179.jpg 300w\" sizes=\"auto, (max-width: 645px) 100vw, 645px\" \/><\/a><\/figure>\n\n\n\n<h2 class=\"wp-block-heading\">Fue presentado este mi\u00e9rcoles en el centro cultural Villa Angela.<\/h2>\n\n\n\n<p>Este mi\u00e9rcoles la comuna de Correa presento en el Centro Cultural Villa Angela, el proyecto de ley que busca declarar a la localidad como \u201ccapital provincial de la danza\u201d.<\/p>\n\n\n\n<p>La conferencia estuvo encabezada por el Pte. Comunal Nahuel Cejas, el Senador Hugo Rasetto, los ballets La Paisanada y Huellas Criollas, la Compa\u00f1\u00eda Alma Argentina y Pe\u00f1a el Amanecer. El proyecto ingresar\u00e1 a la legislatura santafesina en los pr\u00f3ximos d\u00edas.<\/p>\n\n\n\n<figure class=\"wp-block-embed is-type-video is-provider-youtube wp-block-embed-youtube wp-embed-aspect-16-9 wp-has-aspect-ratio\"><div class=\"wp-block-embed__wrapper\">\n<iframe loading=\"lazy\" title=\"11-07-24 Nota Nahuel Cejas \u2013 Pte. Comunal De Correa\" width=\"800\" height=\"450\" src=\"https:\/\/www.youtube.com\/embed\/W9h7ouoy4FU?feature=oembed\" frameborder=\"0\" allow=\"accelerometer; autoplay; clipboard-write; encrypted-media; gyroscope; picture-in-picture; web-share\" referrerpolicy=\"strict-origin-when-cross-origin\" allowfullscreen><\/iframe>\n<\/div><figcaption class=\"wp-element-caption\">Preparan un gran evento para el domingo 15 de septiembre en el polideportivo comunal, que promete la presencia de cientos de parejas de toda la regi\u00f3n, para bailar una de las danzas tradicionales del folklore, la chacarera.<\/figcaption><\/figure>\n\n\n\n<figure class=\"wp-block-embed is-type-video is-provider-youtube wp-block-embed-youtube wp-embed-aspect-16-9 wp-has-aspect-ratio\"><div class=\"wp-block-embed__wrapper\">\n<iframe loading=\"lazy\" title=\"11-07-24 Nota Mariano Villarruel \u2013 Compa\u00f1\u00eda Alma Argentina\" width=\"800\" height=\"450\" src=\"https:\/\/www.youtube.com\/embed\/JNF2PZ2xHkQ?feature=oembed\" frameborder=\"0\" allow=\"accelerometer; autoplay; clipboard-write; encrypted-media; gyroscope; picture-in-picture; web-share\" referrerpolicy=\"strict-origin-when-cross-origin\" allowfullscreen><\/iframe>\n<\/div><figcaption class=\"wp-element-caption\"><br><a href=\"https:\/\/youtu.be\/vNnXMfbLtHU\">https:\/\/youtu.be\/vNnXMfbLtHU<\/a><\/figcaption><\/figure>\n\n\n\n<p>Fuente: Renacer Regional.<\/p>\n","protected":false},"excerpt":{"rendered":"<p>Proyecto de Ley \u00abCorrea capital provincial de la Danza\u00bb.<\/p>\n","protected":false},"author":1,"featured_media":43430,"comment_status":"open","ping_status":"open","sticky":false,"template":"","format":"image","meta":{"_jetpack_memberships_contains_paid_content":false,"footnotes":"","jetpack_publicize_message":"","jetpack_publicize_feature_enabled":true,"jetpack_social_post_already_shared":true,"jetpack_social_options":{"image_generator_settings":{"template":"highway","default_image_id":0,"enabled":false},"version":2}},"categories":[8,1,2,7,3],"tags":[3127,303,3270,5030,31,8777,928,10852],"class_list":["post-43429","post","type-post","status-publish","format-image","has-post-thumbnail","hentry","category-deliberando","category-diario-armstrong","category-locales","category-politica","category-region","tag-capital","tag-correa","tag-danza","tag-diario-armstrong","tag-la","tag-lic-graciela-de-la-casa","tag-provincial","tag-proyecto-de-ley","post_format-post-format-image"],"jetpack_publicize_connections":[],"jetpack_featured_media_url":"https:\/\/armstrongyregion.com.ar\/diario\/wp-content\/uploads\/2024\/07\/correa-capi-danza.jpg","jetpack_shortlink":"https:\/\/wp.me\/p62QDO-bit","jetpack_sharing_enabled":true,"amp_enabled":true,"_links":{"self":[{"href":"https:\/\/armstrongyregion.com.ar\/diario\/wp-json\/wp\/v2\/posts\/43429","targetHints":{"allow":["GET"]}}],"collection":[{"href":"https:\/\/armstrongyregion.com.ar\/diario\/wp-json\/wp\/v2\/posts"}],"about":[{"href":"https:\/\/armstrongyregion.com.ar\/diario\/wp-json\/wp\/v2\/types\/post"}],"author":[{"embeddable":true,"href":"https:\/\/armstrongyregion.com.ar\/diario\/wp-json\/wp\/v2\/users\/1"}],"replies":[{"embeddable":true,"href":"https:\/\/armstrongyregion.com.ar\/diario\/wp-json\/wp\/v2\/comments?post=43429"}],"version-history":[{"count":1,"href":"https:\/\/armstrongyregion.com.ar\/diario\/wp-json\/wp\/v2\/posts\/43429\/revisions"}],"predecessor-version":[{"id":43431,"href":"https:\/\/armstrongyregion.com.ar\/diario\/wp-json\/wp\/v2\/posts\/43429\/revisions\/43431"}],"wp:featuredmedia":[{"embeddable":true,"href":"https:\/\/armstrongyregion.com.ar\/diario\/wp-json\/wp\/v2\/media\/43430"}],"wp:attachment":[{"href":"https:\/\/armstrongyregion.com.ar\/diario\/wp-json\/wp\/v2\/media?parent=43429"}],"wp:term":[{"taxonomy":"category","embeddable":true,"href":"https:\/\/armstrongyregion.com.ar\/diario\/wp-json\/wp\/v2\/categories?post=43429"},{"taxonomy":"post_tag","embeddable":true,"href":"https:\/\/armstrongyregion.com.ar\/diario\/wp-json\/wp\/v2\/tags?post=43429"}],"curies":[{"name":"wp","href":"https:\/\/api.w.org\/{rel}","templated":true}]}}