{"id":43424,"date":"2024-07-11T15:27:52","date_gmt":"2024-07-11T15:27:52","guid":{"rendered":"https:\/\/armstrongyregion.com.ar\/diario\/?p=43424"},"modified":"2024-07-11T15:27:54","modified_gmt":"2024-07-11T15:27:54","slug":"emiliano-gramigna-quiero-que-los-jovenes-de-mi-ciudad-salgan-en-armstrong","status":"publish","type":"post","link":"https:\/\/armstrongyregion.com.ar\/diario\/emiliano-gramigna-quiero-que-los-jovenes-de-mi-ciudad-salgan-en-armstrong\/","title":{"rendered":"Emiliano Gramigna: \u201cQuiero que los j\u00f3venes de mi ciudad salgan en Armstrong\u201d"},"content":{"rendered":"\n<figure class=\"wp-block-image size-full\"><a href=\"http:\/\/armstrongyregion.com.ar\/diario\/wp-content\/uploads\/2024\/07\/Emiliano-Gramigna-11-7-24-.jpg\"><img loading=\"lazy\" decoding=\"async\" width=\"645\" height=\"421\" src=\"http:\/\/armstrongyregion.com.ar\/diario\/wp-content\/uploads\/2024\/07\/Emiliano-Gramigna-11-7-24-.jpg\" alt=\"\" class=\"wp-image-43425\" srcset=\"https:\/\/armstrongyregion.com.ar\/diario\/wp-content\/uploads\/2024\/07\/Emiliano-Gramigna-11-7-24-.jpg 645w, https:\/\/armstrongyregion.com.ar\/diario\/wp-content\/uploads\/2024\/07\/Emiliano-Gramigna-11-7-24--300x196.jpg 300w\" sizes=\"auto, (max-width: 645px) 100vw, 645px\" \/><\/a><\/figure>\n\n\n\n<h2 class=\"wp-block-heading\">Necesidad de espacios nocturnos en la ciudad.<\/h2>\n\n\n\n<p>Emiliano Gramigna, candidato a intendente por Cambia Armstrong, ha manifestado<br>su preocupaci\u00f3n por la falta de espacios nocturnos para los j\u00f3venes de la ciudad. En<br>una reciente declaraci\u00f3n, Gramigna destac\u00f3 la necesidad urgente de crear alternativas<br>locales para evitar que los j\u00f3venes tengan que trasladarse a otras ciudades para<br>disfrutar de actividades recreativas y nocturnas.<\/p>\n\n\n\n<p>\u00abEs fundamental que nuestros j\u00f3venes tengan opciones de esparcimiento en<br>Armstrong. Actualmente, muchos de ellos se ven obligados a viajar a localidades<br>vecinas, lo cual no solo implica un riesgo en t\u00e9rminos de seguridad vial, sino tambi\u00e9n<br>un gasto considerable para sus familias\u00bb, se\u00f1al\u00f3 Gramigna. \u201cDesde nuestro espacio<br>estamos trabajando conjuntamente con los j\u00f3venes de nuestra ciudad en proyectos<br>destinados a ese sector, los cu\u00e1les van a ser anunciados en los pr\u00f3ximos d\u00edas\u201d.<br>\u00abQueremos que los j\u00f3venes puedan disfrutar de su tiempo libre aqu\u00ed, en su ciudad, de<br>manera segura y accesible\u00bb.<\/p>\n\n\n\n<p>Los costos de viajar a otras ciudades para disfrutar de la vida nocturna representan una<br>carga adicional para las familias de Armstrong. \u00abCada fin de semana, los padres deben<\/p>\n\n\n\n<p>preocuparse no solo por la seguridad de sus hijos en la ruta, sino tambi\u00e9n por los<br>costos que estos viajes implican. Esto no deber\u00eda ser necesario\u00bb, agreg\u00f3 Gramigna.<\/p>\n\n\n\n<p>Adem\u00e1s de la falta de espacios nocturnos, Gramigna subray\u00f3 la ausencia de<br>propuestas y actividades dirigidas a adolescentes y j\u00f3venes por parte del municipio.<br>\u00abEs necesario que desde la gesti\u00f3n municipal se apoyen y promuevan actividades de<br>todo tipo para nuestros j\u00f3venes. Hoy en d\u00eda, ese sector se encuentra sin<br>absolutamente ninguna propuesta. Esto tiene que cambiar\u00bb, afirm\u00f3.<\/p>\n\n\n\n<p>La iniciativa de Gramigna ha recibido el respaldo de los propios j\u00f3venes de Armstrong,<br>quienes coinciden en la necesidad de contar con m\u00e1s opciones locales. \u00abNos gustar\u00eda<br>tener lugares donde podamos ir a divertirnos sin tener que viajar lejos. Es m\u00e1s seguro y<br>tambi\u00e9n m\u00e1s econ\u00f3mico para nuestras familias\u00bb, coment\u00f3 una joven de 18 a\u00f1os.<\/p>\n\n\n\n<p>Otro joven de 20 a\u00f1os, a\u00f1adi\u00f3: \u00abSer\u00eda genial tener m\u00e1s actividades y eventos en<br>Armstrong. Nos har\u00eda sentir m\u00e1s conectados con nuestra comunidad y nos dar\u00eda m\u00e1s<br>opciones para disfrutar de nuestro tiempo libre\u00bb.<\/p>\n\n\n\n<p>Emiliano Gramigna concluy\u00f3 haciendo un llamado a la comunidad y a las autoridades<br>locales: \u00abTrabajemos juntos para ofrecer a nuestros j\u00f3venes un entorno donde puedan<br>disfrutar, crecer y sentirse seguros. Invertir en ellos es invertir en el futuro de<br>Armstrong\u00bb.<\/p>\n","protected":false},"excerpt":{"rendered":"<p>Emiliano Gramigna: \u201cQuiero que los j\u00f3venes de mi ciudad salgan en Armstrong\u201d<\/p>\n","protected":false},"author":1,"featured_media":43425,"comment_status":"open","ping_status":"open","sticky":false,"template":"","format":"image","meta":{"_jetpack_memberships_contains_paid_content":false,"footnotes":"","jetpack_publicize_message":"","jetpack_publicize_feature_enabled":true,"jetpack_social_post_already_shared":true,"jetpack_social_options":{"image_generator_settings":{"template":"highway","default_image_id":0,"enabled":false},"version":2}},"categories":[8,1,2,7,3],"tags":[20,10721,9423,15,67,8777,8598,10851],"class_list":["post-43424","post","type-post","status-publish","format-image","has-post-thumbnail","hentry","category-deliberando","category-diario-armstrong","category-locales","category-politica","category-region","tag-armstrong","tag-diario-armstrong-region","tag-emiliano-gramigna","tag-en","tag-jovenes","tag-lic-graciela-de-la-casa","tag-proyectos-2","tag-salgan","post_format-post-format-image"],"jetpack_publicize_connections":[],"jetpack_featured_media_url":"https:\/\/armstrongyregion.com.ar\/diario\/wp-content\/uploads\/2024\/07\/Emiliano-Gramigna-11-7-24-.jpg","jetpack_shortlink":"https:\/\/wp.me\/p62QDO-bio","jetpack_sharing_enabled":true,"amp_enabled":true,"_links":{"self":[{"href":"https:\/\/armstrongyregion.com.ar\/diario\/wp-json\/wp\/v2\/posts\/43424","targetHints":{"allow":["GET"]}}],"collection":[{"href":"https:\/\/armstrongyregion.com.ar\/diario\/wp-json\/wp\/v2\/posts"}],"about":[{"href":"https:\/\/armstrongyregion.com.ar\/diario\/wp-json\/wp\/v2\/types\/post"}],"author":[{"embeddable":true,"href":"https:\/\/armstrongyregion.com.ar\/diario\/wp-json\/wp\/v2\/users\/1"}],"replies":[{"embeddable":true,"href":"https:\/\/armstrongyregion.com.ar\/diario\/wp-json\/wp\/v2\/comments?post=43424"}],"version-history":[{"count":1,"href":"https:\/\/armstrongyregion.com.ar\/diario\/wp-json\/wp\/v2\/posts\/43424\/revisions"}],"predecessor-version":[{"id":43426,"href":"https:\/\/armstrongyregion.com.ar\/diario\/wp-json\/wp\/v2\/posts\/43424\/revisions\/43426"}],"wp:featuredmedia":[{"embeddable":true,"href":"https:\/\/armstrongyregion.com.ar\/diario\/wp-json\/wp\/v2\/media\/43425"}],"wp:attachment":[{"href":"https:\/\/armstrongyregion.com.ar\/diario\/wp-json\/wp\/v2\/media?parent=43424"}],"wp:term":[{"taxonomy":"category","embeddable":true,"href":"https:\/\/armstrongyregion.com.ar\/diario\/wp-json\/wp\/v2\/categories?post=43424"},{"taxonomy":"post_tag","embeddable":true,"href":"https:\/\/armstrongyregion.com.ar\/diario\/wp-json\/wp\/v2\/tags?post=43424"}],"curies":[{"name":"wp","href":"https:\/\/api.w.org\/{rel}","templated":true}]}}