{"id":43419,"date":"2024-07-11T01:12:16","date_gmt":"2024-07-11T01:12:16","guid":{"rendered":"https:\/\/armstrongyregion.com.ar\/diario\/?p=43419"},"modified":"2024-07-11T01:24:39","modified_gmt":"2024-07-11T01:24:39","slug":"el-intendente-de-armstrong-ing-guillermo-luzzi-habilito-un-nuevo-tramo-de-iluminacion-led","status":"publish","type":"post","link":"https:\/\/armstrongyregion.com.ar\/diario\/el-intendente-de-armstrong-ing-guillermo-luzzi-habilito-un-nuevo-tramo-de-iluminacion-led\/","title":{"rendered":"El intendente de Armstrong, Ing. Guillermo Luzzi habilit\u00f3 un nuevo tramo de iluminaci\u00f3n led."},"content":{"rendered":"\n<figure class=\"wp-block-image size-full\"><a href=\"http:\/\/armstrongyregion.com.ar\/diario\/wp-content\/uploads\/2024\/07\/led-10-7-24.jpg\"><img loading=\"lazy\" decoding=\"async\" width=\"708\" height=\"472\" src=\"http:\/\/armstrongyregion.com.ar\/diario\/wp-content\/uploads\/2024\/07\/led-10-7-24.jpg\" alt=\"\" class=\"wp-image-43420\" srcset=\"https:\/\/armstrongyregion.com.ar\/diario\/wp-content\/uploads\/2024\/07\/led-10-7-24.jpg 708w, https:\/\/armstrongyregion.com.ar\/diario\/wp-content\/uploads\/2024\/07\/led-10-7-24-300x200.jpg 300w\" sizes=\"auto, (max-width: 708px) 100vw, 708px\" \/><\/a><\/figure>\n\n\n\n<p>El jefe pol\u00edtico expres\u00f3: \u00abEstamos habilitando este tramo de luces led en calles Belgrano desde Sanguinetti hasta Bv. 14 de Diciembre, y en calle Bolivia entre Belgrano y Rivadavia\u00bb.<\/p>\n\n\n\n<figure class=\"wp-block-image size-full\"><a href=\"http:\/\/armstrongyregion.com.ar\/diario\/wp-content\/uploads\/2024\/07\/led-10-07-24-b.jpg\"><img loading=\"lazy\" decoding=\"async\" width=\"720\" height=\"480\" src=\"http:\/\/armstrongyregion.com.ar\/diario\/wp-content\/uploads\/2024\/07\/led-10-07-24-b.jpg\" alt=\"\" class=\"wp-image-43421\" srcset=\"https:\/\/armstrongyregion.com.ar\/diario\/wp-content\/uploads\/2024\/07\/led-10-07-24-b.jpg 720w, https:\/\/armstrongyregion.com.ar\/diario\/wp-content\/uploads\/2024\/07\/led-10-07-24-b-300x200.jpg 300w\" sizes=\"auto, (max-width: 720px) 100vw, 720px\" \/><\/a><\/figure>\n\n\n\n<p>El intendente tambi\u00e9n inform\u00f3 que en d\u00edas anteriores se hizo lo propio en calle Sanguinetti desde Belgrano hasta Paraguay, completando as\u00ed la totalidad de la arteria con este tipo de alumbrado, y en calle Paran\u00e1 desde las v\u00edas f\u00e9rreas hasta Delfo Cabrera, resaltando que se est\u00e1n reciclando y reutilizando columnas de iluminaci\u00f3n que fueron extra\u00eddas de diferentes lugares.<\/p>\n\n\n\n<p>\u00abEstos trabajos se concretan con recursos del municipio quien adelanta dinero a la Cooperativa de Obras y Servicios P\u00fablicos para la compra de artefactos mientras que esta \u00faltima va haciendo todo lo necesario como columnas y los trabajos de colocaci\u00f3n e instalaci\u00f3n de las mismas, a partir de un proyecto iniciado hace un tiempo y que prev\u00e9 la totalidad de la ciudad con esta luminaria para fines de 2025\u00bb. Explic\u00f3 Luzzi a los medios de prensa.<\/p>\n\n\n\n<p>Tambi\u00e9n remarc\u00f3: \u201dEsto habla del compromiso y trabajo en conjunto que se hace con las instituciones, en este caso, con la Cooperativa. Estamos muy contentos con el trabajo del personal de esta instituci\u00f3n. La verdad que uno siente orgullo de tener estas prestadoras de servicio en la localidad\u201d. \u00a0<\/p>\n","protected":false},"excerpt":{"rendered":"<p>El intendente de Armstrong, Ing. Guillermo Luzzi habilit\u00f3 un nuevo tramo de iluminaci\u00f3n led.<\/p>\n","protected":false},"author":1,"featured_media":43420,"comment_status":"open","ping_status":"open","sticky":false,"template":"","format":"image","meta":{"_jetpack_memberships_contains_paid_content":false,"footnotes":"","jetpack_publicize_message":"","jetpack_publicize_feature_enabled":true,"jetpack_social_post_already_shared":true,"jetpack_social_options":{"image_generator_settings":{"template":"highway","default_image_id":0,"enabled":false},"version":2}},"categories":[8,1,2,7,3],"tags":[19,5030,10848,1578,10850,8777,51,10849,192],"class_list":["post-43419","post","type-post","status-publish","format-image","has-post-thumbnail","hentry","category-deliberando","category-diario-armstrong","category-locales","category-politica","category-region","tag-de","tag-diario-armstrong","tag-el-intendente-de-armstrong","tag-habilito","tag-iluminacion-led-2","tag-lic-graciela-de-la-casa","tag-nuevo","tag-tramo","tag-un","post_format-post-format-image"],"jetpack_publicize_connections":[],"jetpack_featured_media_url":"https:\/\/armstrongyregion.com.ar\/diario\/wp-content\/uploads\/2024\/07\/led-10-7-24.jpg","jetpack_shortlink":"https:\/\/wp.me\/p62QDO-bij","jetpack_sharing_enabled":true,"amp_enabled":true,"_links":{"self":[{"href":"https:\/\/armstrongyregion.com.ar\/diario\/wp-json\/wp\/v2\/posts\/43419","targetHints":{"allow":["GET"]}}],"collection":[{"href":"https:\/\/armstrongyregion.com.ar\/diario\/wp-json\/wp\/v2\/posts"}],"about":[{"href":"https:\/\/armstrongyregion.com.ar\/diario\/wp-json\/wp\/v2\/types\/post"}],"author":[{"embeddable":true,"href":"https:\/\/armstrongyregion.com.ar\/diario\/wp-json\/wp\/v2\/users\/1"}],"replies":[{"embeddable":true,"href":"https:\/\/armstrongyregion.com.ar\/diario\/wp-json\/wp\/v2\/comments?post=43419"}],"version-history":[{"count":2,"href":"https:\/\/armstrongyregion.com.ar\/diario\/wp-json\/wp\/v2\/posts\/43419\/revisions"}],"predecessor-version":[{"id":43423,"href":"https:\/\/armstrongyregion.com.ar\/diario\/wp-json\/wp\/v2\/posts\/43419\/revisions\/43423"}],"wp:featuredmedia":[{"embeddable":true,"href":"https:\/\/armstrongyregion.com.ar\/diario\/wp-json\/wp\/v2\/media\/43420"}],"wp:attachment":[{"href":"https:\/\/armstrongyregion.com.ar\/diario\/wp-json\/wp\/v2\/media?parent=43419"}],"wp:term":[{"taxonomy":"category","embeddable":true,"href":"https:\/\/armstrongyregion.com.ar\/diario\/wp-json\/wp\/v2\/categories?post=43419"},{"taxonomy":"post_tag","embeddable":true,"href":"https:\/\/armstrongyregion.com.ar\/diario\/wp-json\/wp\/v2\/tags?post=43419"}],"curies":[{"name":"wp","href":"https:\/\/api.w.org\/{rel}","templated":true}]}}