{"id":43416,"date":"2024-07-10T13:44:20","date_gmt":"2024-07-10T13:44:20","guid":{"rendered":"https:\/\/armstrongyregion.com.ar\/diario\/?p=43416"},"modified":"2024-07-10T13:44:23","modified_gmt":"2024-07-10T13:44:23","slug":"clara-garcia-santa-fe-esta-en-marcha-con-un-proyecto-de-gobierno-y-cerca-de-la-gente","status":"publish","type":"post","link":"https:\/\/armstrongyregion.com.ar\/diario\/clara-garcia-santa-fe-esta-en-marcha-con-un-proyecto-de-gobierno-y-cerca-de-la-gente\/","title":{"rendered":"Clara Garc\u00eda: \u00abSanta F\u00e9 est\u00e1 en marcha, con un proyecto de gobierno y cerca de la gente\u00bb"},"content":{"rendered":"\n<figure class=\"wp-block-image size-full\"><a href=\"http:\/\/armstrongyregion.com.ar\/diario\/wp-content\/uploads\/2024\/07\/CLARA-GARCIA-10-9-24-.jpg\"><img loading=\"lazy\" decoding=\"async\" width=\"640\" height=\"426\" src=\"http:\/\/armstrongyregion.com.ar\/diario\/wp-content\/uploads\/2024\/07\/CLARA-GARCIA-10-9-24-.jpg\" alt=\"\" class=\"wp-image-43417\" srcset=\"https:\/\/armstrongyregion.com.ar\/diario\/wp-content\/uploads\/2024\/07\/CLARA-GARCIA-10-9-24-.jpg 640w, https:\/\/armstrongyregion.com.ar\/diario\/wp-content\/uploads\/2024\/07\/CLARA-GARCIA-10-9-24--300x200.jpg 300w\" sizes=\"auto, (max-width: 640px) 100vw, 640px\" \/><\/a><\/figure>\n\n\n\n<p>La presidenta de la C\u00e1mara de Diputadas y Diputados particip\u00f3 junto al gobernador Pullaro del acto por la Declaraci\u00f3n de la Independencia Nacional realizado en Rafaela. Antes comparti\u00f3 un encuentro con representantes de la sociedad civil de la ciudad. <\/p>\n\n\n\n<p>\u201cLa pol\u00edtica se hace estando cerca, dialogando, escuchando, mirando a la cara a los santafesinos y santafesinas de cada rinc\u00f3n de la provincia\u201d, dijo.<\/p>\n\n\n\n<p>La presidenta de la C\u00e1mara de Diputadas y Diputados, Clara Garc\u00eda, estuvo presente junto al gobernador Maximiliano Pullaro y dem\u00e1s integrantes del gobierno en el acto por el 208\u00ba aniversario de la Declaraci\u00f3n de la Independencia Nacional realizado en Rafaela. Previamente particip\u00f3 de un encuentro del gabinete provincial y el intendente Leonardo Viotti con representantes de la sociedad civil de la ciudad, que tuvo lugar en el Complejo Cultural del Viejo Mercado. <\/p>\n\n\n\n<p>\u201cEl 9 de Julio nos encuentra en Rafaela desde que el exgobernador Hermes Binner decidi\u00f3 que cada fiesta patria ten\u00eda que celebrarse en una regi\u00f3n distinta de la provincia y eligi\u00f3 esta fecha para esta querida ciudad\u201d, record\u00f3 la legisladora y remarc\u00f3: \u201cLa pol\u00edtica se hace estando cerca, dialogando, escuchando, mirando a la cara a los santafesinos y santafesinas de cada rinc\u00f3n de la provincia. Eso es una marca del gobierno de Unidos, algo en lo que coincidimos el gobernador, que es radical; la vicegobernadora Gisela Scaglia, que pertenece al PRO; y yo como presidenta de la C\u00e1mara de Diputadas y Diputados, que provengo del socialismo\u201d.<\/p>\n\n\n\n<p> En declaraciones period\u00edsticas, Garc\u00eda realz\u00f3 la gesti\u00f3n provincial en un contexto social y econ\u00f3mico complicado, y con el severo ajuste de recursos dispuesto por el gobierno nacional. \u201cPese a los distintos recortes aplicados por el gobierno nacional, en Santa Fe hay un gobierno en marcha en lo productivo, en lo educativo, en materia de salud y obra p\u00fablica. A diferencia del pa\u00eds y de otras provincias, ya est\u00e1 invirtiendo en obras de infraestructura de una manera notoria y eso no solo le va a mejorarle la vida a la gente sino que, adem\u00e1s, genera empleo en un momento tan complicado. Como dijimos durante la campa\u00f1a, Unidos ten\u00eda equipos con experiencia profesional y pol\u00edtica y hab\u00eda proyectos para cada \u00e1rea que son los que hoy se est\u00e1n llevando adelante\u201d, se\u00f1al\u00f3 y se esperanz\u00f3 en que la Naci\u00f3n cumpla el convenio firmado con Pullaro donde se compromete a terminar algunas obras iniciadas mientras que cede la finalizaci\u00f3n de otras a la provincia.<\/p>\n\n\n\n<p> En relaci\u00f3n al Pacto de Mayo rubricado por Milei y 18 gobernadores, entre ellos el de Santa Fe, Garc\u00eda valor\u00f3 \u201cel gesto institucional de encontrar puntos de acuerdo; es positivo\u201d. Pero advirti\u00f3 que \u201clos verdaderos acuerdos de un pa\u00eds tienen que ver con actitudes y compromisos a futuro, no solo con la firma de un documento. Creo en los pactos que se gestan de manera colectiva, a puertas abiertas, de manera transparente, con la participaci\u00f3n de la gente\u201d. <\/p>\n\n\n\n<p>En ese marco, Garc\u00eda hizo referencia a una serie de cuestiones perjudiciales para Santa Fe ante las cuales se plantaron tanto desde la provincia como desde el Congreso de la Naci\u00f3n. \u201cAh\u00ed estuvieron nuestro gobernador y nuestros diputados nacionales M\u00f3nica Fein y Esteban Paul\u00f3n para oponerse a un aumento de las retenciones al campo, para reclamar como Regi\u00f3n Centro, junto a C\u00f3rdoba y Entre R\u00edos, los fondos que nos corresponden por ley para cubrir el d\u00e9ficit de las respectivas cajas previsionales, para instar a que se retomen obras de infraestructura, para que el acta firmada incluyera un punto dedicado a la educaci\u00f3n\u201d, enumer\u00f3. <\/p>\n\n\n\n<p>\u201cSanta Fe tiene mucho para aportar a un pa\u00eds federal que se desarrolle en cada territorio. El propio gobernador Pullaro naci\u00f3 en el interior de la provincia y su mirada tiene que ver con el esfuerzo y el sacrificio que demandan los lugares m\u00e1s peque\u00f1os para crecer, una perspectiva tambi\u00e9n vinculada a la cultura de la inmigraci\u00f3n\u201d, analiz\u00f3 la diputada provincial en sus declaraciones y record\u00f3 que Santa Fe no particip\u00f3 del Congreso de Tucum\u00e1n de 1816 porque integraba la Liga de las Provincias Libres. \u201cYa desde entonces persegu\u00edamos un modelo de federalismo y desarrollo del interior del pa\u00eds que no era el que propon\u00edan el poder central. Todav\u00eda nos debemos un pa\u00eds verdaderamente federal, que pueda desplegar su potencial humano y productivo\u201d, consider\u00f3.<\/p>\n\n\n\n<figure class=\"wp-block-table\"><table><tbody><tr><td><img decoding=\"async\" src=\"https:\/\/lh3.googleusercontent.com\/a\/ACg8ocKRgFiKwHDcEa-EqycMpdW4Xab_QpUt7v0hTYW73uvDJz7HQI4=s40-p\"><\/td><td><\/td><\/tr><\/tbody><\/table><\/figure>\n","protected":false},"excerpt":{"rendered":"<p>Clara Garc\u00eda: \u00abSanta F\u00e9 est\u00e1 en marcha, con un proyecto de gobierno y cerca de la gente\u00bb<\/p>\n","protected":false},"author":1,"featured_media":43417,"comment_status":"open","ping_status":"open","sticky":false,"template":"","format":"image","meta":{"_jetpack_memberships_contains_paid_content":false,"footnotes":"","jetpack_publicize_message":"","jetpack_publicize_feature_enabled":true,"jetpack_social_post_already_shared":true,"jetpack_social_options":{"image_generator_settings":{"template":"highway","default_image_id":0,"enabled":false},"version":2}},"categories":[8,1,2,3],"tags":[9196,5030,15,94,8777,276,9244],"class_list":["post-43416","post","type-post","status-publish","format-image","has-post-thumbnail","hentry","category-deliberando","category-diario-armstrong","category-locales","category-region","tag-clara-garcia","tag-diario-armstrong","tag-en","tag-esta","tag-lic-graciela-de-la-casa","tag-marcha","tag-santa-fe-2","post_format-post-format-image"],"jetpack_publicize_connections":[],"jetpack_featured_media_url":"https:\/\/armstrongyregion.com.ar\/diario\/wp-content\/uploads\/2024\/07\/CLARA-GARCIA-10-9-24-.jpg","jetpack_shortlink":"https:\/\/wp.me\/p62QDO-big","jetpack_sharing_enabled":true,"amp_enabled":true,"_links":{"self":[{"href":"https:\/\/armstrongyregion.com.ar\/diario\/wp-json\/wp\/v2\/posts\/43416","targetHints":{"allow":["GET"]}}],"collection":[{"href":"https:\/\/armstrongyregion.com.ar\/diario\/wp-json\/wp\/v2\/posts"}],"about":[{"href":"https:\/\/armstrongyregion.com.ar\/diario\/wp-json\/wp\/v2\/types\/post"}],"author":[{"embeddable":true,"href":"https:\/\/armstrongyregion.com.ar\/diario\/wp-json\/wp\/v2\/users\/1"}],"replies":[{"embeddable":true,"href":"https:\/\/armstrongyregion.com.ar\/diario\/wp-json\/wp\/v2\/comments?post=43416"}],"version-history":[{"count":1,"href":"https:\/\/armstrongyregion.com.ar\/diario\/wp-json\/wp\/v2\/posts\/43416\/revisions"}],"predecessor-version":[{"id":43418,"href":"https:\/\/armstrongyregion.com.ar\/diario\/wp-json\/wp\/v2\/posts\/43416\/revisions\/43418"}],"wp:featuredmedia":[{"embeddable":true,"href":"https:\/\/armstrongyregion.com.ar\/diario\/wp-json\/wp\/v2\/media\/43417"}],"wp:attachment":[{"href":"https:\/\/armstrongyregion.com.ar\/diario\/wp-json\/wp\/v2\/media?parent=43416"}],"wp:term":[{"taxonomy":"category","embeddable":true,"href":"https:\/\/armstrongyregion.com.ar\/diario\/wp-json\/wp\/v2\/categories?post=43416"},{"taxonomy":"post_tag","embeddable":true,"href":"https:\/\/armstrongyregion.com.ar\/diario\/wp-json\/wp\/v2\/tags?post=43416"}],"curies":[{"name":"wp","href":"https:\/\/api.w.org\/{rel}","templated":true}]}}