{"id":43411,"date":"2024-07-10T13:38:27","date_gmt":"2024-07-10T13:38:27","guid":{"rendered":"https:\/\/armstrongyregion.com.ar\/diario\/?p=43411"},"modified":"2024-07-10T13:38:30","modified_gmt":"2024-07-10T13:38:30","slug":"el-intendente-luzzi-encabezo-el-acto-por-el-dia-de-la-independencia","status":"publish","type":"post","link":"https:\/\/armstrongyregion.com.ar\/diario\/el-intendente-luzzi-encabezo-el-acto-por-el-dia-de-la-independencia\/","title":{"rendered":"El intendente Luzzi encabez\u00f3 el acto por el D\u00eda de la Independencia."},"content":{"rendered":"\n<p><\/p>\n\n\n\n<figure class=\"wp-block-image size-full\"><a href=\"http:\/\/armstrongyregion.com.ar\/diario\/wp-content\/uploads\/2024\/07\/09.07-06-1.jpg\"><img loading=\"lazy\" decoding=\"async\" width=\"684\" height=\"456\" src=\"http:\/\/armstrongyregion.com.ar\/diario\/wp-content\/uploads\/2024\/07\/09.07-06-1.jpg\" alt=\"\" class=\"wp-image-43412\" srcset=\"https:\/\/armstrongyregion.com.ar\/diario\/wp-content\/uploads\/2024\/07\/09.07-06-1.jpg 684w, https:\/\/armstrongyregion.com.ar\/diario\/wp-content\/uploads\/2024\/07\/09.07-06-1-300x200.jpg 300w\" sizes=\"auto, (max-width: 684px) 100vw, 684px\" \/><\/a><\/figure>\n\n\n\n<p>El martes 9 de julio en el sal\u00f3n Delmo Dar\u00f3 la comunidad de Armstrong celebr\u00f3 los 208 a\u00f1os de la<br>Independencia de nuestro pa\u00eds con un acto oficial realizado por el municipio local.<\/p>\n\n\n\n<figure class=\"wp-block-image size-full\"><a href=\"http:\/\/armstrongyregion.com.ar\/diario\/wp-content\/uploads\/2024\/07\/09.07-10.jpg\"><img loading=\"lazy\" decoding=\"async\" width=\"722\" height=\"482\" src=\"http:\/\/armstrongyregion.com.ar\/diario\/wp-content\/uploads\/2024\/07\/09.07-10.jpg\" alt=\"\" class=\"wp-image-43413\" srcset=\"https:\/\/armstrongyregion.com.ar\/diario\/wp-content\/uploads\/2024\/07\/09.07-10.jpg 722w, https:\/\/armstrongyregion.com.ar\/diario\/wp-content\/uploads\/2024\/07\/09.07-10-300x200.jpg 300w\" sizes=\"auto, (max-width: 722px) 100vw, 722px\" \/><\/a><\/figure>\n\n\n\n<p><br>Con la presencia de autoridades, abanderados y representantes de las instituciones, y p\u00fablico en<br>general, se enton\u00f3 el Himno Nacional y el Intendente Guillermo Luzzi hizo uso de la palabra.<br>En un fragmento de su discurso dijo: \u201cEsta es una oportunidad para celebrar no s\u00f3lo nuestra<br>identidad nacional, nuestra diversidad cultural y nuestra rica historia, sino que tambi\u00e9n es la<br>coyuntura para renovar nuestro compromiso con los valores de libertad, igualdad y justicia que nos<br>gu\u00edan como sociedad, honrando a nuestros h\u00e9roes y hero\u00ednas, recordando sus sacrificios y su<br>dedicaci\u00f3n por esta enorme causa, e inspirarnos con su ejemplo para seguir construyendo un pa\u00eds<br>m\u00e1s justo y pr\u00f3spero para todos\u201d.<\/p>\n\n\n\n<figure class=\"wp-block-image size-full\"><a href=\"http:\/\/armstrongyregion.com.ar\/diario\/wp-content\/uploads\/2024\/07\/09.07-01.jpg\"><img loading=\"lazy\" decoding=\"async\" width=\"725\" height=\"484\" src=\"http:\/\/armstrongyregion.com.ar\/diario\/wp-content\/uploads\/2024\/07\/09.07-01.jpg\" alt=\"\" class=\"wp-image-43414\" srcset=\"https:\/\/armstrongyregion.com.ar\/diario\/wp-content\/uploads\/2024\/07\/09.07-01.jpg 725w, https:\/\/armstrongyregion.com.ar\/diario\/wp-content\/uploads\/2024\/07\/09.07-01-300x200.jpg 300w\" sizes=\"auto, (max-width: 725px) 100vw, 725px\" \/><\/a><\/figure>\n","protected":false},"excerpt":{"rendered":"<p>El martes 9 de julio en el sal\u00f3n Delmo Dar\u00f3 la comunidad de Armstrong celebr\u00f3 los 208 a\u00f1os de laIndependencia de nuestro pa\u00eds con un acto oficial realizado por el municipio local. Con la presencia de autoridades, abanderados y representantes de las instituciones, y p\u00fablico engeneral, se enton\u00f3 el Himno Nacional y el Intendente Guillermo <a href=\"https:\/\/armstrongyregion.com.ar\/diario\/el-intendente-luzzi-encabezo-el-acto-por-el-dia-de-la-independencia\/\" title=\"Read more\" >&#8230;<\/a><\/p>\n","protected":false},"author":1,"featured_media":43412,"comment_status":"open","ping_status":"open","sticky":false,"template":"","format":"image","meta":{"_jetpack_memberships_contains_paid_content":false,"footnotes":"","jetpack_publicize_message":"","jetpack_publicize_feature_enabled":true,"jetpack_social_post_already_shared":true,"jetpack_social_options":{"image_generator_settings":{"template":"highway","default_image_id":0,"enabled":false},"version":2}},"categories":[8,1,2,7,3],"tags":[1212,19,8609,16,10459,10847,8735,60],"class_list":["post-43411","post","type-post","status-publish","format-image","has-post-thumbnail","hentry","category-deliberando","category-diario-armstrong","category-locales","category-politica","category-region","tag-acto","tag-de","tag-dia-2","tag-el","tag-encabeo","tag-la-independencia","tag-luzzi","tag-por","post_format-post-format-image"],"jetpack_publicize_connections":[],"jetpack_featured_media_url":"https:\/\/armstrongyregion.com.ar\/diario\/wp-content\/uploads\/2024\/07\/09.07-06-1.jpg","jetpack_shortlink":"https:\/\/wp.me\/p62QDO-bib","jetpack_sharing_enabled":true,"amp_enabled":true,"_links":{"self":[{"href":"https:\/\/armstrongyregion.com.ar\/diario\/wp-json\/wp\/v2\/posts\/43411","targetHints":{"allow":["GET"]}}],"collection":[{"href":"https:\/\/armstrongyregion.com.ar\/diario\/wp-json\/wp\/v2\/posts"}],"about":[{"href":"https:\/\/armstrongyregion.com.ar\/diario\/wp-json\/wp\/v2\/types\/post"}],"author":[{"embeddable":true,"href":"https:\/\/armstrongyregion.com.ar\/diario\/wp-json\/wp\/v2\/users\/1"}],"replies":[{"embeddable":true,"href":"https:\/\/armstrongyregion.com.ar\/diario\/wp-json\/wp\/v2\/comments?post=43411"}],"version-history":[{"count":1,"href":"https:\/\/armstrongyregion.com.ar\/diario\/wp-json\/wp\/v2\/posts\/43411\/revisions"}],"predecessor-version":[{"id":43415,"href":"https:\/\/armstrongyregion.com.ar\/diario\/wp-json\/wp\/v2\/posts\/43411\/revisions\/43415"}],"wp:featuredmedia":[{"embeddable":true,"href":"https:\/\/armstrongyregion.com.ar\/diario\/wp-json\/wp\/v2\/media\/43412"}],"wp:attachment":[{"href":"https:\/\/armstrongyregion.com.ar\/diario\/wp-json\/wp\/v2\/media?parent=43411"}],"wp:term":[{"taxonomy":"category","embeddable":true,"href":"https:\/\/armstrongyregion.com.ar\/diario\/wp-json\/wp\/v2\/categories?post=43411"},{"taxonomy":"post_tag","embeddable":true,"href":"https:\/\/armstrongyregion.com.ar\/diario\/wp-json\/wp\/v2\/tags?post=43411"}],"curies":[{"name":"wp","href":"https:\/\/api.w.org\/{rel}","templated":true}]}}