{"id":43406,"date":"2024-07-10T13:31:33","date_gmt":"2024-07-10T13:31:33","guid":{"rendered":"https:\/\/armstrongyregion.com.ar\/diario\/?p=43406"},"modified":"2024-07-10T13:31:36","modified_gmt":"2024-07-10T13:31:36","slug":"encuentro-infantil-de-expresion-corporal-en-las-vacaciones-de-invierno","status":"publish","type":"post","link":"https:\/\/armstrongyregion.com.ar\/diario\/encuentro-infantil-de-expresion-corporal-en-las-vacaciones-de-invierno\/","title":{"rendered":"Encuentro Infantil de Expresi\u00f3n Corporal en las Vacaciones de Invierno."},"content":{"rendered":"\n<figure class=\"wp-block-image size-full\"><a href=\"http:\/\/armstrongyregion.com.ar\/diario\/wp-content\/uploads\/2024\/07\/NINOS-ENCUENTRO-1-.jpg\"><img loading=\"lazy\" decoding=\"async\" width=\"645\" height=\"406\" src=\"http:\/\/armstrongyregion.com.ar\/diario\/wp-content\/uploads\/2024\/07\/NINOS-ENCUENTRO-1-.jpg\" alt=\"\" class=\"wp-image-43407\" srcset=\"https:\/\/armstrongyregion.com.ar\/diario\/wp-content\/uploads\/2024\/07\/NINOS-ENCUENTRO-1-.jpg 645w, https:\/\/armstrongyregion.com.ar\/diario\/wp-content\/uploads\/2024\/07\/NINOS-ENCUENTRO-1--300x189.jpg 300w\" sizes=\"auto, (max-width: 645px) 100vw, 645px\" \/><\/a><\/figure>\n\n\n\n<p>En un evento lleno de energ\u00eda y creatividad, Cambia Armstrong dio inicio a su programa de<br>actividades para ni\u00f1os durante las vacaciones de invierno. Este 9 de julio, en conmemoraci\u00f3n<br>del D\u00eda de la Independencia, se llev\u00f3 a cabo un \u00abEncuentro de Expresi\u00f3n Corporal con cuentos<br>y m\u00fasica alusiva al d\u00eda patrio\u00bb. La actividad estuvo a cargo de la Psic\u00f3loga y Profesora<br>Amaranta Freites Micheletto, quien ofreci\u00f3 una experiencia enriquecedora para los peque\u00f1os<br>asistentes.<\/p>\n\n\n\n<figure class=\"wp-block-image size-full\"><a href=\"http:\/\/armstrongyregion.com.ar\/diario\/wp-content\/uploads\/2024\/07\/NINOS-ENCUENTRO-2-.jpg\"><img loading=\"lazy\" decoding=\"async\" width=\"645\" height=\"383\" src=\"http:\/\/armstrongyregion.com.ar\/diario\/wp-content\/uploads\/2024\/07\/NINOS-ENCUENTRO-2-.jpg\" alt=\"\" class=\"wp-image-43408\" srcset=\"https:\/\/armstrongyregion.com.ar\/diario\/wp-content\/uploads\/2024\/07\/NINOS-ENCUENTRO-2-.jpg 645w, https:\/\/armstrongyregion.com.ar\/diario\/wp-content\/uploads\/2024\/07\/NINOS-ENCUENTRO-2--300x178.jpg 300w\" sizes=\"auto, (max-width: 645px) 100vw, 645px\" \/><\/a><\/figure>\n\n\n\n<p>El evento, dise\u00f1ado para fomentar la creatividad y la expresi\u00f3n libre de los ni\u00f1os, combin\u00f3<br>narraciones de cuentos patrios con ejercicios de expresi\u00f3n corporal y m\u00fasica tem\u00e1tica. Los<br>ni\u00f1os no solo disfrutaron de una jornada l\u00fadica y educativa, sino que tambi\u00e9n tuvieron la<br>oportunidad de conectar con la historia y cultura de su pa\u00eds de una manera interactiva y<br>divertida.<\/p>\n\n\n\n<figure class=\"wp-block-image size-full\"><a href=\"http:\/\/armstrongyregion.com.ar\/diario\/wp-content\/uploads\/2024\/07\/NINOS-ENCUENTRO-3-.jpg\"><img loading=\"lazy\" decoding=\"async\" width=\"599\" height=\"325\" src=\"http:\/\/armstrongyregion.com.ar\/diario\/wp-content\/uploads\/2024\/07\/NINOS-ENCUENTRO-3-.jpg\" alt=\"\" class=\"wp-image-43409\" srcset=\"https:\/\/armstrongyregion.com.ar\/diario\/wp-content\/uploads\/2024\/07\/NINOS-ENCUENTRO-3-.jpg 599w, https:\/\/armstrongyregion.com.ar\/diario\/wp-content\/uploads\/2024\/07\/NINOS-ENCUENTRO-3--300x163.jpg 300w\" sizes=\"auto, (max-width: 599px) 100vw, 599px\" \/><\/a><\/figure>\n\n\n\n<p>Cambia Armstrong, con Emi Gramigna, reafirma su compromiso con la comunidad, brindando<br>espacios de aprendizaje y esparcimiento para los m\u00e1s j\u00f3venes. Este primer encuentro es solo el<br>inicio de una serie de actividades planeadas para estas vacaciones, con el objetivo de ofrecer<br>propuestas culturales y recreativas que enriquezcan el tiempo libre de los ni\u00f1os y fortalezcan<br>el tejido social de nuestra ciudad.<\/p>\n","protected":false},"excerpt":{"rendered":"<p>Encuentro Infantil de Expresi\u00f3n Corporal en las Vacaciones de Invierno.<\/p>\n","protected":false},"author":1,"featured_media":43407,"comment_status":"open","ping_status":"open","sticky":false,"template":"","format":"image","meta":{"_jetpack_memberships_contains_paid_content":false,"footnotes":"","jetpack_publicize_message":"","jetpack_publicize_feature_enabled":true,"jetpack_social_post_already_shared":true,"jetpack_social_options":{"image_generator_settings":{"template":"highway","default_image_id":0,"enabled":false},"version":2}},"categories":[8,1,2,7,3],"tags":[19,10721,63,1547,795,8777,10846],"class_list":["post-43406","post","type-post","status-publish","format-image","has-post-thumbnail","hentry","category-deliberando","category-diario-armstrong","category-locales","category-politica","category-region","tag-de","tag-diario-armstrong-region","tag-encuentro","tag-expresion","tag-infantil","tag-lic-graciela-de-la-casa","tag-vacaciones-de-invierno","post_format-post-format-image"],"jetpack_publicize_connections":[],"jetpack_featured_media_url":"https:\/\/armstrongyregion.com.ar\/diario\/wp-content\/uploads\/2024\/07\/NINOS-ENCUENTRO-1-.jpg","jetpack_shortlink":"https:\/\/wp.me\/p62QDO-bi6","jetpack_sharing_enabled":true,"amp_enabled":true,"_links":{"self":[{"href":"https:\/\/armstrongyregion.com.ar\/diario\/wp-json\/wp\/v2\/posts\/43406","targetHints":{"allow":["GET"]}}],"collection":[{"href":"https:\/\/armstrongyregion.com.ar\/diario\/wp-json\/wp\/v2\/posts"}],"about":[{"href":"https:\/\/armstrongyregion.com.ar\/diario\/wp-json\/wp\/v2\/types\/post"}],"author":[{"embeddable":true,"href":"https:\/\/armstrongyregion.com.ar\/diario\/wp-json\/wp\/v2\/users\/1"}],"replies":[{"embeddable":true,"href":"https:\/\/armstrongyregion.com.ar\/diario\/wp-json\/wp\/v2\/comments?post=43406"}],"version-history":[{"count":1,"href":"https:\/\/armstrongyregion.com.ar\/diario\/wp-json\/wp\/v2\/posts\/43406\/revisions"}],"predecessor-version":[{"id":43410,"href":"https:\/\/armstrongyregion.com.ar\/diario\/wp-json\/wp\/v2\/posts\/43406\/revisions\/43410"}],"wp:featuredmedia":[{"embeddable":true,"href":"https:\/\/armstrongyregion.com.ar\/diario\/wp-json\/wp\/v2\/media\/43407"}],"wp:attachment":[{"href":"https:\/\/armstrongyregion.com.ar\/diario\/wp-json\/wp\/v2\/media?parent=43406"}],"wp:term":[{"taxonomy":"category","embeddable":true,"href":"https:\/\/armstrongyregion.com.ar\/diario\/wp-json\/wp\/v2\/categories?post=43406"},{"taxonomy":"post_tag","embeddable":true,"href":"https:\/\/armstrongyregion.com.ar\/diario\/wp-json\/wp\/v2\/tags?post=43406"}],"curies":[{"name":"wp","href":"https:\/\/api.w.org\/{rel}","templated":true}]}}