{"id":43401,"date":"2024-07-10T13:22:34","date_gmt":"2024-07-10T13:22:34","guid":{"rendered":"https:\/\/armstrongyregion.com.ar\/diario\/?p=43401"},"modified":"2024-07-10T13:22:38","modified_gmt":"2024-07-10T13:22:38","slug":"armstrong-se-presento-oficialmente-el-medio-maraton-delfo-cabrera","status":"publish","type":"post","link":"https:\/\/armstrongyregion.com.ar\/diario\/armstrong-se-presento-oficialmente-el-medio-maraton-delfo-cabrera\/","title":{"rendered":"Armstrong. Se present\u00f3 oficialmente el medio Marat\u00f3n Delfo Cabrera."},"content":{"rendered":"\n<figure class=\"wp-block-image size-full\"><a href=\"http:\/\/armstrongyregion.com.ar\/diario\/wp-content\/uploads\/2024\/07\/08.07-14-A.jpg\"><img loading=\"lazy\" decoding=\"async\" width=\"706\" height=\"471\" src=\"http:\/\/armstrongyregion.com.ar\/diario\/wp-content\/uploads\/2024\/07\/08.07-14-A.jpg\" alt=\"\" class=\"wp-image-43402\" srcset=\"https:\/\/armstrongyregion.com.ar\/diario\/wp-content\/uploads\/2024\/07\/08.07-14-A.jpg 706w, https:\/\/armstrongyregion.com.ar\/diario\/wp-content\/uploads\/2024\/07\/08.07-14-A-300x200.jpg 300w\" sizes=\"auto, (max-width: 706px) 100vw, 706px\" \/><\/a><\/figure>\n\n\n\n<p>El pasado lunes 8 de julio en el auditorio Delmo Dar\u00f3, se present\u00f3 de manera oficial la media<br>Marat\u00f3n Delfo Cabrera, a poco menos de un mes de su realizaci\u00f3n N\u00b0 20, un evento que enorgullece<br>a todos los armstronenses.<\/p>\n\n\n\n<figure class=\"wp-block-image size-full\"><a href=\"http:\/\/armstrongyregion.com.ar\/diario\/wp-content\/uploads\/2024\/07\/08.07-24B.jpg\"><img loading=\"lazy\" decoding=\"async\" width=\"725\" height=\"484\" src=\"http:\/\/armstrongyregion.com.ar\/diario\/wp-content\/uploads\/2024\/07\/08.07-24B.jpg\" alt=\"\" class=\"wp-image-43403\" srcset=\"https:\/\/armstrongyregion.com.ar\/diario\/wp-content\/uploads\/2024\/07\/08.07-24B.jpg 725w, https:\/\/armstrongyregion.com.ar\/diario\/wp-content\/uploads\/2024\/07\/08.07-24B-300x200.jpg 300w\" sizes=\"auto, (max-width: 725px) 100vw, 725px\" \/><\/a><\/figure>\n\n\n\n<p><br>En la oportunidad se present\u00f3 la hermosa remera que se entregar\u00e1 a los participantes de la edici\u00f3n<br>2024 y se brindaron detalles de la competencia.<br>Organizado por la Municipalidad de Armstrong y fiscalizado por la Asociaci\u00f3n Rosarina de Atletismo<br>(A.R.D.A.), la largada ser\u00e1 a las 9 hs. en Plaza Flotron, por calle Fischer entre H. Irigoyen y Lisandro de<br>la Torre.<\/p>\n\n\n\n<figure class=\"wp-block-image size-full\"><a href=\"http:\/\/armstrongyregion.com.ar\/diario\/wp-content\/uploads\/2024\/07\/MARATON-C-.jpg\"><img loading=\"lazy\" decoding=\"async\" width=\"504\" height=\"378\" src=\"http:\/\/armstrongyregion.com.ar\/diario\/wp-content\/uploads\/2024\/07\/MARATON-C-.jpg\" alt=\"\" class=\"wp-image-43404\" srcset=\"https:\/\/armstrongyregion.com.ar\/diario\/wp-content\/uploads\/2024\/07\/MARATON-C-.jpg 504w, https:\/\/armstrongyregion.com.ar\/diario\/wp-content\/uploads\/2024\/07\/MARATON-C--300x225.jpg 300w\" sizes=\"auto, (max-width: 504px) 100vw, 504px\" \/><\/a><\/figure>\n\n\n\n<p><br>El circuito callejero estar\u00e1 marcado, se\u00f1alizado, con banderilleros y fiscalizadores en todo su<br>trayecto, recordando que desde el a\u00f1o pasado las distancias competitivas de 10K y 21K son<br>certificadas, mientas que el circuito integrativo no competitivo ser\u00e1 de 6 k.<br>En este evento tanto el Intendente Guillermo Luzzi como la Secretaria de Educaci\u00f3n y Desarrollo<br>Integral Rosana Siri hicieron uso de la palabra, haciendo un repaso por la historia de estas 20<br>ediciones y palpitando lo que suceder\u00e1 el pr\u00f3ximo domingo 4 de agosto.<br>Fue este el momento para anunciar la creaci\u00f3n de un predio que llevar\u00e1 el nombre Delfo Cabrera,<br>ubicado lindante al Paseo Saludable \u201cRen\u00e9 Favaloro\u201d y donde ya se est\u00e1 construyendo una pista de<br>atletismo con medidas oficiales, noticia que celebraron los atletas y p\u00fablico que se encontraban<br>presentes.<\/p>\n","protected":false},"excerpt":{"rendered":"<p>Armstrong. Se present\u00f3 oficialmente el medio Marat\u00f3n Delfo Cabrera.<\/p>\n","protected":false},"author":1,"featured_media":43403,"comment_status":"open","ping_status":"open","sticky":false,"template":"","format":"image","meta":{"_jetpack_memberships_contains_paid_content":false,"footnotes":"","jetpack_publicize_message":"","jetpack_publicize_feature_enabled":true,"jetpack_social_post_already_shared":true,"jetpack_social_options":{"image_generator_settings":{"template":"highway","default_image_id":0,"enabled":false},"version":2}},"categories":[8,1,2,7,3],"tags":[9565,1563,10721,8777,1562],"class_list":["post-43401","post","type-post","status-publish","format-image","has-post-thumbnail","hentry","category-deliberando","category-diario-armstrong","category-locales","category-politica","category-region","tag-cabrera-2","tag-delfo","tag-diario-armstrong-region","tag-lic-graciela-de-la-casa","tag-maraton","post_format-post-format-image"],"jetpack_publicize_connections":[],"jetpack_featured_media_url":"https:\/\/armstrongyregion.com.ar\/diario\/wp-content\/uploads\/2024\/07\/08.07-24B.jpg","jetpack_shortlink":"https:\/\/wp.me\/p62QDO-bi1","jetpack_sharing_enabled":true,"amp_enabled":true,"_links":{"self":[{"href":"https:\/\/armstrongyregion.com.ar\/diario\/wp-json\/wp\/v2\/posts\/43401","targetHints":{"allow":["GET"]}}],"collection":[{"href":"https:\/\/armstrongyregion.com.ar\/diario\/wp-json\/wp\/v2\/posts"}],"about":[{"href":"https:\/\/armstrongyregion.com.ar\/diario\/wp-json\/wp\/v2\/types\/post"}],"author":[{"embeddable":true,"href":"https:\/\/armstrongyregion.com.ar\/diario\/wp-json\/wp\/v2\/users\/1"}],"replies":[{"embeddable":true,"href":"https:\/\/armstrongyregion.com.ar\/diario\/wp-json\/wp\/v2\/comments?post=43401"}],"version-history":[{"count":1,"href":"https:\/\/armstrongyregion.com.ar\/diario\/wp-json\/wp\/v2\/posts\/43401\/revisions"}],"predecessor-version":[{"id":43405,"href":"https:\/\/armstrongyregion.com.ar\/diario\/wp-json\/wp\/v2\/posts\/43401\/revisions\/43405"}],"wp:featuredmedia":[{"embeddable":true,"href":"https:\/\/armstrongyregion.com.ar\/diario\/wp-json\/wp\/v2\/media\/43403"}],"wp:attachment":[{"href":"https:\/\/armstrongyregion.com.ar\/diario\/wp-json\/wp\/v2\/media?parent=43401"}],"wp:term":[{"taxonomy":"category","embeddable":true,"href":"https:\/\/armstrongyregion.com.ar\/diario\/wp-json\/wp\/v2\/categories?post=43401"},{"taxonomy":"post_tag","embeddable":true,"href":"https:\/\/armstrongyregion.com.ar\/diario\/wp-json\/wp\/v2\/tags?post=43401"}],"curies":[{"name":"wp","href":"https:\/\/api.w.org\/{rel}","templated":true}]}}