{"id":43394,"date":"2024-07-09T15:39:28","date_gmt":"2024-07-09T15:39:28","guid":{"rendered":"https:\/\/armstrongyregion.com.ar\/diario\/?p=43394"},"modified":"2024-07-09T15:39:30","modified_gmt":"2024-07-09T15:39:30","slug":"el-socialismo-se-pone-en-accion-en-el-departamento-belgrano","status":"publish","type":"post","link":"https:\/\/armstrongyregion.com.ar\/diario\/el-socialismo-se-pone-en-accion-en-el-departamento-belgrano\/","title":{"rendered":"El Socialismo se pone en acci\u00f3n en el Departamento Belgrano."},"content":{"rendered":"\n<figure class=\"wp-block-image size-full\"><a href=\"http:\/\/armstrongyregion.com.ar\/diario\/wp-content\/uploads\/2024\/07\/Socialismo-1-.jpg\"><img loading=\"lazy\" decoding=\"async\" width=\"640\" height=\"480\" src=\"http:\/\/armstrongyregion.com.ar\/diario\/wp-content\/uploads\/2024\/07\/Socialismo-1-.jpg\" alt=\"\" class=\"wp-image-43395\" srcset=\"https:\/\/armstrongyregion.com.ar\/diario\/wp-content\/uploads\/2024\/07\/Socialismo-1-.jpg 640w, https:\/\/armstrongyregion.com.ar\/diario\/wp-content\/uploads\/2024\/07\/Socialismo-1--300x225.jpg 300w\" sizes=\"auto, (max-width: 640px) 100vw, 640px\" \/><\/a><\/figure>\n\n\n\n<p>El s\u00e1bado 6 en Las Parejas y con la presencia de militantes de todo el departamento Belgrano y<br>de autoridades partidarias provinciales, se lanz\u00f3 la Mesa de Coordinaci\u00f3n Departamental del<br>Partido Socialista.<\/p>\n\n\n\n<figure class=\"wp-block-image size-full\"><a href=\"http:\/\/armstrongyregion.com.ar\/diario\/wp-content\/uploads\/2024\/07\/SOCIALISMO-2.jpg\"><img loading=\"lazy\" decoding=\"async\" width=\"480\" height=\"365\" src=\"http:\/\/armstrongyregion.com.ar\/diario\/wp-content\/uploads\/2024\/07\/SOCIALISMO-2.jpg\" alt=\"\" class=\"wp-image-43396\" srcset=\"https:\/\/armstrongyregion.com.ar\/diario\/wp-content\/uploads\/2024\/07\/SOCIALISMO-2.jpg 480w, https:\/\/armstrongyregion.com.ar\/diario\/wp-content\/uploads\/2024\/07\/SOCIALISMO-2-300x228.jpg 300w\" sizes=\"auto, (max-width: 480px) 100vw, 480px\" \/><\/a><\/figure>\n\n\n\n<p><br>Las autoridades partidarias del Socialismo del departamento Belgrano se convocaron el pasado<br>s\u00e1bado en la ciudad de Las Parejas para oficializar y dar a conocer la Mesa Departamental del<br>partido que tendr\u00e1 la responsabilidad de coordinar las acciones del partido de la Rosa en todo el<br>territorio del departamento.<\/p>\n\n\n\n<figure class=\"wp-block-image size-full\"><a href=\"http:\/\/armstrongyregion.com.ar\/diario\/wp-content\/uploads\/2024\/07\/SOCIALISMO-3.jpg\"><img loading=\"lazy\" decoding=\"async\" width=\"480\" height=\"391\" src=\"http:\/\/armstrongyregion.com.ar\/diario\/wp-content\/uploads\/2024\/07\/SOCIALISMO-3.jpg\" alt=\"\" class=\"wp-image-43397\" srcset=\"https:\/\/armstrongyregion.com.ar\/diario\/wp-content\/uploads\/2024\/07\/SOCIALISMO-3.jpg 480w, https:\/\/armstrongyregion.com.ar\/diario\/wp-content\/uploads\/2024\/07\/SOCIALISMO-3-300x244.jpg 300w\" sizes=\"auto, (max-width: 480px) 100vw, 480px\" \/><\/a><\/figure>\n\n\n\n<p><br>Con las destacadas presencias de Joaqu\u00edn Blanco (Secretario General del PS Santa Fe), Varinia<br>Drisum (Secretaria Adjunta) y del Diputado Provincial Antonio Bonfatti, se reconoci\u00f3 a cada<br>secretario general de los Centros Socialistas de las localidades del departamento (Mar\u00eda Eugenia<br>Leguizam\u00f3n, Jorge Breccia, Mi\u00f1o y Nelso Reinaldi) y a quienes tendr\u00e1n en sus manos la conducci\u00f3n<br>de la Mesa Departamental (Miguel Sol\u00eds y Ezequiel Naso) que comenz\u00f3 a tener existencia luego de<br>la \u00faltima reforma de la Carta Org\u00e1nica del Socialismo Santafesino concretada en el 2023 y de los<br>J\u00f3venes participantes de la Mesa Provincial de Juventudes (Mariano Lacuadra y Angelo<br>Castellano).<br>Los discursos de las m\u00e1ximas autoridades enfatizaron en la unidad del Partido Socialista lograda<br>luego de la \u00faltima renovaci\u00f3n de autoridades en todos los niveles de la organizaci\u00f3n c\u00f3mo as\u00ed<br>tambi\u00e9n en la necesidad de fortalecer el armado territorial en toda la provincia para disputar las<br>elecciones del pr\u00f3ximo a\u00f1o.<br>Adem\u00e1s, se aprovech\u00f3 dicha convocatoria para exhibir la remodelaci\u00f3n edilicia de la sede<br>partidaria del Socialismo en Las Parejas.<\/p>\n","protected":false},"excerpt":{"rendered":"<p>El Socialismo se pone en acci\u00f3n en el Departamento Belgrano.<\/p>\n","protected":false},"author":1,"featured_media":43395,"comment_status":"open","ping_status":"open","sticky":false,"template":"","format":"image","meta":{"_jetpack_memberships_contains_paid_content":false,"footnotes":"","jetpack_publicize_message":"","jetpack_publicize_feature_enabled":true,"jetpack_social_post_already_shared":true,"jetpack_social_options":{"image_generator_settings":{"template":"highway","default_image_id":0,"enabled":false},"version":2}},"categories":[8,1,2,7,3],"tags":[2197,10841,16,15,8777,4463,86,5045],"class_list":["post-43394","post","type-post","status-publish","format-image","has-post-thumbnail","hentry","category-deliberando","category-diario-armstrong","category-locales","category-politica","category-region","tag-accion","tag-departamento-belgrano","tag-el","tag-en","tag-lic-graciela-de-la-casa","tag-pone","tag-se","tag-socialismo","post_format-post-format-image"],"jetpack_publicize_connections":[],"jetpack_featured_media_url":"https:\/\/armstrongyregion.com.ar\/diario\/wp-content\/uploads\/2024\/07\/Socialismo-1-.jpg","jetpack_shortlink":"https:\/\/wp.me\/p62QDO-bhU","jetpack_sharing_enabled":true,"amp_enabled":true,"_links":{"self":[{"href":"https:\/\/armstrongyregion.com.ar\/diario\/wp-json\/wp\/v2\/posts\/43394","targetHints":{"allow":["GET"]}}],"collection":[{"href":"https:\/\/armstrongyregion.com.ar\/diario\/wp-json\/wp\/v2\/posts"}],"about":[{"href":"https:\/\/armstrongyregion.com.ar\/diario\/wp-json\/wp\/v2\/types\/post"}],"author":[{"embeddable":true,"href":"https:\/\/armstrongyregion.com.ar\/diario\/wp-json\/wp\/v2\/users\/1"}],"replies":[{"embeddable":true,"href":"https:\/\/armstrongyregion.com.ar\/diario\/wp-json\/wp\/v2\/comments?post=43394"}],"version-history":[{"count":1,"href":"https:\/\/armstrongyregion.com.ar\/diario\/wp-json\/wp\/v2\/posts\/43394\/revisions"}],"predecessor-version":[{"id":43398,"href":"https:\/\/armstrongyregion.com.ar\/diario\/wp-json\/wp\/v2\/posts\/43394\/revisions\/43398"}],"wp:featuredmedia":[{"embeddable":true,"href":"https:\/\/armstrongyregion.com.ar\/diario\/wp-json\/wp\/v2\/media\/43395"}],"wp:attachment":[{"href":"https:\/\/armstrongyregion.com.ar\/diario\/wp-json\/wp\/v2\/media?parent=43394"}],"wp:term":[{"taxonomy":"category","embeddable":true,"href":"https:\/\/armstrongyregion.com.ar\/diario\/wp-json\/wp\/v2\/categories?post=43394"},{"taxonomy":"post_tag","embeddable":true,"href":"https:\/\/armstrongyregion.com.ar\/diario\/wp-json\/wp\/v2\/tags?post=43394"}],"curies":[{"name":"wp","href":"https:\/\/api.w.org\/{rel}","templated":true}]}}