{"id":43379,"date":"2024-07-06T00:02:23","date_gmt":"2024-07-06T00:02:23","guid":{"rendered":"https:\/\/armstrongyregion.com.ar\/diario\/?p=43379"},"modified":"2024-07-06T00:02:25","modified_gmt":"2024-07-06T00:02:25","slug":"minimundo-continua-con-una-amplia-variedad-de-actividades","status":"publish","type":"post","link":"https:\/\/armstrongyregion.com.ar\/diario\/minimundo-continua-con-una-amplia-variedad-de-actividades\/","title":{"rendered":"Minimundo contin\u00faa con una amplia variedad de actividades."},"content":{"rendered":"\n<figure class=\"wp-block-image size-full\"><a href=\"http:\/\/armstrongyregion.com.ar\/diario\/wp-content\/uploads\/2024\/07\/MINIMUNDO-1-.jpg\"><img loading=\"lazy\" decoding=\"async\" width=\"300\" height=\"266\" src=\"http:\/\/armstrongyregion.com.ar\/diario\/wp-content\/uploads\/2024\/07\/MINIMUNDO-1-.jpg\" alt=\"\" class=\"wp-image-43380\"\/><\/a><\/figure>\n\n\n\n<p>El Espacio Minimundo, dependiente de la Direcci\u00f3n de Promoci\u00f3n Comunitaria de la Municipalidad<br>de Armstrong, ofrece cotidianamente una amplia variedad de actividades para que los ni\u00f1os que all\u00ed<br>concurren se enriquezcan con cada propuesta, acompa\u00f1ando su crecimiento.<\/p>\n\n\n\n<figure class=\"wp-block-image size-full\"><a href=\"http:\/\/armstrongyregion.com.ar\/diario\/wp-content\/uploads\/2024\/07\/MINIMUNDO-2-.jpg\"><img loading=\"lazy\" decoding=\"async\" width=\"561\" height=\"353\" src=\"http:\/\/armstrongyregion.com.ar\/diario\/wp-content\/uploads\/2024\/07\/MINIMUNDO-2-.jpg\" alt=\"\" class=\"wp-image-43381\" srcset=\"https:\/\/armstrongyregion.com.ar\/diario\/wp-content\/uploads\/2024\/07\/MINIMUNDO-2-.jpg 561w, https:\/\/armstrongyregion.com.ar\/diario\/wp-content\/uploads\/2024\/07\/MINIMUNDO-2--300x189.jpg 300w\" sizes=\"auto, (max-width: 561px) 100vw, 561px\" \/><\/a><\/figure>\n\n\n\n<p><br>Desde el 2023 contin\u00faa el proyecto \u201cMinimundo y La 33 leen\u201d, en el que los alumnos del nivel<br>secundario de esa instituci\u00f3n comparten espacios de juegos, lecturas, tareas y desayunos. Hasta han<br>hecho una campa\u00f1a para recolectar libros infantiles y crearon una hermosa biblioteca dentro del<br>edificio de Minimundo.<\/p>\n\n\n\n<figure class=\"wp-block-image size-full\"><a href=\"http:\/\/armstrongyregion.com.ar\/diario\/wp-content\/uploads\/2024\/07\/MINIMUNDO-3-.jpg\"><img loading=\"lazy\" decoding=\"async\" width=\"640\" height=\"480\" src=\"http:\/\/armstrongyregion.com.ar\/diario\/wp-content\/uploads\/2024\/07\/MINIMUNDO-3-.jpg\" alt=\"\" class=\"wp-image-43382\" srcset=\"https:\/\/armstrongyregion.com.ar\/diario\/wp-content\/uploads\/2024\/07\/MINIMUNDO-3-.jpg 640w, https:\/\/armstrongyregion.com.ar\/diario\/wp-content\/uploads\/2024\/07\/MINIMUNDO-3--300x225.jpg 300w\" sizes=\"auto, (max-width: 640px) 100vw, 640px\" \/><\/a><\/figure>\n\n\n\n<p><br>Esos encuentros se extienden hasta estos d\u00edas. Por ejemplo, alumnos de 5\u00b0 a\u00f1o modalidad Naturales<br>visitaron a los peque\u00f1os llev\u00e1ndoles, por ejemplo, cuentos de terror, con la personificaci\u00f3n de uno<br>de los protagonistas. Previamente se hab\u00eda trabajado en grupos este g\u00e9nero literario. <\/p>\n\n\n\n<figure class=\"wp-block-image size-full\"><a href=\"http:\/\/armstrongyregion.com.ar\/diario\/wp-content\/uploads\/2024\/07\/MINIMUNDO-4-.jpg\"><img loading=\"lazy\" decoding=\"async\" width=\"800\" height=\"370\" src=\"http:\/\/armstrongyregion.com.ar\/diario\/wp-content\/uploads\/2024\/07\/MINIMUNDO-4-.jpg\" alt=\"\" class=\"wp-image-43383\" srcset=\"https:\/\/armstrongyregion.com.ar\/diario\/wp-content\/uploads\/2024\/07\/MINIMUNDO-4-.jpg 800w, https:\/\/armstrongyregion.com.ar\/diario\/wp-content\/uploads\/2024\/07\/MINIMUNDO-4--300x139.jpg 300w, https:\/\/armstrongyregion.com.ar\/diario\/wp-content\/uploads\/2024\/07\/MINIMUNDO-4--768x355.jpg 768w\" sizes=\"auto, (max-width: 800px) 100vw, 800px\" \/><\/a><\/figure>\n\n\n\n<p>Luego todos<br>juntos realizaron un collage y juegos libres que disfrutan tanto chicos como grandes, y con los<br>alumnos de 3\u00b0 a\u00f1o disfrutaron de un desayuno, lecturas y juegos.<\/p>\n\n\n\n<figure class=\"wp-block-image size-full\"><a href=\"http:\/\/armstrongyregion.com.ar\/diario\/wp-content\/uploads\/2024\/07\/MINIMUNDO-5-.jpg\"><img loading=\"lazy\" decoding=\"async\" width=\"578\" height=\"434\" src=\"http:\/\/armstrongyregion.com.ar\/diario\/wp-content\/uploads\/2024\/07\/MINIMUNDO-5-.jpg\" alt=\"\" class=\"wp-image-43384\" srcset=\"https:\/\/armstrongyregion.com.ar\/diario\/wp-content\/uploads\/2024\/07\/MINIMUNDO-5-.jpg 578w, https:\/\/armstrongyregion.com.ar\/diario\/wp-content\/uploads\/2024\/07\/MINIMUNDO-5--300x225.jpg 300w\" sizes=\"auto, (max-width: 578px) 100vw, 578px\" \/><\/a><\/figure>\n\n\n\n<p><br>Adem\u00e1s, desde hace un tiempo los ni\u00f1os de Minimundo est\u00e1n trabajando en la separaci\u00f3n de<br>residuos y su reciclado, h\u00e1bitos que favorecen un ambiente sustentable. Por ello, el pasado 5 de<br>junio, d\u00eda mundial del medio ambiente, visitaron la planta municipal de reciclaje para conocer c\u00f3mo<br>es el trabajo en ese lugar y colaborando con sus propias manos, llev\u00e1ndose una experiencia<br>inolvidable para replicar en sus hogares y escuelas.<\/p>\n\n\n\n<figure class=\"wp-block-image size-full\"><a href=\"http:\/\/armstrongyregion.com.ar\/diario\/wp-content\/uploads\/2024\/07\/MINIMUNDO-6-.jpg\"><img loading=\"lazy\" decoding=\"async\" width=\"480\" height=\"640\" src=\"http:\/\/armstrongyregion.com.ar\/diario\/wp-content\/uploads\/2024\/07\/MINIMUNDO-6-.jpg\" alt=\"\" class=\"wp-image-43385\" srcset=\"https:\/\/armstrongyregion.com.ar\/diario\/wp-content\/uploads\/2024\/07\/MINIMUNDO-6-.jpg 480w, https:\/\/armstrongyregion.com.ar\/diario\/wp-content\/uploads\/2024\/07\/MINIMUNDO-6--225x300.jpg 225w\" sizes=\"auto, (max-width: 480px) 100vw, 480px\" \/><\/a><\/figure>\n\n\n\n<p><br>En Minimundo recibieron tambi\u00e9n la visita de los alumnos del Jard\u00edn de Infantes N\u00b0 84 quienes se<br>encontraban recorriendo y conociendo el barrio del jard\u00edn. Compartieron un rico desayuno, un<br>cuento y juegos de integraci\u00f3n en el patio.<\/p>\n\n\n\n<figure class=\"wp-block-image size-full\"><a href=\"http:\/\/armstrongyregion.com.ar\/diario\/wp-content\/uploads\/2024\/07\/MINIMUNDO-7-.jpg\"><img loading=\"lazy\" decoding=\"async\" width=\"480\" height=\"640\" src=\"http:\/\/armstrongyregion.com.ar\/diario\/wp-content\/uploads\/2024\/07\/MINIMUNDO-7-.jpg\" alt=\"\" class=\"wp-image-43386\" srcset=\"https:\/\/armstrongyregion.com.ar\/diario\/wp-content\/uploads\/2024\/07\/MINIMUNDO-7-.jpg 480w, https:\/\/armstrongyregion.com.ar\/diario\/wp-content\/uploads\/2024\/07\/MINIMUNDO-7--225x300.jpg 225w\" sizes=\"auto, (max-width: 480px) 100vw, 480px\" \/><\/a><\/figure>\n\n\n\n<p><br>La responsable de esta Direcci\u00f3n municipal Sra. Graciela Pereyra ha informado que, durante el<br>receso escolar de invierno, este espacio municipal seguir\u00e1 trabajando de manera normal con muchas<br>actividades programadas por su personal.<\/p>\n\n\n\n<figure class=\"wp-block-image size-full\"><a href=\"http:\/\/armstrongyregion.com.ar\/diario\/wp-content\/uploads\/2024\/07\/MINIMUNDO-8-.jpg\"><img loading=\"lazy\" decoding=\"async\" width=\"800\" height=\"600\" src=\"http:\/\/armstrongyregion.com.ar\/diario\/wp-content\/uploads\/2024\/07\/MINIMUNDO-8-.jpg\" alt=\"\" class=\"wp-image-43387\" srcset=\"https:\/\/armstrongyregion.com.ar\/diario\/wp-content\/uploads\/2024\/07\/MINIMUNDO-8-.jpg 800w, https:\/\/armstrongyregion.com.ar\/diario\/wp-content\/uploads\/2024\/07\/MINIMUNDO-8--300x225.jpg 300w, https:\/\/armstrongyregion.com.ar\/diario\/wp-content\/uploads\/2024\/07\/MINIMUNDO-8--768x576.jpg 768w\" sizes=\"auto, (max-width: 800px) 100vw, 800px\" \/><\/a><\/figure>\n","protected":false},"excerpt":{"rendered":"<p>Minimundo contin\u00faa con una amplia variedad de actividades.<\/p>\n","protected":false},"author":1,"featured_media":43381,"comment_status":"open","ping_status":"open","sticky":false,"template":"","format":"image","meta":{"_jetpack_memberships_contains_paid_content":false,"footnotes":"","jetpack_publicize_message":"","jetpack_publicize_feature_enabled":true,"jetpack_social_post_already_shared":true,"jetpack_social_options":{"image_generator_settings":{"template":"highway","default_image_id":0,"enabled":false},"version":2}},"categories":[8,1,2,7,3],"tags":[263,100,262,10721,10798,10837],"class_list":["post-43379","post","type-post","status-publish","format-image","has-post-thumbnail","hentry","category-deliberando","category-diario-armstrong","category-locales","category-politica","category-region","tag-actividades","tag-con","tag-continua","tag-diario-armstrong-region","tag-lic-graciela-de-la-casa-4","tag-minumundo","post_format-post-format-image"],"jetpack_publicize_connections":[],"jetpack_featured_media_url":"https:\/\/armstrongyregion.com.ar\/diario\/wp-content\/uploads\/2024\/07\/MINIMUNDO-2-.jpg","jetpack_shortlink":"https:\/\/wp.me\/p62QDO-bhF","jetpack_sharing_enabled":true,"amp_enabled":true,"_links":{"self":[{"href":"https:\/\/armstrongyregion.com.ar\/diario\/wp-json\/wp\/v2\/posts\/43379","targetHints":{"allow":["GET"]}}],"collection":[{"href":"https:\/\/armstrongyregion.com.ar\/diario\/wp-json\/wp\/v2\/posts"}],"about":[{"href":"https:\/\/armstrongyregion.com.ar\/diario\/wp-json\/wp\/v2\/types\/post"}],"author":[{"embeddable":true,"href":"https:\/\/armstrongyregion.com.ar\/diario\/wp-json\/wp\/v2\/users\/1"}],"replies":[{"embeddable":true,"href":"https:\/\/armstrongyregion.com.ar\/diario\/wp-json\/wp\/v2\/comments?post=43379"}],"version-history":[{"count":1,"href":"https:\/\/armstrongyregion.com.ar\/diario\/wp-json\/wp\/v2\/posts\/43379\/revisions"}],"predecessor-version":[{"id":43388,"href":"https:\/\/armstrongyregion.com.ar\/diario\/wp-json\/wp\/v2\/posts\/43379\/revisions\/43388"}],"wp:featuredmedia":[{"embeddable":true,"href":"https:\/\/armstrongyregion.com.ar\/diario\/wp-json\/wp\/v2\/media\/43381"}],"wp:attachment":[{"href":"https:\/\/armstrongyregion.com.ar\/diario\/wp-json\/wp\/v2\/media?parent=43379"}],"wp:term":[{"taxonomy":"category","embeddable":true,"href":"https:\/\/armstrongyregion.com.ar\/diario\/wp-json\/wp\/v2\/categories?post=43379"},{"taxonomy":"post_tag","embeddable":true,"href":"https:\/\/armstrongyregion.com.ar\/diario\/wp-json\/wp\/v2\/tags?post=43379"}],"curies":[{"name":"wp","href":"https:\/\/api.w.org\/{rel}","templated":true}]}}