{"id":43366,"date":"2024-07-05T23:21:18","date_gmt":"2024-07-05T23:21:18","guid":{"rendered":"https:\/\/armstrongyregion.com.ar\/diario\/?p=43366"},"modified":"2024-07-05T23:21:20","modified_gmt":"2024-07-05T23:21:20","slug":"el-centro-economico-de-canada-de-gomez-organiza-el-outlet-julio-2024-con-mas-ofertas-que-nunca","status":"publish","type":"post","link":"https:\/\/armstrongyregion.com.ar\/diario\/el-centro-economico-de-canada-de-gomez-organiza-el-outlet-julio-2024-con-mas-ofertas-que-nunca\/","title":{"rendered":"El Centro Econ\u00f3mico de Ca\u00f1ada de G\u00f3mez organiza el Outlet JULIO 2024 con m\u00e1s ofertas que nunca."},"content":{"rendered":"\n<figure class=\"wp-block-image size-full\"><a href=\"http:\/\/armstrongyregion.com.ar\/diario\/wp-content\/uploads\/2024\/07\/Outlet-2024-CE.jpg\"><img loading=\"lazy\" decoding=\"async\" width=\"678\" height=\"680\" src=\"http:\/\/armstrongyregion.com.ar\/diario\/wp-content\/uploads\/2024\/07\/Outlet-2024-CE.jpg\" alt=\"\" class=\"wp-image-43367\" srcset=\"https:\/\/armstrongyregion.com.ar\/diario\/wp-content\/uploads\/2024\/07\/Outlet-2024-CE.jpg 678w, https:\/\/armstrongyregion.com.ar\/diario\/wp-content\/uploads\/2024\/07\/Outlet-2024-CE-300x300.jpg 300w, https:\/\/armstrongyregion.com.ar\/diario\/wp-content\/uploads\/2024\/07\/Outlet-2024-CE-150x150.jpg 150w\" sizes=\"auto, (max-width: 678px) 100vw, 678px\" \/><\/a><\/figure>\n\n\n\n<p>La Edici\u00f3n 2024 se realizar\u00e1&nbsp;<strong>el s\u00e1bado 6 y domingo 7 de julio, de 14 a 20 horas,&nbsp;<\/strong>en el Centro Econ\u00f3mico de Ca\u00f1ada de G\u00f3mez, ubicado en San Mart\u00edn 728, y en los locales adheridos.<\/p>\n\n\n\n<p>Ca\u00f1ada de G\u00f3mez y la zona podr\u00e1n aprovechar 2 d\u00edas de Ofertas Imperdibles! Una gran oportunidad para renovar indumentaria, calzado y accesorios con entrada libre y gratuita.<\/p>\n\n\n\n<p>Quienes visiten este importante evento regional podr\u00e1n disfrutar de los descuentos que ofrecer\u00e1n los siguientes comercios:<\/p>\n\n\n\n<p><strong>Con stand en el Centro Econ\u00f3mico de Ca\u00f1ada de G\u00f3mez (San Mart\u00edn 728):<\/strong><\/p>\n\n\n\n<ul class=\"wp-block-list\">\n<li>B\u00c1SICOS, Indumentaria.<\/li>\n\n\n\n<li>PAMPERO, Indumentaria y Calzado.<\/li>\n\n\n\n<li>BONITA, Indumentaria.<\/li>\n\n\n\n<li>ROSMAR, Calzado.<\/li>\n\n\n\n<li>CINDERELLA, Calzado.<\/li>\n\n\n\n<li>CLARA STORE, Indumentaria.<\/li>\n\n\n\n<li>MIS AMORES, Indumentaria.<\/li>\n\n\n\n<li>OUTLET LAVALLE, Indumentaria.<\/li>\n\n\n\n<li>POMPONETTE, Indumentaria.<\/li>\n\n\n\n<li>PLANETA SPORT, Calzado.<\/li>\n\n\n\n<li>TE ENAMORA, Indumentaria.<\/li>\n\n\n\n<li>YO TE AMO, Indumentaria.<\/li>\n\n\n\n<li>PERFIL, Indumentaria.<\/li>\n\n\n\n<li>COMPLOT, Indumentaria.<\/li>\n\n\n\n<li>EL VASCO, Calzado.<\/li>\n\n\n\n<li>SPRINT DEPORTES, Calzado.<\/li>\n\n\n\n<li>VICTORIA MODAS, Indumentaria.<\/li>\n\n\n\n<li>SUE\u00d1OS BLANCOS, Blanquer\u00eda.<\/li>\n\n\n\n<li>SUNSET, Indumentaria.<\/li>\n\n\n\n<li>JIMENA WOMAN STORE, Indumentaria.<\/li>\n<\/ul>\n\n\n\n<p><strong>En su local comercial:<\/strong><\/p>\n\n\n\n<ul class=\"wp-block-list\">\n<li>LUZ DE LUNA, Pellegrini 208.<\/li>\n\n\n\n<li>HIS AND HERS CALZADO, Lavalle 857<\/li>\n\n\n\n<li>LOLA WOMAN SHOP Lavalle 865.<\/li>\n\n\n\n<li>GAUD\u00cd CALZADO, Lavalle 985.<\/li>\n\n\n\n<li>S\u00d3LIDO INC. Moreno 116.<\/li>\n\n\n\n<li>CALZADOS MARCELO Lavalle 1002.<\/li>\n\n\n\n<li>EMMAS URBAN SPORT, Lavalle 1034.<\/li>\n\n\n\n<li>EL VASCO CALZADOS, San Mar\u00edn y Bv. Balcarce.<\/li>\n<\/ul>\n\n\n\n<p>Los esperamos para disfrutar de dos jornadas llenas de descuentos y ofertas imperdibles. \u00a1No se lo pierdan!<\/p>\n","protected":false},"excerpt":{"rendered":"<p>El Centro Econ\u00f3mico de Ca\u00f1ada de G\u00f3mez organiza el Outlet JULIO 2024 con m\u00e1s ofertas que nunca.<\/p>\n","protected":false},"author":1,"featured_media":43367,"comment_status":"open","ping_status":"open","sticky":false,"template":"","format":"image","meta":{"_jetpack_memberships_contains_paid_content":false,"footnotes":"","jetpack_publicize_message":"","jetpack_publicize_feature_enabled":true,"jetpack_social_post_already_shared":true,"jetpack_social_options":{"image_generator_settings":{"template":"highway","default_image_id":0,"enabled":false},"version":2}},"categories":[8,1,2,7,3],"tags":[10832,10831,10721,8777,2027,1037],"class_list":["post-43366","post","type-post","status-publish","format-image","has-post-thumbnail","hentry","category-deliberando","category-diario-armstrong","category-locales","category-politica","category-region","tag-canada-de-gome-2","tag-centro-economico","tag-diario-armstrong-region","tag-lic-graciela-de-la-casa","tag-ofertas","tag-outlet","post_format-post-format-image"],"jetpack_publicize_connections":[],"jetpack_featured_media_url":"https:\/\/armstrongyregion.com.ar\/diario\/wp-content\/uploads\/2024\/07\/Outlet-2024-CE.jpg","jetpack_shortlink":"https:\/\/wp.me\/p62QDO-bhs","jetpack_sharing_enabled":true,"amp_enabled":true,"_links":{"self":[{"href":"https:\/\/armstrongyregion.com.ar\/diario\/wp-json\/wp\/v2\/posts\/43366","targetHints":{"allow":["GET"]}}],"collection":[{"href":"https:\/\/armstrongyregion.com.ar\/diario\/wp-json\/wp\/v2\/posts"}],"about":[{"href":"https:\/\/armstrongyregion.com.ar\/diario\/wp-json\/wp\/v2\/types\/post"}],"author":[{"embeddable":true,"href":"https:\/\/armstrongyregion.com.ar\/diario\/wp-json\/wp\/v2\/users\/1"}],"replies":[{"embeddable":true,"href":"https:\/\/armstrongyregion.com.ar\/diario\/wp-json\/wp\/v2\/comments?post=43366"}],"version-history":[{"count":1,"href":"https:\/\/armstrongyregion.com.ar\/diario\/wp-json\/wp\/v2\/posts\/43366\/revisions"}],"predecessor-version":[{"id":43368,"href":"https:\/\/armstrongyregion.com.ar\/diario\/wp-json\/wp\/v2\/posts\/43366\/revisions\/43368"}],"wp:featuredmedia":[{"embeddable":true,"href":"https:\/\/armstrongyregion.com.ar\/diario\/wp-json\/wp\/v2\/media\/43367"}],"wp:attachment":[{"href":"https:\/\/armstrongyregion.com.ar\/diario\/wp-json\/wp\/v2\/media?parent=43366"}],"wp:term":[{"taxonomy":"category","embeddable":true,"href":"https:\/\/armstrongyregion.com.ar\/diario\/wp-json\/wp\/v2\/categories?post=43366"},{"taxonomy":"post_tag","embeddable":true,"href":"https:\/\/armstrongyregion.com.ar\/diario\/wp-json\/wp\/v2\/tags?post=43366"}],"curies":[{"name":"wp","href":"https:\/\/api.w.org\/{rel}","templated":true}]}}