{"id":43361,"date":"2024-07-05T03:20:31","date_gmt":"2024-07-05T03:20:31","guid":{"rendered":"https:\/\/armstrongyregion.com.ar\/diario\/?p=43361"},"modified":"2024-07-05T03:20:34","modified_gmt":"2024-07-05T03:20:34","slug":"la-concejala-luz-marina-fischer-dio-su-opinion-sobre-el-nombre-del-dr-jorge-bianchi-a-un-espacio-publico","status":"publish","type":"post","link":"https:\/\/armstrongyregion.com.ar\/diario\/la-concejala-luz-marina-fischer-dio-su-opinion-sobre-el-nombre-del-dr-jorge-bianchi-a-un-espacio-publico\/","title":{"rendered":"La concejala Luz Marina Fischer dio su opini\u00f3n sobre el nombre del Dr. Jorge Bianchi a un espacio p\u00fablico."},"content":{"rendered":"\n<figure class=\"wp-block-image size-full\"><a href=\"http:\/\/armstrongyregion.com.ar\/diario\/wp-content\/uploads\/2024\/07\/Luz-Marina-4-7-24.jpg\"><img loading=\"lazy\" decoding=\"async\" width=\"745\" height=\"680\" src=\"http:\/\/armstrongyregion.com.ar\/diario\/wp-content\/uploads\/2024\/07\/Luz-Marina-4-7-24.jpg\" alt=\"\" class=\"wp-image-43362\" srcset=\"https:\/\/armstrongyregion.com.ar\/diario\/wp-content\/uploads\/2024\/07\/Luz-Marina-4-7-24.jpg 745w, https:\/\/armstrongyregion.com.ar\/diario\/wp-content\/uploads\/2024\/07\/Luz-Marina-4-7-24-300x274.jpg 300w\" sizes=\"auto, (max-width: 745px) 100vw, 745px\" \/><\/a><\/figure>\n\n\n\n<p>Comenz\u00f3 expresando que \u201cfue una sesi\u00f3n muy emotiva, el ejecutivo envi\u00f3 un proyecto de ordenanza proponi\u00e9ndonos la aprobaci\u00f3n de la imposici\u00f3n de nombre a un espacio p\u00fablico, que seg\u00fan ellos va a ser una especie de parquecito para ni\u00f1os, y que llevara el nombre de un pediatra muy querido de la ciudad que es el Dr. Bianchi\u201d<br>\u201cPor supuesto nosotros lo hemos aprobado en forma un\u00e1nime, cada concejal dio palabras muy emotivas al respecto. Este proyecto del ejecutivo no es que viene de ahora, sino que desde el 2021, a\u00f1o en que falleci\u00f3 este m\u00e9dico, la gente nos hac\u00eda llegar sus inquietudes de que alg\u00fan espacio p\u00fablico o calle lleve su nombre\u201d. <br>Tambi\u00e9n la edila record\u00f3 que: \u201chace poco aprobamos la ordenanza para poner el nombre a tres calles de la ciudad, desde el bloque oficialista se propuso el nombre de tres mujeres, me gust\u00f3 la idea,<br>pero les expres\u00e9 que la gente nos ped\u00eda que no nos olvidemos del Dr. Bianchi, en ese momento el intendente me mando a decir &#8211; quedate tranquila que hay otros espacios que se van a inaugurar dentro de poquito y el doctor va a tener su nombre \u2013 por eso hoy celebro que haya llegado ese momento\u201d<\/p>\n","protected":false},"excerpt":{"rendered":"<p>La concejala Luz Marina Fischer dio su opini\u00f3n sobre el nombre del Dr. Jorge Bianchi a un espacio p\u00fablico.<\/p>\n","protected":false},"author":1,"featured_media":43363,"comment_status":"open","ping_status":"open","sticky":false,"template":"","format":"image","meta":{"_jetpack_memberships_contains_paid_content":false,"footnotes":"","jetpack_publicize_message":"","jetpack_publicize_feature_enabled":true,"jetpack_social_post_already_shared":true,"jetpack_social_options":{"image_generator_settings":{"template":"highway","default_image_id":0,"enabled":false},"version":2}},"categories":[8,1,2,7,3],"tags":[10721,10825,8777,9262,1296],"class_list":["post-43361","post","type-post","status-publish","format-image","has-post-thumbnail","hentry","category-deliberando","category-diario-armstrong","category-locales","category-politica","category-region","tag-diario-armstrong-region","tag-dr-jorge-bianchi","tag-lic-graciela-de-la-casa","tag-luz-marina-fischer","tag-reconocimiento","post_format-post-format-image"],"jetpack_publicize_connections":[],"jetpack_featured_media_url":"https:\/\/armstrongyregion.com.ar\/diario\/wp-content\/uploads\/2024\/07\/Luz-Marina-4-7-24-1.jpg","jetpack_shortlink":"https:\/\/wp.me\/p62QDO-bhn","jetpack_sharing_enabled":true,"amp_enabled":true,"_links":{"self":[{"href":"https:\/\/armstrongyregion.com.ar\/diario\/wp-json\/wp\/v2\/posts\/43361","targetHints":{"allow":["GET"]}}],"collection":[{"href":"https:\/\/armstrongyregion.com.ar\/diario\/wp-json\/wp\/v2\/posts"}],"about":[{"href":"https:\/\/armstrongyregion.com.ar\/diario\/wp-json\/wp\/v2\/types\/post"}],"author":[{"embeddable":true,"href":"https:\/\/armstrongyregion.com.ar\/diario\/wp-json\/wp\/v2\/users\/1"}],"replies":[{"embeddable":true,"href":"https:\/\/armstrongyregion.com.ar\/diario\/wp-json\/wp\/v2\/comments?post=43361"}],"version-history":[{"count":1,"href":"https:\/\/armstrongyregion.com.ar\/diario\/wp-json\/wp\/v2\/posts\/43361\/revisions"}],"predecessor-version":[{"id":43364,"href":"https:\/\/armstrongyregion.com.ar\/diario\/wp-json\/wp\/v2\/posts\/43361\/revisions\/43364"}],"wp:featuredmedia":[{"embeddable":true,"href":"https:\/\/armstrongyregion.com.ar\/diario\/wp-json\/wp\/v2\/media\/43363"}],"wp:attachment":[{"href":"https:\/\/armstrongyregion.com.ar\/diario\/wp-json\/wp\/v2\/media?parent=43361"}],"wp:term":[{"taxonomy":"category","embeddable":true,"href":"https:\/\/armstrongyregion.com.ar\/diario\/wp-json\/wp\/v2\/categories?post=43361"},{"taxonomy":"post_tag","embeddable":true,"href":"https:\/\/armstrongyregion.com.ar\/diario\/wp-json\/wp\/v2\/tags?post=43361"}],"curies":[{"name":"wp","href":"https:\/\/api.w.org\/{rel}","templated":true}]}}