{"id":43350,"date":"2024-07-04T18:50:16","date_gmt":"2024-07-04T18:50:16","guid":{"rendered":"https:\/\/armstrongyregion.com.ar\/diario\/?p=43350"},"modified":"2024-07-04T18:50:18","modified_gmt":"2024-07-04T18:50:18","slug":"emiliano-gramigna-la-tasa-municipal-aumento-mas-de-un-70-y-eso-va-en-contra-del-bolsillo-de-los-vecinos","status":"publish","type":"post","link":"https:\/\/armstrongyregion.com.ar\/diario\/emiliano-gramigna-la-tasa-municipal-aumento-mas-de-un-70-y-eso-va-en-contra-del-bolsillo-de-los-vecinos\/","title":{"rendered":"EMILIANO GRAMIGNA: \u201cla Tasa Municipal aument\u00f3 m\u00e1s de un 70% y eso va en contra del bolsillo de los vecinos\u201d."},"content":{"rendered":"\n<figure class=\"wp-block-image size-full\"><a href=\"http:\/\/armstrongyregion.com.ar\/diario\/wp-content\/uploads\/2024\/07\/Emi-CambiaArmstrong-1-.jpg\"><img loading=\"lazy\" decoding=\"async\" width=\"645\" height=\"618\" src=\"http:\/\/armstrongyregion.com.ar\/diario\/wp-content\/uploads\/2024\/07\/Emi-CambiaArmstrong-1-.jpg\" alt=\"\" class=\"wp-image-43351\" srcset=\"https:\/\/armstrongyregion.com.ar\/diario\/wp-content\/uploads\/2024\/07\/Emi-CambiaArmstrong-1-.jpg 645w, https:\/\/armstrongyregion.com.ar\/diario\/wp-content\/uploads\/2024\/07\/Emi-CambiaArmstrong-1--300x287.jpg 300w\" sizes=\"auto, (max-width: 645px) 100vw, 645px\" \/><\/a><\/figure>\n\n\n\n<p><strong>Luego de pedir que se frenara el aumento un mes atr\u00e1s, Emiliano<br>Gramigna no s\u00f3lo no fue escuchado, sino que le respondieron con<br>agresiones.<\/strong><\/p>\n\n\n\n<p>El Concejal y candidato a Intendente Emiliano Gramigna ha interpelado p\u00fablicamente<br>al Ejecutivo local por ignorar las advertencias sobre el aumento de la Tasa Municipal.<br>Seg\u00fan Gramigna, hace un mes se propuso frenar este incremento, pero sus sugerencias<br>fueron desestimadas y recibidas con agresiones verbales. Esta semana, muchos vecinos<br>de Armstrong se encontraron con aumentos de m\u00e1s del 70% en sus facturas,<br>gener\u00e1ndoles indignaci\u00f3n y preocupaci\u00f3n por sus posibilidades de pago.<br>\u201cProponemos frenar el aumento, pero nos responden con agresiones\u201d<br>En declaraciones p\u00fablicas afirm\u00f3: \u201cHace un mes, presentamos una propuesta para frenar<br>el aumento de la Tasa, anticipando el impacto negativo que tendr\u00eda en los vecinos. Lejos<\/p>\n\n\n\n<p>de considerar nuestra propuesta, el Ejecutivo nos respondi\u00f3 con agresiones verbales y<br>desestim\u00f3 nuestras preocupaciones\u201d.<\/p>\n\n\n\n<p><br><strong>Vecinos: Aumentos Desmedidos y Servicios Deficientes.<\/strong><\/p>\n\n\n\n<p>Esta semana, los armtronenses se encontraron con aumentos significativos en sus<br>facturas de servicios municipales, con incrementos que superan el 70% en algunos<br>casos. \u201cEs inadmisible que en medio de una situaci\u00f3n econ\u00f3mica delicada se aprueben<br>aumentos tan desmedidos sin un an\u00e1lisis profundo de sus consecuencias. Muchos<br>vecinos est\u00e1n preocupados por c\u00f3mo van a hacer frente a estos aumentos.<\/p>\n\n\n\n<figure class=\"wp-block-image size-full\"><a href=\"http:\/\/armstrongyregion.com.ar\/diario\/wp-content\/uploads\/2024\/07\/Emi-cambiaarmstrong-2-.jpg\"><img loading=\"lazy\" decoding=\"async\" width=\"645\" height=\"454\" src=\"http:\/\/armstrongyregion.com.ar\/diario\/wp-content\/uploads\/2024\/07\/Emi-cambiaarmstrong-2-.jpg\" alt=\"\" class=\"wp-image-43352\" srcset=\"https:\/\/armstrongyregion.com.ar\/diario\/wp-content\/uploads\/2024\/07\/Emi-cambiaarmstrong-2-.jpg 645w, https:\/\/armstrongyregion.com.ar\/diario\/wp-content\/uploads\/2024\/07\/Emi-cambiaarmstrong-2--300x211.jpg 300w\" sizes=\"auto, (max-width: 645px) 100vw, 645px\" \/><\/a><\/figure>\n\n\n\n<p>Un vecino afectado, expres\u00f3 su preocupaci\u00f3n: \u201cMi boleta aument\u00f3 de $ 6.200 a $10.800<br>de un mes a otro y las calles siguen rotas, la limpieza de la ciudad en general es un<br>desastre, los yuyos siguen altos. No hubo ninguna advertencia ni explicaci\u00f3n clara. Este<br>incremento es insostenible para muchas familias\u201d.<br>El malestar entre los armstronenses es evidente. Una vecina afectada coment\u00f3: \u201cNos<br>sentimos ignorados y desprotegidos por nuestras autoridades. Necesitamos l\u00edderes que<br>nos escuchen y act\u00faen en respuesta a nuestras necesidades.<\/p>\n\n\n\n<figure class=\"wp-block-image size-full\"><a href=\"http:\/\/armstrongyregion.com.ar\/diario\/wp-content\/uploads\/2024\/07\/Emi-cambiaarmstrong-3-.jpg\"><img loading=\"lazy\" decoding=\"async\" width=\"645\" height=\"831\" src=\"http:\/\/armstrongyregion.com.ar\/diario\/wp-content\/uploads\/2024\/07\/Emi-cambiaarmstrong-3-.jpg\" alt=\"\" class=\"wp-image-43353\" srcset=\"https:\/\/armstrongyregion.com.ar\/diario\/wp-content\/uploads\/2024\/07\/Emi-cambiaarmstrong-3-.jpg 645w, https:\/\/armstrongyregion.com.ar\/diario\/wp-content\/uploads\/2024\/07\/Emi-cambiaarmstrong-3--233x300.jpg 233w\" sizes=\"auto, (max-width: 645px) 100vw, 645px\" \/><\/a><\/figure>\n\n\n\n<p>Propuestas<br>Como candidato a Intendente, Gramigna se comprometi\u00f3 a trabajar en una gesti\u00f3n m\u00e1s<br>justa y participativa. \u201cCuando sea Intendente, me asegurar\u00e9 de que todas las decisiones<br>importantes se tomen con transparencia y consulta previa. Es esencial que las voces de<br>los ciudadanos sean escuchadas y consideradas\u201d, afirm\u00f3<br>Emiliano Gramigna concluy\u00f3 con un llamado a la acci\u00f3n y la unidad: \u201cEs momento de<br>que los ciudadanos de Armstrong se unan y exijan un gobierno que los respete y proteja.<\/p>\n\n\n\n<p>No podemos permitir que se tomen decisiones que perjudiquen a nuestra comunidad sin<br>previo aviso ni discusi\u00f3n\u201d.<br>Tambi\u00e9n destac\u00f3 la falta de consideraci\u00f3n y di\u00e1logo por parte del Ejecutivo. \u201cNo<br>estamos en contra de las decisiones necesarias, pero propusimos frenar el aumento para<br>buscar alternativas menos dr\u00e1sticas. La falta de di\u00e1logo y el rechazo a nuestras<br>propuestas son una muestra m\u00e1s de la desconexi\u00f3n del Ejecutivo con las necesidades de<br>la comunidad\u201d, sostuvo.<br>El reclamo de Emiliano Gramigna pone en evidencia la necesidad de una gesti\u00f3n m\u00e1s<br>transparente y responsable en Armstrong. Los residentes esperan que sus voces sean<br>escuchadas y que se tomen medidas para abordar esta situaci\u00f3n injusta.<\/p>\n\n\n\n<p><strong>Prensa Emiliano Gramigna. Cambia Armstrong.<\/strong><\/p>\n","protected":false},"excerpt":{"rendered":"<p>EMILIANO GRAMIGNA: \u201cla Tasa Municipal aument\u00f3 m\u00e1s de un 70% y eso va en contra del bolsillo de los vecinos\u201d.<\/p>\n","protected":false},"author":1,"featured_media":43351,"comment_status":"open","ping_status":"open","sticky":false,"template":"","format":"image","meta":{"_jetpack_memberships_contains_paid_content":false,"footnotes":"","jetpack_publicize_message":"","jetpack_publicize_feature_enabled":true,"jetpack_social_post_already_shared":true,"jetpack_social_options":{"image_generator_settings":{"template":"highway","default_image_id":0,"enabled":false},"version":2}},"categories":[8,1,2,7,3],"tags":[10828,10720,5030,10721,9423,8777,10827],"class_list":["post-43350","post","type-post","status-publish","format-image","has-post-thumbnail","hentry","category-deliberando","category-diario-armstrong","category-locales","category-politica","category-region","tag-aumento-mas-70","tag-cambia-armstrong","tag-diario-armstrong","tag-diario-armstrong-region","tag-emiliano-gramigna","tag-lic-graciela-de-la-casa","tag-tasa-municipal","post_format-post-format-image"],"jetpack_publicize_connections":[],"jetpack_featured_media_url":"https:\/\/armstrongyregion.com.ar\/diario\/wp-content\/uploads\/2024\/07\/Emi-CambiaArmstrong-1-.jpg","jetpack_shortlink":"https:\/\/wp.me\/p62QDO-bhc","jetpack_sharing_enabled":true,"amp_enabled":true,"_links":{"self":[{"href":"https:\/\/armstrongyregion.com.ar\/diario\/wp-json\/wp\/v2\/posts\/43350","targetHints":{"allow":["GET"]}}],"collection":[{"href":"https:\/\/armstrongyregion.com.ar\/diario\/wp-json\/wp\/v2\/posts"}],"about":[{"href":"https:\/\/armstrongyregion.com.ar\/diario\/wp-json\/wp\/v2\/types\/post"}],"author":[{"embeddable":true,"href":"https:\/\/armstrongyregion.com.ar\/diario\/wp-json\/wp\/v2\/users\/1"}],"replies":[{"embeddable":true,"href":"https:\/\/armstrongyregion.com.ar\/diario\/wp-json\/wp\/v2\/comments?post=43350"}],"version-history":[{"count":1,"href":"https:\/\/armstrongyregion.com.ar\/diario\/wp-json\/wp\/v2\/posts\/43350\/revisions"}],"predecessor-version":[{"id":43354,"href":"https:\/\/armstrongyregion.com.ar\/diario\/wp-json\/wp\/v2\/posts\/43350\/revisions\/43354"}],"wp:featuredmedia":[{"embeddable":true,"href":"https:\/\/armstrongyregion.com.ar\/diario\/wp-json\/wp\/v2\/media\/43351"}],"wp:attachment":[{"href":"https:\/\/armstrongyregion.com.ar\/diario\/wp-json\/wp\/v2\/media?parent=43350"}],"wp:term":[{"taxonomy":"category","embeddable":true,"href":"https:\/\/armstrongyregion.com.ar\/diario\/wp-json\/wp\/v2\/categories?post=43350"},{"taxonomy":"post_tag","embeddable":true,"href":"https:\/\/armstrongyregion.com.ar\/diario\/wp-json\/wp\/v2\/tags?post=43350"}],"curies":[{"name":"wp","href":"https:\/\/api.w.org\/{rel}","templated":true}]}}