{"id":43346,"date":"2024-07-04T18:42:08","date_gmt":"2024-07-04T18:42:08","guid":{"rendered":"https:\/\/armstrongyregion.com.ar\/diario\/?p=43346"},"modified":"2024-07-04T18:42:10","modified_gmt":"2024-07-04T18:42:10","slug":"pullaro-los-creditos-nido-apuntan-a-las-familias-santafesinas-que-ven-como-los-sueldos-se-les-van-en-el-alquiler","status":"publish","type":"post","link":"https:\/\/armstrongyregion.com.ar\/diario\/pullaro-los-creditos-nido-apuntan-a-las-familias-santafesinas-que-ven-como-los-sueldos-se-les-van-en-el-alquiler\/","title":{"rendered":"Pullaro: \u201cLos cr\u00e9ditos Nido apuntan a las familias santafesinas que ven c\u00f3mo los sueldos se les van en el alquiler\u201d"},"content":{"rendered":"\n<figure class=\"wp-block-image size-full\"><a href=\"http:\/\/armstrongyregion.com.ar\/diario\/wp-content\/uploads\/2024\/07\/Nido-1-.jpg\"><img loading=\"lazy\" decoding=\"async\" width=\"800\" height=\"534\" src=\"http:\/\/armstrongyregion.com.ar\/diario\/wp-content\/uploads\/2024\/07\/Nido-1-.jpg\" alt=\"\" class=\"wp-image-43347\" srcset=\"https:\/\/armstrongyregion.com.ar\/diario\/wp-content\/uploads\/2024\/07\/Nido-1-.jpg 800w, https:\/\/armstrongyregion.com.ar\/diario\/wp-content\/uploads\/2024\/07\/Nido-1--300x200.jpg 300w, https:\/\/armstrongyregion.com.ar\/diario\/wp-content\/uploads\/2024\/07\/Nido-1--768x513.jpg 768w\" sizes=\"auto, (max-width: 800px) 100vw, 800px\" \/><\/a><\/figure>\n\n\n\n<p><strong>El Gobernador present\u00f3 este jueves una nueva pol\u00edtica habitacional para que las personas que hoy alquilan puedan acceder a un cr\u00e9dito hipotecario y tener su casa propia en cualquier punto de la provincia. Para esta iniciativa se destinar\u00e1n $ 60.000 millones._<\/strong><\/p>\n\n\n\n<figure class=\"wp-block-image size-full\"><a href=\"http:\/\/armstrongyregion.com.ar\/diario\/wp-content\/uploads\/2024\/07\/Nido-2.jpg\"><img loading=\"lazy\" decoding=\"async\" width=\"800\" height=\"534\" src=\"http:\/\/armstrongyregion.com.ar\/diario\/wp-content\/uploads\/2024\/07\/Nido-2.jpg\" alt=\"\" class=\"wp-image-43348\" srcset=\"https:\/\/armstrongyregion.com.ar\/diario\/wp-content\/uploads\/2024\/07\/Nido-2.jpg 800w, https:\/\/armstrongyregion.com.ar\/diario\/wp-content\/uploads\/2024\/07\/Nido-2-300x200.jpg 300w, https:\/\/armstrongyregion.com.ar\/diario\/wp-content\/uploads\/2024\/07\/Nido-2-768x513.jpg 768w\" sizes=\"auto, (max-width: 800px) 100vw, 800px\" \/><\/a><\/figure>\n\n\n\n<p> Con el objetivo de brindar soluciones habitacionales a los santafesinos y santafesinas, el gobernador de la provincia, Maximiliano Pullaro, present\u00f3 este jueves en Rosario los Cr\u00e9ditos Hipotecarios Nido. Se trata de una iniciativa conjunta entre el Gobierno Provincial y el Banco Municipal. El sistema contar\u00e1 con cuatro l\u00edneas de pr\u00e9stamos por un total de $60.000 millones de pesos, los que ser\u00e1n destinados a la construcci\u00f3n y adquisici\u00f3n de viviendas; la terminaci\u00f3n de viviendas; cr\u00e9ditos individuales de gesti\u00f3n colectiva; y para la adquisici\u00f3n o construcci\u00f3n de viviendas por cesi\u00f3n de derechos. Para conocer m\u00e1s informaci\u00f3n ingresar en\u00a0<a href=\"https:\/\/www.santafe.gob.ar\/nidocreditoshipotecarios\/\" target=\"_blank\" rel=\"noreferrer noopener\">https:\/\/www.santafe.gob.ar\/nidocreditoshipotecarios\/<\/a>\u00a0<\/p>\n\n\n\n<p>En ese marco, Pullaro resalt\u00f3 que \u201ccuando las cosas se hacen con honestidad, con pasi\u00f3n y transparencia, podemos ser invencibles e imparables. Como la persona que vino de un pueblo que soy, de clase media y que tuvo muchas dificultades en su vida, le planteaba a nuestros ministros que ten\u00edamos que darle respuesta a la clase media y a la clase media-baja, a esos laburantes que se esfuerzan, que trabajan, que le ponen empe\u00f1o y que nunca llegan a tener la vivienda propia. La provincia ten\u00eda que tener un programa que d\u00e9 respuestas a ese sector de la sociedad\u201d.<\/p>\n\n\n\n<p> \u201cAh\u00ed entendimos que ten\u00edamos que agrandar la escala y cambiar algunos paradigmas, sin dejar de trabajar en las viviendas sociales. Por eso este programa para la clase media, la clase media-baja, para aquella gente que se esfuerza, que trabaja, para ese matrimonio joven que los dos tienen un trabajo y que sienten que gran parte de un sueldo se les ve en un alquiler\u201d, enumer\u00f3 el gobernador. \u201cNido es un programa de cr\u00e9ditos hipotecarios para la provincia de Santa Fe.<\/p>\n\n\n\n<p> Queremos aplicar una econom\u00eda contrac\u00edclica en un momento muy dif\u00edcil de la Argentina. La provincia de Santa Fe es la \u00fanica de la Argentina que est\u00e1 licitando y armando planes y proyectos ejecutivos de obra p\u00fablica a gran escala. Lo hacemos porque nuestra provincia es inmensa y tiene un potencial productivo y econ\u00f3mico superior a la del resto. En segundo lugar, porque somos una administraci\u00f3n austera, que controla y que est\u00e1 encima de cada uno de los temas\u201d, concluy\u00f3 Pullaro.<\/p>\n\n\n\n<p> <strong>*Fomentar la inversi\u00f3n en obra p\u00fablica*<\/strong><\/p>\n\n\n\n<p> En tanto, el ministro de Obras P\u00fablicas, Lisandro Enrico, precis\u00f3 que \u201ccuando se arm\u00f3 la ley de ministerios, se modific\u00f3 la ley de la Direcci\u00f3n Provincial de Vivienda y Urbanismo, una ley que tiene ya m\u00e1s de 50 a\u00f1os para incorporar estos instrumentos. Y, en seis meses, el equipo de trabajo logr\u00f3 preparar este programa para abocarnos a un problema que detect\u00e1bamos: de 1.500.000 de hogares que hay en la Provincia de Santa Fe, 500.000 son hogares alquilados. Es decir, un tercio de la poblaci\u00f3n vive alquilando\u201d. Por otro lado, el ministro de Econom\u00eda, Pablo Olivares, sostuvo que \u201cla necesidad de abordar la atenci\u00f3n de todos los problemas fue una prioridad que nos marc\u00f3 el se\u00f1or Gobernador. A trav\u00e9s de esta sinergia que hacemos entre el Gobierno de la Provincia de Santa Fe, el Gobierno de la Municipalidad y del Banco Municipal, tratamos de romper obst\u00e1culos, de multiplicar el peso que todos los santafesinos ponen para que se transforman en m\u00e1s pesos que van a estar a disposici\u00f3n de aquellos que hoy atraviesan problemas habitacionales\u201d. De la actividad, llevada a cabo en la sede del Banco Municipal de Rosario, particip\u00f3 tambi\u00e9n el intendente local, Pablo Javkin, entre otras autoridades. <\/p>\n\n\n\n<p><strong>*Nido, una pol\u00edtica habitacional*<\/strong><\/p>\n\n\n\n<p> Por su parte, el presidente del Banco Municipal, Claudio Forneris, agradeci\u00f3 \u201cla confianza que han depositado en nosotros para llevar adelante este proyecto. Como banco, estamos seguros que podemos canalizar el ahorro para destinarlo al financiamiento estrat\u00e9gico\u201d. A su vez, la presidenta de la C\u00e1mara de Diputados y Diputadas de la Provincia, Clara Garc\u00eda, precis\u00f3 que \u201cesto es un hito. A\u00fan en una econom\u00eda tan compleja y de incertidumbres como la nuestra, la decisi\u00f3n pol\u00edtica del gobernador es destacable\u201d. Por \u00faltimo, el director Provincial de Vivienda y Urbanismo, Lucas Crivelli, brind\u00f3 detalles de cada una de las l\u00edneas de cr\u00e9dito disponibles y asever\u00f3 que \u201ceste programa es uno de los ejes de la pol\u00edtica habitacional de la provincia de Santa Fe. Primero, nos planteamos c\u00f3mo podemos exponenciar los recursos para que muchos m\u00e1s santafesinos lleguen a su vivienda. Y, por otro lado, c\u00f3mo hacer que estos recursos lleguen a la ciudadan\u00eda y sean accesibles\u201d.<\/p>\n","protected":false},"excerpt":{"rendered":"<p>Pullaro: \u201cLos cr\u00e9ditos Nido apuntan a las familias santafesinas que ven c\u00f3mo los sueldos se les van en el alquiler\u201d<\/p>\n","protected":false},"author":1,"featured_media":43347,"comment_status":"open","ping_status":"open","sticky":false,"template":"","format":"image","meta":{"_jetpack_memberships_contains_paid_content":false,"footnotes":"","jetpack_publicize_message":"","jetpack_publicize_feature_enabled":true,"jetpack_social_post_already_shared":true,"jetpack_social_options":{"image_generator_settings":{"template":"highway","default_image_id":0,"enabled":false},"version":2}},"categories":[8,1,2,7,3],"tags":[10826,10721,10798,2846],"class_list":["post-43346","post","type-post","status-publish","format-image","has-post-thumbnail","hentry","category-deliberando","category-diario-armstrong","category-locales","category-politica","category-region","tag-creditos-nido","tag-diario-armstrong-region","tag-lic-graciela-de-la-casa-4","tag-pullaro","post_format-post-format-image"],"jetpack_publicize_connections":[],"jetpack_featured_media_url":"https:\/\/armstrongyregion.com.ar\/diario\/wp-content\/uploads\/2024\/07\/Nido-1-.jpg","jetpack_shortlink":"https:\/\/wp.me\/p62QDO-bh8","jetpack_sharing_enabled":true,"amp_enabled":true,"_links":{"self":[{"href":"https:\/\/armstrongyregion.com.ar\/diario\/wp-json\/wp\/v2\/posts\/43346","targetHints":{"allow":["GET"]}}],"collection":[{"href":"https:\/\/armstrongyregion.com.ar\/diario\/wp-json\/wp\/v2\/posts"}],"about":[{"href":"https:\/\/armstrongyregion.com.ar\/diario\/wp-json\/wp\/v2\/types\/post"}],"author":[{"embeddable":true,"href":"https:\/\/armstrongyregion.com.ar\/diario\/wp-json\/wp\/v2\/users\/1"}],"replies":[{"embeddable":true,"href":"https:\/\/armstrongyregion.com.ar\/diario\/wp-json\/wp\/v2\/comments?post=43346"}],"version-history":[{"count":1,"href":"https:\/\/armstrongyregion.com.ar\/diario\/wp-json\/wp\/v2\/posts\/43346\/revisions"}],"predecessor-version":[{"id":43349,"href":"https:\/\/armstrongyregion.com.ar\/diario\/wp-json\/wp\/v2\/posts\/43346\/revisions\/43349"}],"wp:featuredmedia":[{"embeddable":true,"href":"https:\/\/armstrongyregion.com.ar\/diario\/wp-json\/wp\/v2\/media\/43347"}],"wp:attachment":[{"href":"https:\/\/armstrongyregion.com.ar\/diario\/wp-json\/wp\/v2\/media?parent=43346"}],"wp:term":[{"taxonomy":"category","embeddable":true,"href":"https:\/\/armstrongyregion.com.ar\/diario\/wp-json\/wp\/v2\/categories?post=43346"},{"taxonomy":"post_tag","embeddable":true,"href":"https:\/\/armstrongyregion.com.ar\/diario\/wp-json\/wp\/v2\/tags?post=43346"}],"curies":[{"name":"wp","href":"https:\/\/api.w.org\/{rel}","templated":true}]}}