{"id":43342,"date":"2024-07-04T00:01:22","date_gmt":"2024-07-04T00:01:22","guid":{"rendered":"https:\/\/armstrongyregion.com.ar\/diario\/?p=43342"},"modified":"2024-07-04T00:01:24","modified_gmt":"2024-07-04T00:01:24","slug":"homenaje-al-dr-jorge-bianchi-y-dos-minutas-de-comunicacion","status":"publish","type":"post","link":"https:\/\/armstrongyregion.com.ar\/diario\/homenaje-al-dr-jorge-bianchi-y-dos-minutas-de-comunicacion\/","title":{"rendered":"Homenaje al Dr. Jorge Bianchi y dos minutas de comunicaci\u00f3n."},"content":{"rendered":"\n<figure class=\"wp-block-image size-full\"><a href=\"http:\/\/armstrongyregion.com.ar\/diario\/wp-content\/uploads\/2024\/07\/Emi-Gramigna-3-7-24-.jpg\"><img loading=\"lazy\" decoding=\"async\" width=\"756\" height=\"756\" src=\"http:\/\/armstrongyregion.com.ar\/diario\/wp-content\/uploads\/2024\/07\/Emi-Gramigna-3-7-24-.jpg\" alt=\"\" class=\"wp-image-43343\" srcset=\"https:\/\/armstrongyregion.com.ar\/diario\/wp-content\/uploads\/2024\/07\/Emi-Gramigna-3-7-24-.jpg 756w, https:\/\/armstrongyregion.com.ar\/diario\/wp-content\/uploads\/2024\/07\/Emi-Gramigna-3-7-24--300x300.jpg 300w, https:\/\/armstrongyregion.com.ar\/diario\/wp-content\/uploads\/2024\/07\/Emi-Gramigna-3-7-24--150x150.jpg 150w\" sizes=\"auto, (max-width: 756px) 100vw, 756px\" \/><\/a><\/figure>\n\n\n\n<p>El edil manifest\u00f3: \u201cFue aprobado un proyecto donde una plaza de Armstrong llevar\u00e1 el nombre del Dr. Jorge Bianchi, un gran profesional de la ciudad, no solo fue un muy buen m\u00e9dico, sino que como persona acompa\u00f1\u00f3 a muchas familias en los procesos con sus ni\u00f1os y  con la sociedad en general. Hizo un gran aporte para el crecimiento de los chicos y los adolescentes en la ciudad\u201d.<br>Gramigna prosigui\u00f3 diciendo: \u201cSobre las palabras que tuvimos en la sesi\u00f3n coincidimos en que  es un merecido homenaje y todos tenemos conocimientos de \u00e9l en diferentes lugares, muchos por la parte m\u00e9dica, otros por la parte humana, otros por el barrio, pero nadie podr\u00e1 negar su car\u00e1cter totalmente profesional, una figura tan humana, que le ha brindado tantas facilidades a tantas familias de la ciudad y<br>por sobre todo haber brindado tanto cari\u00f1o a los chicos m\u00e1s all\u00e1 de curarlo de sus circunstanciales enfermedades acompa\u00f1ando a los padres y siendo una persona muy comprometida con la salud de los<br>ni\u00f1os y adolescentes\u201d.<br>El concejal abundo; \u201cQue una plaza lleve su nombre es algo totalmente maravilloso\u00bb.<br>Gramigna tambi\u00e9n destac\u00f3 la presentaci\u00f3n de dos minutas de comunicaci\u00f3n una solicitando conocer la lista de proveedores de bienes y servicios al municipio, de donde son y que rubros adem\u00e1s saber<br>qui\u00e9n est\u00e1 encargado del manejo de estos tr\u00e1mites.<br>La otra minuta se trata del pedido de iluminaci\u00f3n de calle San Martin desde Paraguay hasta la cancha del club Defensores en sus nuevas instalaciones, ya que en horas de la noche hay alto tr\u00e1nsito de chicos de  distintas disciplinas y se hace peligrosa la circulaci\u00f3n.<\/p>\n","protected":false},"excerpt":{"rendered":"<p>Homenaje al Dr. Jorge Bianchi y dos minutas de comunicaci\u00f3n.<\/p>\n","protected":false},"author":1,"featured_media":43343,"comment_status":"open","ping_status":"open","sticky":false,"template":"","format":"image","meta":{"_jetpack_memberships_contains_paid_content":false,"footnotes":"","jetpack_publicize_message":"","jetpack_publicize_feature_enabled":true,"jetpack_social_post_already_shared":true,"jetpack_social_options":{"image_generator_settings":{"template":"highway","default_image_id":0,"enabled":false},"version":2}},"categories":[8,1,2,7,3],"tags":[179,5030,10825,2072,8777],"class_list":["post-43342","post","type-post","status-publish","format-image","has-post-thumbnail","hentry","category-deliberando","category-diario-armstrong","category-locales","category-politica","category-region","tag-al","tag-diario-armstrong","tag-dr-jorge-bianchi","tag-homenaje","tag-lic-graciela-de-la-casa","post_format-post-format-image"],"jetpack_publicize_connections":[],"jetpack_featured_media_url":"https:\/\/armstrongyregion.com.ar\/diario\/wp-content\/uploads\/2024\/07\/Emi-Gramigna-3-7-24-.jpg","jetpack_shortlink":"https:\/\/wp.me\/p62QDO-bh4","jetpack_sharing_enabled":true,"amp_enabled":true,"_links":{"self":[{"href":"https:\/\/armstrongyregion.com.ar\/diario\/wp-json\/wp\/v2\/posts\/43342","targetHints":{"allow":["GET"]}}],"collection":[{"href":"https:\/\/armstrongyregion.com.ar\/diario\/wp-json\/wp\/v2\/posts"}],"about":[{"href":"https:\/\/armstrongyregion.com.ar\/diario\/wp-json\/wp\/v2\/types\/post"}],"author":[{"embeddable":true,"href":"https:\/\/armstrongyregion.com.ar\/diario\/wp-json\/wp\/v2\/users\/1"}],"replies":[{"embeddable":true,"href":"https:\/\/armstrongyregion.com.ar\/diario\/wp-json\/wp\/v2\/comments?post=43342"}],"version-history":[{"count":1,"href":"https:\/\/armstrongyregion.com.ar\/diario\/wp-json\/wp\/v2\/posts\/43342\/revisions"}],"predecessor-version":[{"id":43344,"href":"https:\/\/armstrongyregion.com.ar\/diario\/wp-json\/wp\/v2\/posts\/43342\/revisions\/43344"}],"wp:featuredmedia":[{"embeddable":true,"href":"https:\/\/armstrongyregion.com.ar\/diario\/wp-json\/wp\/v2\/media\/43343"}],"wp:attachment":[{"href":"https:\/\/armstrongyregion.com.ar\/diario\/wp-json\/wp\/v2\/media?parent=43342"}],"wp:term":[{"taxonomy":"category","embeddable":true,"href":"https:\/\/armstrongyregion.com.ar\/diario\/wp-json\/wp\/v2\/categories?post=43342"},{"taxonomy":"post_tag","embeddable":true,"href":"https:\/\/armstrongyregion.com.ar\/diario\/wp-json\/wp\/v2\/tags?post=43342"}],"curies":[{"name":"wp","href":"https:\/\/api.w.org\/{rel}","templated":true}]}}