{"id":43335,"date":"2024-07-03T18:23:01","date_gmt":"2024-07-03T18:23:01","guid":{"rendered":"https:\/\/armstrongyregion.com.ar\/diario\/?p=43335"},"modified":"2024-07-03T18:23:03","modified_gmt":"2024-07-03T18:23:03","slug":"el-socialismo-renovo-su-foro-de-autoridades-locales-y-fortalece-a-unidos-desde-el-territorio","status":"publish","type":"post","link":"https:\/\/armstrongyregion.com.ar\/diario\/el-socialismo-renovo-su-foro-de-autoridades-locales-y-fortalece-a-unidos-desde-el-territorio\/","title":{"rendered":"El Socialismo renov\u00f3 su foro de autoridades locales y fortalece a Unidos desde el territorio."},"content":{"rendered":"\n<figure class=\"wp-block-image size-full\"><a href=\"http:\/\/armstrongyregion.com.ar\/diario\/wp-content\/uploads\/2024\/07\/Foro-Socialismo-1.jpg\"><img loading=\"lazy\" decoding=\"async\" width=\"640\" height=\"427\" src=\"http:\/\/armstrongyregion.com.ar\/diario\/wp-content\/uploads\/2024\/07\/Foro-Socialismo-1.jpg\" alt=\"\" class=\"wp-image-43336\" srcset=\"https:\/\/armstrongyregion.com.ar\/diario\/wp-content\/uploads\/2024\/07\/Foro-Socialismo-1.jpg 640w, https:\/\/armstrongyregion.com.ar\/diario\/wp-content\/uploads\/2024\/07\/Foro-Socialismo-1-300x200.jpg 300w\" sizes=\"auto, (max-width: 640px) 100vw, 640px\" \/><\/a><\/figure>\n\n\n\n<h2 class=\"wp-block-heading\">Intendentes, presidentes comunales, concejales y legisladores se dieron cita en Santa Fe, donde Pablo Pinotti (Sunchales) fue elegido como nuevo coordinador del tradicional espacio. M\u00e1s de 50 pueblos y ciudades est\u00e1n conducidos por la fuerza. <\/h2>\n\n\n\n<figure class=\"wp-block-image size-full\"><a href=\"http:\/\/armstrongyregion.com.ar\/diario\/wp-content\/uploads\/2024\/07\/Foro-Socialismo-2.jpg\"><img loading=\"lazy\" decoding=\"async\" width=\"640\" height=\"427\" src=\"http:\/\/armstrongyregion.com.ar\/diario\/wp-content\/uploads\/2024\/07\/Foro-Socialismo-2.jpg\" alt=\"\" class=\"wp-image-43337\" srcset=\"https:\/\/armstrongyregion.com.ar\/diario\/wp-content\/uploads\/2024\/07\/Foro-Socialismo-2.jpg 640w, https:\/\/armstrongyregion.com.ar\/diario\/wp-content\/uploads\/2024\/07\/Foro-Socialismo-2-300x200.jpg 300w\" sizes=\"auto, (max-width: 640px) 100vw, 640px\" \/><\/a><\/figure>\n\n\n\n<h2 class=\"wp-block-heading\">Participaron Clara Garc\u00eda, Paco Garibaldi, Joaqu\u00edn Blanco, M\u00f3nica Fein, Esteban Paul\u00f3n, Antonio Bonfatti y m\u00e1s de 120 referentes.<\/h2>\n\n\n\n<p>El Partido Socialista (PS) reuni\u00f3 a intendentes, presidentes comunales, concejales y legisladores en el marco de su tradicional Foro de Autoridades Locales, espacio que renov\u00f3 su propia composici\u00f3n en consonancia con el inicio del gobierno provincial de Frente Unidos para cambiar Santa Fe. <\/p>\n\n\n\n<p>El intendente de Sunchales, Pablo Pinotti, qued\u00f3 al frente de la Mesa de Coordinaci\u00f3n, acompa\u00f1ado por las concejalas Mar\u00eda Laura Mondino (Santa Fe), Alicia Pino (Rosario) y Melina Andr\u00e9s (Laguna Paiva); y los presidentes comunales Jorge Al\u00e9 (San Antonio de Obligado), Carlos Pighin (Alvear) y Nahuel Cejas (Correa). <\/p>\n\n\n\n<p>El encuentro cont\u00f3 con la presencia de m\u00e1s de 120 referentes de toda la provincia, entre los que estuvieron la presidenta de la C\u00e1mara de Diputadas y Diputados, Clara Garc\u00eda; el diputado provincial y secretario general del PS Santa Fe, Joaqu\u00edn Blanco; el senador por La Capital, Paco Garibaldi; la diputada provincial y secretaria adjunta del PS, Varinia Drisun; el exgobernador y diputado provincial, Antonio Bonfatti; tambi\u00e9n los legisladores Pablo Far\u00edas, Rosana Bellatti, Mariano Cuvertino y el resto del bloque socialista. Pparticiparon el ministro de Ambiente y Cambio Clim\u00e1tico, Enrique Est\u00e9vez, y la ministra de Cultura, Susana Rueda; el intendente de Villa Gobernador G\u00e1lvez, Alberto Ricci; los diputados nacionales, Esteban Paul\u00f3n y M\u00f3nica Fein; los concejales rosarinos, Ver\u00f3nica Irizar y Federico Lifschitz. <\/p>\n\n\n\n<p>\u201cLos gobiernos locales son los m\u00e1s cercanos a la gente, los que est\u00e1n a tiro de que les golpeen la puerta y tienen una humanidad que a veces la pol\u00edtica m\u00e1s lejana pierde. Hoy hay un di\u00e1logo fluido y una vocaci\u00f3n del gobierno provincial de apoyar a los territorios y sus autoridades\u201d, asegur\u00f3 la legisladora. \u201cCuando el gobierno nacional recort\u00f3 recursos en forma generalizada, Santa Fe tuvo que readecuarse. Pero hoy ya se est\u00e1n viendo los programas de obras, las pol\u00edticas de atenci\u00f3n social y los resultados en materia de inseguridad. La pol\u00edtica tiene sentido en la soluci\u00f3n de los problemas cotidianos y esta cantidad de autoridades provinciales da cuenta de ello\u201d, afirm\u00f3 Clara Garc\u00eda. En sinton\u00eda, Blanco resalt\u00f3 la importancia del encuentro al se\u00f1alar la presencia de dirigentes de los 19 departamentos.<\/p>\n\n\n\n<p> \u201cEl Socialismo vive una etapa de renovaci\u00f3n a partir de la conformaci\u00f3n de Unidos, que se refleja en m\u00e1s intendencias, comunas y concejal\u00edas. Hoy m\u00e1s de 50 gobiernos locales est\u00e1n conducidos por nuestro partido y tenemos representaci\u00f3n en los principales concejos municipales de la provincia. Crecimos con militancia, con vocaci\u00f3n de competir, armando listas, sumando independientes, trabajando con las instituciones. Este foro \u2013continu\u00f3 el diputado provincial- busca darle sustento a la gesti\u00f3n del gobernador Maximiliano Pullaro, generar una mejor articulaci\u00f3n con la Legislatura provincial y tomar nota de los problemas de quienes viven en los pueblos y ciudades para trabajar en soluciones\u201d. <\/p>\n\n\n\n<p>Como nuevo titular del Foro de Autoridades Locales, Pablo Pinotti puso el acento en la complejidad que hoy supone gobernar. \u201cNos sentimos respaldados por un gobierno provincial con el que se puede discutir y por nuestros representantes en la Legislatura, que nos ayudan a definir proyectos para llevar adelante o a repensar las pol\u00edticas p\u00fablicas locales\u201d, expres\u00f3 el intendente de Sunchales. En tanto, la secretaria adjunta del PS, Varinia Drisun, valor\u00f3 \u201cel di\u00e1logo permanente de los legisladores socialistas con intendentes, presidentes comunales, concejales, vecinos e instituciones. <\/p>\n\n\n\n<p>De ese intercambio surgen las mejores ideas y soluciones. El Socialismo es un partido que estudia los temas en profundidad y en esa tarea estamos con todos los actores del territorio provincial\u201d. El diputado provincial y secretario de Organizaci\u00f3n del PS, Mariano Cuvertino, y la diputada y secretaria de Desarrollo Territorial del partido, Rosana Bellatti, fueron quienes coordinaron la actividad. \u201cMuestra la representatividad del socialismo a lo largo y ancho de la provincia, creciendo como organizaci\u00f3n pol\u00edtica y, al mismo tiempo, consolidando la experiencia del frente Unidos en Santa Fe\u201d, manifest\u00f3 el legislador.<\/p>\n","protected":false},"excerpt":{"rendered":"<p>El Socialismo renov\u00f3 su foro de autoridades locales y fortalece a Unidos desde el territorio.<\/p>\n","protected":false},"author":1,"featured_media":43336,"comment_status":"open","ping_status":"open","sticky":false,"template":"","format":"image","meta":{"_jetpack_memberships_contains_paid_content":false,"footnotes":"","jetpack_publicize_message":"","jetpack_publicize_feature_enabled":true,"jetpack_social_post_already_shared":true,"jetpack_social_options":{"image_generator_settings":{"template":"highway","default_image_id":0,"enabled":false},"version":2}},"categories":[8,1,2,7],"tags":[33,10721,3102,8777,5045,1448],"class_list":["post-43335","post","type-post","status-publish","format-image","has-post-thumbnail","hentry","category-deliberando","category-diario-armstrong","category-locales","category-politica","tag-a","tag-diario-armstrong-region","tag-foro","tag-lic-graciela-de-la-casa","tag-socialismo","tag-unidos","post_format-post-format-image"],"jetpack_publicize_connections":[],"jetpack_featured_media_url":"https:\/\/armstrongyregion.com.ar\/diario\/wp-content\/uploads\/2024\/07\/Foro-Socialismo-1.jpg","jetpack_shortlink":"https:\/\/wp.me\/p62QDO-bgX","jetpack_sharing_enabled":true,"amp_enabled":true,"_links":{"self":[{"href":"https:\/\/armstrongyregion.com.ar\/diario\/wp-json\/wp\/v2\/posts\/43335","targetHints":{"allow":["GET"]}}],"collection":[{"href":"https:\/\/armstrongyregion.com.ar\/diario\/wp-json\/wp\/v2\/posts"}],"about":[{"href":"https:\/\/armstrongyregion.com.ar\/diario\/wp-json\/wp\/v2\/types\/post"}],"author":[{"embeddable":true,"href":"https:\/\/armstrongyregion.com.ar\/diario\/wp-json\/wp\/v2\/users\/1"}],"replies":[{"embeddable":true,"href":"https:\/\/armstrongyregion.com.ar\/diario\/wp-json\/wp\/v2\/comments?post=43335"}],"version-history":[{"count":1,"href":"https:\/\/armstrongyregion.com.ar\/diario\/wp-json\/wp\/v2\/posts\/43335\/revisions"}],"predecessor-version":[{"id":43338,"href":"https:\/\/armstrongyregion.com.ar\/diario\/wp-json\/wp\/v2\/posts\/43335\/revisions\/43338"}],"wp:featuredmedia":[{"embeddable":true,"href":"https:\/\/armstrongyregion.com.ar\/diario\/wp-json\/wp\/v2\/media\/43336"}],"wp:attachment":[{"href":"https:\/\/armstrongyregion.com.ar\/diario\/wp-json\/wp\/v2\/media?parent=43335"}],"wp:term":[{"taxonomy":"category","embeddable":true,"href":"https:\/\/armstrongyregion.com.ar\/diario\/wp-json\/wp\/v2\/categories?post=43335"},{"taxonomy":"post_tag","embeddable":true,"href":"https:\/\/armstrongyregion.com.ar\/diario\/wp-json\/wp\/v2\/tags?post=43335"}],"curies":[{"name":"wp","href":"https:\/\/api.w.org\/{rel}","templated":true}]}}