{"id":43272,"date":"2024-06-28T02:35:11","date_gmt":"2024-06-28T02:35:11","guid":{"rendered":"https:\/\/armstrongyregion.com.ar\/diario\/?p=43272"},"modified":"2024-06-28T02:35:13","modified_gmt":"2024-06-28T02:35:13","slug":"el-concejal-gramigna-solicita-limpieza-y-reparaciones-en-distintos-sectores-de-la-ciudad","status":"publish","type":"post","link":"https:\/\/armstrongyregion.com.ar\/diario\/el-concejal-gramigna-solicita-limpieza-y-reparaciones-en-distintos-sectores-de-la-ciudad\/","title":{"rendered":"El concejal Gramigna, solicita limpieza y reparaciones en distintos sectores de la ciudad."},"content":{"rendered":"\n<figure class=\"wp-block-image size-full\"><a href=\"http:\/\/armstrongyregion.com.ar\/diario\/wp-content\/uploads\/2024\/05\/Emiliano-Gramigna-mayo-24-.jpg\"><img loading=\"lazy\" decoding=\"async\" width=\"640\" height=\"427\" src=\"http:\/\/armstrongyregion.com.ar\/diario\/wp-content\/uploads\/2024\/05\/Emiliano-Gramigna-mayo-24-.jpg\" alt=\"\" class=\"wp-image-42673\" srcset=\"https:\/\/armstrongyregion.com.ar\/diario\/wp-content\/uploads\/2024\/05\/Emiliano-Gramigna-mayo-24-.jpg 640w, https:\/\/armstrongyregion.com.ar\/diario\/wp-content\/uploads\/2024\/05\/Emiliano-Gramigna-mayo-24--300x200.jpg 300w\" sizes=\"auto, (max-width: 640px) 100vw, 640px\" \/><\/a><\/figure>\n\n\n\n<p>El concejal Emiliano Gramigna detall\u00f3 las minutas de comunicaci\u00f3n que su bloque present\u00f3 en la \u00faltima sesi\u00f3n del Concejo Deliberante de la ciudad y su contenido.<\/p>\n\n\n\n<p>El edil expres\u00f3: \u201cEn una de ella solicitamos la limpieza\u00a0 del canal que se encuentra a la vera de la calle Tortugas entre Paran\u00e1 y Camino 14, tambi\u00e9n en las inmediaciones de las v\u00edas f\u00e9rreas, donde hay pastizales muy altos y los vecinos nos transmitieron la inquietud por la presencia de roedores y la altura de los pastos,\u00a0 adem\u00e1s existe un problema con la iluminaci\u00f3n, ya que esa zona es utilizada por la gente para salir a caminar del lado norte y\u00a0 cada vez se est\u00e1 poblando m\u00e1s y se est\u00e1 convirtiendo en una zona urbana, ya no es rural ni nada por el estilo\u201d-<\/p>\n\n\n\n<p>Por ello el concejal afirm\u00f3 que<strong> \u201cel municipio debe tomar decisiones y ponerse a trabajar para limpiar todo ese lugar\u201d.<\/strong><\/p>\n\n\n\n<p>Sobre el otro pedido detall\u00f3 que \u201cse trata de la reparaci\u00f3n de la calle Buenos Aires, en calles Schaer y Tortugas, tambi\u00e9n&nbsp; este reclamo nos lo hicieron llegar los vecinos y&nbsp; nosotros venimos solicitando lo mismo desde hace mucho tiempo, sumado a que los residentes hab\u00edan solicitado que se repare la calle y no tuvieron respuesta favorable del ejecutivo\u201d.<\/p>\n\n\n\n<p>Gramigna adem\u00e1s fue consultado sobre un proyecto presentado por el ex concejal profesor Omar Maiani a lo que respondi\u00f3:<strong> \u201cConsidero que es muy bueno, ya que este concejo se caracteriza por tomar de la comunidad lo que la comunidad aporta y me parece que las dos fechas son importantes, tanto la declaratoria de ciudad de Armstrong como as\u00ed la del natalicio de Delmo Dar\u00f3\u201d.<\/strong><\/p>\n","protected":false},"excerpt":{"rendered":"<p>El concejal Gramigna, solicita limpieza y reparaciones en distintos sectores de la ciudad.<\/p>\n","protected":false},"author":1,"featured_media":43207,"comment_status":"open","ping_status":"open","sticky":false,"template":"","format":"image","meta":{"_jetpack_memberships_contains_paid_content":false,"footnotes":"","jetpack_publicize_message":"","jetpack_publicize_feature_enabled":true,"jetpack_social_post_already_shared":true,"jetpack_social_options":{"image_generator_settings":{"template":"highway","default_image_id":0,"enabled":false},"version":2}},"categories":[8,1,2,7,3],"tags":[8646,10721,15,979,8777,3589,10810,495,3030,13],"class_list":["post-43272","post","type-post","status-publish","format-image","has-post-thumbnail","hentry","category-deliberando","category-diario-armstrong","category-locales","category-politica","category-region","tag-ciudad-2","tag-diario-armstrong-region","tag-en","tag-gramigna","tag-lic-graciela-de-la-casa","tag-limpieza","tag-reparaciones","tag-sectores","tag-solicita","tag-y","post_format-post-format-image"],"jetpack_publicize_connections":[],"jetpack_featured_media_url":"https:\/\/armstrongyregion.com.ar\/diario\/wp-content\/uploads\/2024\/06\/Emi-Hogar-1-.jpg","jetpack_shortlink":"https:\/\/wp.me\/p62QDO-bfW","jetpack_sharing_enabled":true,"amp_enabled":true,"_links":{"self":[{"href":"https:\/\/armstrongyregion.com.ar\/diario\/wp-json\/wp\/v2\/posts\/43272","targetHints":{"allow":["GET"]}}],"collection":[{"href":"https:\/\/armstrongyregion.com.ar\/diario\/wp-json\/wp\/v2\/posts"}],"about":[{"href":"https:\/\/armstrongyregion.com.ar\/diario\/wp-json\/wp\/v2\/types\/post"}],"author":[{"embeddable":true,"href":"https:\/\/armstrongyregion.com.ar\/diario\/wp-json\/wp\/v2\/users\/1"}],"replies":[{"embeddable":true,"href":"https:\/\/armstrongyregion.com.ar\/diario\/wp-json\/wp\/v2\/comments?post=43272"}],"version-history":[{"count":1,"href":"https:\/\/armstrongyregion.com.ar\/diario\/wp-json\/wp\/v2\/posts\/43272\/revisions"}],"predecessor-version":[{"id":43273,"href":"https:\/\/armstrongyregion.com.ar\/diario\/wp-json\/wp\/v2\/posts\/43272\/revisions\/43273"}],"wp:featuredmedia":[{"embeddable":true,"href":"https:\/\/armstrongyregion.com.ar\/diario\/wp-json\/wp\/v2\/media\/43207"}],"wp:attachment":[{"href":"https:\/\/armstrongyregion.com.ar\/diario\/wp-json\/wp\/v2\/media?parent=43272"}],"wp:term":[{"taxonomy":"category","embeddable":true,"href":"https:\/\/armstrongyregion.com.ar\/diario\/wp-json\/wp\/v2\/categories?post=43272"},{"taxonomy":"post_tag","embeddable":true,"href":"https:\/\/armstrongyregion.com.ar\/diario\/wp-json\/wp\/v2\/tags?post=43272"}],"curies":[{"name":"wp","href":"https:\/\/api.w.org\/{rel}","templated":true}]}}