{"id":43267,"date":"2024-06-28T01:39:21","date_gmt":"2024-06-28T01:39:21","guid":{"rendered":"https:\/\/armstrongyregion.com.ar\/diario\/?p=43267"},"modified":"2024-06-28T01:39:23","modified_gmt":"2024-06-28T01:39:23","slug":"los-gobernadores-de-la-region-centro-reclamaron-por-la-deuda-de-anses-con-las-tres-provincias","status":"publish","type":"post","link":"https:\/\/armstrongyregion.com.ar\/diario\/los-gobernadores-de-la-region-centro-reclamaron-por-la-deuda-de-anses-con-las-tres-provincias\/","title":{"rendered":"Los gobernadores de la Regi\u00f3n Centro reclamaron por la deuda de Ans\u00e9s con las tres provincias."},"content":{"rendered":"\n<figure class=\"wp-block-image size-full\"><a href=\"http:\/\/armstrongyregion.com.ar\/diario\/wp-content\/uploads\/2024\/06\/Region-Centro-27-6-24-.jpg\"><img loading=\"lazy\" decoding=\"async\" width=\"800\" height=\"500\" src=\"http:\/\/armstrongyregion.com.ar\/diario\/wp-content\/uploads\/2024\/06\/Region-Centro-27-6-24-.jpg\" alt=\"\" class=\"wp-image-43268\" srcset=\"https:\/\/armstrongyregion.com.ar\/diario\/wp-content\/uploads\/2024\/06\/Region-Centro-27-6-24-.jpg 800w, https:\/\/armstrongyregion.com.ar\/diario\/wp-content\/uploads\/2024\/06\/Region-Centro-27-6-24--300x188.jpg 300w, https:\/\/armstrongyregion.com.ar\/diario\/wp-content\/uploads\/2024\/06\/Region-Centro-27-6-24--768x480.jpg 768w\" sizes=\"auto, (max-width: 800px) 100vw, 800px\" \/><\/a><\/figure>\n\n\n\n<figure class=\"wp-block-table\"><table><tbody><tr><td><strong>Pullaro, Frigerio y Llaryora, se reunieron este jueves en la ciudad de Santa Fe donde firmaron un documento exigiendo soluciones a la problem\u00e1tica de financiamiento de los d\u00e9ficits de los sistemas previsionales. Los acompa\u00f1aron legisladores y funcionarios de las tres jurisdicciones.\u00a0<\/strong><br>\u00a0<\/td><td>&nbsp;<\/td><\/tr><\/tbody><\/table><figcaption class=\"wp-element-caption\">Los gobernadores de Santa Fe, Maximiliano Pullaro; C\u00f3rdoba, Mart\u00edn Llaryora; y Entre R\u00edos, Rogelio Frigerio, encabezaron este jueves una nueva reuni\u00f3n de la Regi\u00f3n Centro para trabajar sobre la deuda de Anses con las respectivas Cajas de Jubilaciones. All\u00ed firmaron una declaraci\u00f3n para abordar en forma conjunta y consensuada con el Estado Nacional la problem\u00e1tica del financiamiento de los d\u00e9ficits de los sistemas previsionales de las provincias de C\u00f3rdoba, Entre R\u00edos y Santa Fe.\u00a0\u201cEl desaf\u00edo que tenemos como Regi\u00f3n Centro es reclamar la deuda que tiene\u00a0 Naci\u00f3n con nuestras Cajas de Jubilaciones. Es importante que podamos plantear estos temas de fondo, son pol\u00edticas de Estado. Para eso tenemos que hacernos muy fuertes y reclamar lo que nos corresponde, que es que se respete la ley y el federalismo\u201d, afirm\u00f3 el gobernador santafesino.<br>En la actividad que se llev\u00f3 a cabo en el Sal\u00f3n Blanco de Casa de Gobierno de Santa Fe, el actual presidente pro t\u00e9mpore de la Regi\u00f3n Centro, Pullaro, sostuvo adem\u00e1s que \u201cel otro desaf\u00edo que tenemos particularmente en la provincia de Santa Fe es cuidar la Caja de Jubilaciones de los empleados p\u00fablicos. Eso implica tener un debate profundo, que no es f\u00e1cil de llevar adelante, porque son estos temas que incomodan mucho. Entendemos que es injusto que muchos trabajadores del sector privado y empresarios terminen sosteniendo con sus impuestos el d\u00e9ficit que tenemos en la provincia de Santa Fe\u201d.\u00a0<br>En ese punto, el gobernador de Santa Fe afirm\u00f3 que \u201cdebatir este tema en profundidad no implica sacar derechos, sino cuidar la Caja de Jubilaciones de los empleados p\u00fablicos. Este tema importante que hoy nos re\u00fane tiene que ver con una discusi\u00f3n del federalismo, con las causas que entendemos que son justas y que tenemos que salir a defender\u201d.\u00a0<br><strong>Defender derechos<\/strong><br>Por su parte,\u00a0 Llaryora afirm\u00f3 que \u201ceste tema tiene un impacto fundamental en cada una de las provincias. Por eso tenemos que empezar a darle definiciones concretas. En C\u00f3rdoba hemos tomado decisiones, ninguna ha sido f\u00e1cil. Nos est\u00e1n enviando cero pesos, esto no pas\u00f3 nunca. Los tres gobernadores estamos cumpliendo con las obligaciones y queremos que se discuta este problema de Estado compartido por todos\u201d.\u00a0<br>En tanto, Frigerio, dijo que \u201cestamos hoy ac\u00e1 en defensa de nuestros derechos, en t\u00e9rminos de ser tres provincias que no han transferido su Caja Previsional, que tiene que estar asistida por el Gobierno Nacional como la ley, con mucha precisi\u00f3n, lo demanda\u201d.<br><img decoding=\"async\" src=\"https:\/\/ci3.googleusercontent.com\/meips\/ADKq_Na7Vjazj1Sbj3al9HeiQRn5dcfsiELjwKW1q23h1SiRkzCldiqaNEhl9hIaBcwJzjoFW_u-OiwJuaw_l-cYLc6munmHLj81XS10sZzGiExmVARMex2JMlul3W2LadG9GuYrtgILULtG6cJhAFg=s0-d-e1-ft#https:\/\/www.santafe.gob.ar\/noticias\/recursos\/fotos\/2024\/06\/2024-06-27NID_280564O_2.jpeg\" alt=\"\"><strong>D\u00e9ficit que paga la ciudadan\u00eda<\/strong><br>Por otro lado, el secretario de Seguridad Social de Santa Fe, Jorge Boasso, indic\u00f3 que \u201choy calculamos que Santa Fe es acreedora de Naci\u00f3n por aproximadamente 800.000 millones de pesos. En lo que va del 2024 la deuda alcanza 172.000 millones de pesos, ya mucho m\u00e1s que todo el 2023. Todo este d\u00e9ficit lo pagan todos los santafesinos\u00bb.<br><br>Tambi\u00e9n expusieron su postura los presidentes de las cajas de Jubilaciones de Entre R\u00edos, Gast\u00f3n Bagnat; y de C\u00f3rdoba, Adri\u00e1n Daniele.\u00a0<br>A su vez, la presidenta de la C\u00e1mara de Diputados, Clara Garc\u00eda, expres\u00f3: \u201cNos interesa que la Caja de Previsi\u00f3n santafesina siga en la \u00f3rbita de Santa Fe. Vemos con benepl\u00e1cito y apoyo los reclamos para cobrar la deuda, pero tambi\u00e9n para legitimar el derecho que nos asiste a cobrarlo. Ojal\u00e1 sea este otro hito hist\u00f3rico\u201d.<br>Mientras, el presidente provisional del Senado y senador por el departamento San Crist\u00f3bal, Felipe Michlig, sentenci\u00f3 que \u201cestamos reclamando lo que nos corresponde, para que definitivamente, como lo define nuestra Constituci\u00f3n Nacional, se cumpla con el federalismo en la Rep\u00fablica Argentina\u00bb.<br>A su turno, tambi\u00e9n se refirieron a esta situaci\u00f3n el presidente provisorio de la Legislatura de C\u00f3rdoba, Facundo Torres Lima, y el presidente de la C\u00e1mara de Diputados de Entre R\u00edos, Gustavo Hein.<br>Participaron tambi\u00e9n del encuentro el presidente provisorio de la Legislatura de C\u00f3rdoba, Facundo Torres Lima; el presidente de la C\u00e1mara de Diputados de Entre R\u00edos, Gustavo Hein; los presidentes de las cajas de Jubilaciones de Entre R\u00edos, Gast\u00f3n Bagnat; y de C\u00f3rdoba, Adri\u00e1n Daniele; exgobernadores de la provincia de Santa Fe, legisladores nacionales y provinciales, ministros y secretarios de los poderes Ejecutivos de las tres provincias, representantes de la Mesa Ejecutiva de la Regi\u00f3n Centro: por Santa Fe, Claudia Giaccone; por C\u00f3rdoba, Juan Carlos Massei; y por Entre R\u00edos, Jorge Chemes; entre otros.<\/figcaption><\/figure>\n","protected":false},"excerpt":{"rendered":"<p>Los gobernadores de la Regi\u00f3n Centro reclamaron por la deuda de Ans\u00e9s con las tres provincias.<\/p>\n","protected":false},"author":1,"featured_media":43268,"comment_status":"open","ping_status":"open","sticky":false,"template":"","format":"image","meta":{"_jetpack_memberships_contains_paid_content":false,"footnotes":"","jetpack_publicize_message":"","jetpack_publicize_feature_enabled":true,"jetpack_social_post_already_shared":true,"jetpack_social_options":{"image_generator_settings":{"template":"highway","default_image_id":0,"enabled":false},"version":2}},"categories":[8,1,2,7,3],"tags":[19,10721,10807,8777,42,10515],"class_list":["post-43267","post","type-post","status-publish","format-image","has-post-thumbnail","hentry","category-deliberando","category-diario-armstrong","category-locales","category-politica","category-region","tag-de","tag-diario-armstrong-region","tag-gobernadores","tag-lic-graciela-de-la-casa","tag-los","tag-region-centro","post_format-post-format-image"],"jetpack_publicize_connections":[],"jetpack_featured_media_url":"https:\/\/armstrongyregion.com.ar\/diario\/wp-content\/uploads\/2024\/06\/Region-Centro-27-6-24-.jpg","jetpack_shortlink":"https:\/\/wp.me\/p62QDO-bfR","jetpack_sharing_enabled":true,"amp_enabled":true,"_links":{"self":[{"href":"https:\/\/armstrongyregion.com.ar\/diario\/wp-json\/wp\/v2\/posts\/43267","targetHints":{"allow":["GET"]}}],"collection":[{"href":"https:\/\/armstrongyregion.com.ar\/diario\/wp-json\/wp\/v2\/posts"}],"about":[{"href":"https:\/\/armstrongyregion.com.ar\/diario\/wp-json\/wp\/v2\/types\/post"}],"author":[{"embeddable":true,"href":"https:\/\/armstrongyregion.com.ar\/diario\/wp-json\/wp\/v2\/users\/1"}],"replies":[{"embeddable":true,"href":"https:\/\/armstrongyregion.com.ar\/diario\/wp-json\/wp\/v2\/comments?post=43267"}],"version-history":[{"count":1,"href":"https:\/\/armstrongyregion.com.ar\/diario\/wp-json\/wp\/v2\/posts\/43267\/revisions"}],"predecessor-version":[{"id":43269,"href":"https:\/\/armstrongyregion.com.ar\/diario\/wp-json\/wp\/v2\/posts\/43267\/revisions\/43269"}],"wp:featuredmedia":[{"embeddable":true,"href":"https:\/\/armstrongyregion.com.ar\/diario\/wp-json\/wp\/v2\/media\/43268"}],"wp:attachment":[{"href":"https:\/\/armstrongyregion.com.ar\/diario\/wp-json\/wp\/v2\/media?parent=43267"}],"wp:term":[{"taxonomy":"category","embeddable":true,"href":"https:\/\/armstrongyregion.com.ar\/diario\/wp-json\/wp\/v2\/categories?post=43267"},{"taxonomy":"post_tag","embeddable":true,"href":"https:\/\/armstrongyregion.com.ar\/diario\/wp-json\/wp\/v2\/tags?post=43267"}],"curies":[{"name":"wp","href":"https:\/\/api.w.org\/{rel}","templated":true}]}}