{"id":43265,"date":"2024-06-28T01:35:00","date_gmt":"2024-06-28T01:35:00","guid":{"rendered":"https:\/\/armstrongyregion.com.ar\/diario\/?p=43265"},"modified":"2024-06-28T01:35:03","modified_gmt":"2024-06-28T01:35:03","slug":"armstrong-la-secretaria-de-gobierno-responde-sobre-fondos-que-fueron-cuestionados","status":"publish","type":"post","link":"https:\/\/armstrongyregion.com.ar\/diario\/armstrong-la-secretaria-de-gobierno-responde-sobre-fondos-que-fueron-cuestionados\/","title":{"rendered":"Armstrong. La secretaria de gobierno responde sobre fondos que fueron cuestionados."},"content":{"rendered":"\n<figure class=\"wp-block-image size-full\"><a href=\"http:\/\/armstrongyregion.com.ar\/diario\/wp-content\/uploads\/2022\/11\/Daniela-Perez-29-11-22-.jpg\"><img loading=\"lazy\" decoding=\"async\" width=\"634\" height=\"405\" src=\"http:\/\/armstrongyregion.com.ar\/diario\/wp-content\/uploads\/2022\/11\/Daniela-Perez-29-11-22-.jpg\" alt=\"\" class=\"wp-image-36701\" srcset=\"https:\/\/armstrongyregion.com.ar\/diario\/wp-content\/uploads\/2022\/11\/Daniela-Perez-29-11-22-.jpg 634w, https:\/\/armstrongyregion.com.ar\/diario\/wp-content\/uploads\/2022\/11\/Daniela-Perez-29-11-22--300x192.jpg 300w\" sizes=\"auto, (max-width: 634px) 100vw, 634px\" \/><\/a><\/figure>\n\n\n\n<p>Daniela P\u00e9rez a cargo de la secretaria de gobierno del municipio respondi\u00f3 sobre el destino que han tenido los fondos que eran para el hogar de ancianos e hizo esta referencia: \u201cNosotros trabajamos los 365 d\u00edas del a\u00f1o, independientemente si hay o no elecciones, entendemos que estamos sumergidos en un momento preelectoral donde algunos candidatos levantan el tono, siembran dudas, plantean sus posturas que es totalmente respetable porque piensan distinto a nosotros y esta bien que as\u00ed lo manifiesten porque son sus propuestas\u201d\u2026<\/p>\n\n\n\n<p>La funcionaria municipal avanz\u00f3 en sus declaraciones diciendo: \u201cde parte del municipio nosotros tenemos un proyecto muy ambicioso con respecto a la salud p\u00fablica en trabajo conjunto con el SAMCO local. Armstrong enorgullece con la salud p\u00fablica que tiene, no solo en lo local, sino tambi\u00e9n en lo zonal\u201d.<\/p>\n\n\n\n<p>M\u00e1s adelante Daniela P\u00e9rez remarc\u00f3: \u201chemos sido pioneros en numerosos temas y queremos seguir trabajando en esa l\u00ednea, sabemos que en diciembre hubo un cambio de gesti\u00f3n a nivel provincial, las gestiones iniciadas volvieron a foja cero y estamos retomando, acompa\u00f1ados por el senador Pablo Verdecchia e impulsados por el intendente Guillermo Luzzi y con el acompa\u00f1amiento del SAMCO\u201d.<\/p>\n\n\n\n<p>\u201cSabemos que hay otras necesidades m\u00e1s all\u00e1 de atender a gente de la tercera edad \u2013 agreg\u00f3 a secretaria de gobierno \u2013 como atender tratamientos m\u00e9dicos, tratamientos oncol\u00f3gicos, di\u00e1lisis, rehabilitaci\u00f3n. Nosotros estamos trabajando en un proyecto ambicioso y muy necesario para todos los armstronenses. Consideramos que no somos anunciadores cr\u00f3nicos, no es nuestro estilo anunciar cosas que a\u00fan no se han concretado, lo que s\u00ed somos muy cautelosos a la hora de contarle a la gente que es lo que se viene para Armstrong, ni bien tengamos confirmaciones y avances de las gestiones que estamos haciendo vamos a anunciar cual va a ser el destino del ex edificio del Hogar de Ancianos\u201d<\/p>\n\n\n\n<p>Tambi\u00e9n dijo: \u201cNo obstante m\u00e1s all\u00e1 de eso en algunas oportunidades que se siembran dudas acerca del manejo de los fondos, de los presupuestos de cu\u00e1nto dinero se destina al hogar de ancianos escuch\u00e9 que dec\u00edan que se hab\u00edan puesto 3 millones en un presupuesto, el concejo municipal aprob\u00f3 el 4 de junio el balance de lo ejecutado en el 2023, en lo que hace al hogar de ancianos se ejecut\u00f3 cero pesos, ac\u00e1 nadie se va a quedar con nada que no es nuestro, somos una gesti\u00f3n ordenada y transparente\u201d.<\/p>\n\n\n\n<p>\u201cAdem\u00e1s nosotros no nos vamos a quedar con nada que no corresponda, porque no tenemos la ma\u00f1a de quedarnos con lo ajeno, es fundamental que nosotros lo digamos, porque se trata de sembrar dudas sobre temas netamente transparentes\u201d agreg\u00f3.<\/p>\n\n\n\n<p>\u201cM\u00e1s all\u00e1 de eso me llamo la atenci\u00f3n que justamente los dos concejales que buscan de alguna forma sembrar dudas o interpelar al oficialismo, son los mismos concejales que el a\u00f1o pasado a 10 d\u00edas de las elecciones entregaron tablets del gobierno nacional a la gente de la tercera edad buscando alg\u00fan votito\u201d. Finaliz\u00f3 la funcionaria.<\/p>\n","protected":false},"excerpt":{"rendered":"<p>Armstrong. La secretaria de gobierno responde sobre fondos que fueron cuestionados.<\/p>\n","protected":false},"author":1,"featured_media":36701,"comment_status":"open","ping_status":"open","sticky":false,"template":"","format":"image","meta":{"_jetpack_memberships_contains_paid_content":false,"footnotes":"","jetpack_publicize_message":"","jetpack_publicize_feature_enabled":true,"jetpack_social_post_already_shared":true,"jetpack_social_options":{"image_generator_settings":{"template":"highway","default_image_id":0,"enabled":false},"version":2}},"categories":[8,1,2,7,3],"tags":[20,10806,9913,19,10721,3950,38,31,8777,1799],"class_list":["post-43265","post","type-post","status-publish","format-image","has-post-thumbnail","hentry","category-deliberando","category-diario-armstrong","category-locales","category-politica","category-region","tag-armstrong","tag-cuestionados","tag-daniela-perez","tag-de","tag-diario-armstrong-region","tag-fondos","tag-gobierno","tag-la","tag-lic-graciela-de-la-casa","tag-secretaria","post_format-post-format-image"],"jetpack_publicize_connections":[],"jetpack_featured_media_url":"https:\/\/armstrongyregion.com.ar\/diario\/wp-content\/uploads\/2022\/11\/Daniela-Perez-29-11-22-.jpg","jetpack_shortlink":"https:\/\/wp.me\/p62QDO-bfP","jetpack_sharing_enabled":true,"amp_enabled":true,"_links":{"self":[{"href":"https:\/\/armstrongyregion.com.ar\/diario\/wp-json\/wp\/v2\/posts\/43265","targetHints":{"allow":["GET"]}}],"collection":[{"href":"https:\/\/armstrongyregion.com.ar\/diario\/wp-json\/wp\/v2\/posts"}],"about":[{"href":"https:\/\/armstrongyregion.com.ar\/diario\/wp-json\/wp\/v2\/types\/post"}],"author":[{"embeddable":true,"href":"https:\/\/armstrongyregion.com.ar\/diario\/wp-json\/wp\/v2\/users\/1"}],"replies":[{"embeddable":true,"href":"https:\/\/armstrongyregion.com.ar\/diario\/wp-json\/wp\/v2\/comments?post=43265"}],"version-history":[{"count":1,"href":"https:\/\/armstrongyregion.com.ar\/diario\/wp-json\/wp\/v2\/posts\/43265\/revisions"}],"predecessor-version":[{"id":43266,"href":"https:\/\/armstrongyregion.com.ar\/diario\/wp-json\/wp\/v2\/posts\/43265\/revisions\/43266"}],"wp:featuredmedia":[{"embeddable":true,"href":"https:\/\/armstrongyregion.com.ar\/diario\/wp-json\/wp\/v2\/media\/36701"}],"wp:attachment":[{"href":"https:\/\/armstrongyregion.com.ar\/diario\/wp-json\/wp\/v2\/media?parent=43265"}],"wp:term":[{"taxonomy":"category","embeddable":true,"href":"https:\/\/armstrongyregion.com.ar\/diario\/wp-json\/wp\/v2\/categories?post=43265"},{"taxonomy":"post_tag","embeddable":true,"href":"https:\/\/armstrongyregion.com.ar\/diario\/wp-json\/wp\/v2\/tags?post=43265"}],"curies":[{"name":"wp","href":"https:\/\/api.w.org\/{rel}","templated":true}]}}