{"id":43261,"date":"2024-06-26T21:49:57","date_gmt":"2024-06-26T21:49:57","guid":{"rendered":"https:\/\/armstrongyregion.com.ar\/diario\/?p=43261"},"modified":"2024-06-26T21:50:00","modified_gmt":"2024-06-26T21:50:00","slug":"pullaro-es-importante-estar-en-el-territorio-y-escuchar-a-los-intendentes","status":"publish","type":"post","link":"https:\/\/armstrongyregion.com.ar\/diario\/pullaro-es-importante-estar-en-el-territorio-y-escuchar-a-los-intendentes\/","title":{"rendered":"Pullaro: \u201cEs importante estar en el territorio y escuchar a los intendentes\u201d"},"content":{"rendered":"\n<figure class=\"wp-block-image size-full\"><a href=\"http:\/\/armstrongyregion.com.ar\/diario\/wp-content\/uploads\/2024\/06\/chale-pullaro.jpg\"><img loading=\"lazy\" decoding=\"async\" width=\"800\" height=\"533\" src=\"http:\/\/armstrongyregion.com.ar\/diario\/wp-content\/uploads\/2024\/06\/chale-pullaro.jpg\" alt=\"\" class=\"wp-image-43262\" srcset=\"https:\/\/armstrongyregion.com.ar\/diario\/wp-content\/uploads\/2024\/06\/chale-pullaro.jpg 800w, https:\/\/armstrongyregion.com.ar\/diario\/wp-content\/uploads\/2024\/06\/chale-pullaro-300x200.jpg 300w, https:\/\/armstrongyregion.com.ar\/diario\/wp-content\/uploads\/2024\/06\/chale-pullaro-768x512.jpg 768w\" sizes=\"auto, (max-width: 800px) 100vw, 800px\" \/><\/a><\/figure>\n\n\n\n<h2 class=\"wp-block-heading\">El Gobernador encabez\u00f3 este mi\u00e9rcoles en Totoras, departamento Iriondo, una nueva reuni\u00f3n de trabajo su gabinete. En este contexto, se firmaron convenios. El mandatario provincial se refiri\u00f3 al respaldo a la producci\u00f3n y el acuerdo con Naci\u00f3n por la continuidad de obras.<\/h2>\n\n\n\n<p>El gobernador Maximiliano Pullaro encabez\u00f3 este mi\u00e9rcoles una reuni\u00f3n de trabajo de su gabinete en la ciudad de Totoras, departamento Iriondo, con el objetivo de recabar las preocupaciones y necesidades de la regi\u00f3n. Del encuentro tambi\u00e9n participaron el senador por el departamento Iriondo, Hugo Rasetto, y los intendentes de Totoras, Guadalupe Lanatti; y de Ca\u00f1ada de G\u00f3mez, Mat\u00edas Chale.<\/p>\n\n\n\n<p>En la oportunidad, Pullaro destac\u00f3 la importancia de \u201cestar en el territorio, escuchar a los intendentes para que se puedan familiarizar con los ministros y secretarios, plantear los temas que tienen demorados, charlar los proyectos y las iniciativas que tienen para que sus localidades se puedan desarrollarse y crecer\u201d. En esta l\u00ednea, el Gobernador valor\u00f3 que \u201cesta cercan\u00eda nos hace ser mucho m\u00e1s fuertes como autoridades pol\u00edticas de la provincia y de las localidades. Esto es lo que intentamos hacer con este tipo de encuentros, cuando movilizamos al gabinete, para compartir temas importantes, discutir otros y presentar los programas que vamos a llevar adelante en el territorio santafesino\u201d.<\/p>\n\n\n\n<figure class=\"wp-block-image\"><img decoding=\"async\" src=\"https:\/\/ci3.googleusercontent.com\/meips\/ADKq_NY7csyafTtDMA5YwH9jlXEKRDi5Lpd59zuMH-AJVB0SEFb_OYlcxrwAk8aNeSbxSc5ntH7WgalV3A-zxCSdCsd54JaTHzUVnSnlzImWsukZfHCjhTyJAY71OGp7MHUC2pOrPQrVZkrNrYiENQo=s0-d-e1-ft#https:\/\/www.santafe.gov.ar\/noticias\/recursos\/fotos\/2024\/06\/2024-06-26NID_280562O_2.jpeg\" alt=\"\"\/><\/figure>\n\n\n\n<p><strong>Invertir en obra p\u00fablica<\/strong><br>Adem\u00e1s, Pullaro se refiri\u00f3 al acuerdo que firm\u00f3 con Naci\u00f3n para la continuidad de obras asegurando haberse \u201cencontrado con un Gobierno nacional que ten\u00eda cerca de 200 obras p\u00fablicas en la provincia de Santa Fe y que hab\u00eda planteado no continuar con ninguna. Por supuesto, tuvimos mucha articulaci\u00f3n para que se comprenda la magnitud de lo que deb\u00eda ser la reestructuraci\u00f3n de las obras que ten\u00eda que llevar adelante\u201d.<\/p>\n\n\n\n<p>En este sentido, el Gobernador valor\u00f3 que \u201cdespu\u00e9s de mucho di\u00e1logo, Naci\u00f3n cedi\u00f3 ante la necesidad de poder ejecutar algunas de las obras que reclamamos, que principalmente tienen que ver con la reparaci\u00f3n de rutas nacionales. Aunque parezca poco, esas mejoras hace tiempo que se hab\u00edan dejado de llevar adelante en la provincia\u201d.<\/p>\n\n\n\n<p>Por otro lado, remarc\u00f3 que su Gobierno \u201ctom\u00f3 la responsabilidad de terminar algunos proyectos que hab\u00eda comenzado Naci\u00f3n. Por eso, el resto de las provincias nos est\u00e1n mirando como si fu\u00e9semos un bicho raro. Santa Fe ha logrado ordenar sus cuentas y ser previsible tambi\u00e9n para ejecutar montos superiores a la media en el orden nacional\u201d.<\/p>\n\n\n\n<p>Por \u00faltimo, Pullaro se refiri\u00f3 a las rutas del complejo interportuario indicando que \u00abterminan siendo el canal conductor a los puertos que est\u00e1n emplazados en la provincia de Santa Fe. Le pedimos a Naci\u00f3n que nos conceda las trazas nacionales para poder administrarlas y hacer las obras que necesita la producci\u00f3n para poder salir. Eso nos va a permitir mayor agilidad e inversi\u00f3n\u201d. \u201cComo Gobierno provincial hacemos una defensa ac\u00e9rrima de nuestro sector productivo\u201d.<\/p>\n\n\n\n<figure class=\"wp-block-image\"><img decoding=\"async\" src=\"https:\/\/ci3.googleusercontent.com\/meips\/ADKq_NZ7AXq4h_8pd0H6cCytA3J9cCAp2V4dJTOMJPlqcMdxT7l7mgMT-OOT9niGUAMaDPY3NcFCYwDEeMAbnatIgFb52L6vDloMajezv_fQi73L7cUq_iQc_UgNoYBGVHtt1Bv7k0sKpWXnXuUE604=s0-d-e1-ft#https:\/\/www.santafe.gov.ar\/noticias\/recursos\/fotos\/2024\/06\/2024-06-26NID_280562O_3.jpeg\" alt=\"\"\/><\/figure>\n\n\n\n<p><strong>Gobierno de cercan\u00eda<\/strong><br>Por su parte, Rasetto agradeci\u00f3 al Gobernador \u201cpor acompa\u00f1arnos una vez m\u00e1s a los ciudadanos de cada una de las localidades y autoridades del departamento Iriondo. Todo el gabinete es muy cercano y permanentemente nos est\u00e1 visitando. Es un Gobierno abierto, llano, cercano, predispuesto, que escucha, que atiende el tel\u00e9fono, que pone la cara y que cuando hay un problema se hace cargo. Esa es la calidad de un Gobierno que hace la diferencia\u201d.<\/p>\n\n\n\n<p>En tanto, Lanatti se\u00f1al\u00f3 que \u201ces un honor recibir al gobernador Pullaro y a todo su gabinete, que est\u00e1n demostrando con hechos esta cercan\u00eda en el territorio, que se\u00f1ala desde su primer d\u00eda de gesti\u00f3n y lo concreta\u201d. Adem\u00e1s precis\u00f3 que firm\u00f3 un convenio con Provincia por $200 millones para la construcci\u00f3n de un polideportivo.<\/p>\n\n\n\n<p>Por \u00faltimo, Chale detall\u00f3 que \u201choy firmamos el plan de obras urbanas para Ca\u00f1ada de G\u00f3mez por un monto de casi $ 580 millones, que ya est\u00e1 presentado el proyecto. Este es un trabajo que se viene haciendo con el equipo del Municipio y de la Provincia, junto con instituciones de la ciudad\u201d.<\/p>\n\n\n\n<p>Cabe se\u00f1alar que desde que asumi\u00f3 su gesti\u00f3n, Maximiliano Pullaro decidi\u00f3 cambiar la tradicional modalidad de realizar los encuentros de trabajo con sus equipos s\u00f3lo en la ciudad capital, llevando las reuniones de gabinete a diferentes puntos de la provincia para mantener contacto directo con las preocupaciones y necesidades de las diferentes regiones. As\u00ed, adem\u00e1s de la ciudad de Santa Fe, los encuentros se realizaron por ejemplo en Reconquista, Rosario, Roca, Venado Tuerto y Armstrong (en el marco de Agroactiva), por citar algunos ejemplos.<\/p>\n\n\n\n<figure class=\"wp-block-image\"><img decoding=\"async\" src=\"https:\/\/ci3.googleusercontent.com\/meips\/ADKq_NZ52r6KoBSgOJEdruCynyR1m43nidlLmGqLFw378a3ZqRnQLRFGygCbm8sq8dIz7qdHdFC1k5Ey3b0RcKhzLHYbwCAMhja4LcPyZUoE6STbrJ4XaQIhyyQwFMwJJUcnUjVq1hV0UbgiA9xcSGI=s0-d-e1-ft#https:\/\/www.santafe.gov.ar\/noticias\/recursos\/fotos\/2024\/06\/2024-06-26NID_280562O_4.jpeg\" alt=\"\"\/><\/figure>\n","protected":false},"excerpt":{"rendered":"<p>Pullaro: \u201cEs importante estar en el territorio y escuchar a los intendentes\u201d<\/p>\n","protected":false},"author":1,"featured_media":43262,"comment_status":"open","ping_status":"open","sticky":false,"template":"","format":"image","meta":{"_jetpack_memberships_contains_paid_content":false,"footnotes":"","jetpack_publicize_message":"","jetpack_publicize_feature_enabled":true,"jetpack_social_post_already_shared":true,"jetpack_social_options":{"image_generator_settings":{"template":"highway","default_image_id":0,"enabled":false},"version":2}},"categories":[8,1,2,7,3],"tags":[10721,139,974,929,8777,42,2846,9012],"class_list":["post-43261","post","type-post","status-publish","format-image","has-post-thumbnail","hentry","category-deliberando","category-diario-armstrong","category-locales","category-politica","category-region","tag-diario-armstrong-region","tag-es","tag-estar","tag-importante","tag-lic-graciela-de-la-casa","tag-los","tag-pullaro","tag-territorio","post_format-post-format-image"],"jetpack_publicize_connections":[],"jetpack_featured_media_url":"https:\/\/armstrongyregion.com.ar\/diario\/wp-content\/uploads\/2024\/06\/chale-pullaro.jpg","jetpack_shortlink":"https:\/\/wp.me\/p62QDO-bfL","jetpack_sharing_enabled":true,"amp_enabled":true,"_links":{"self":[{"href":"https:\/\/armstrongyregion.com.ar\/diario\/wp-json\/wp\/v2\/posts\/43261","targetHints":{"allow":["GET"]}}],"collection":[{"href":"https:\/\/armstrongyregion.com.ar\/diario\/wp-json\/wp\/v2\/posts"}],"about":[{"href":"https:\/\/armstrongyregion.com.ar\/diario\/wp-json\/wp\/v2\/types\/post"}],"author":[{"embeddable":true,"href":"https:\/\/armstrongyregion.com.ar\/diario\/wp-json\/wp\/v2\/users\/1"}],"replies":[{"embeddable":true,"href":"https:\/\/armstrongyregion.com.ar\/diario\/wp-json\/wp\/v2\/comments?post=43261"}],"version-history":[{"count":1,"href":"https:\/\/armstrongyregion.com.ar\/diario\/wp-json\/wp\/v2\/posts\/43261\/revisions"}],"predecessor-version":[{"id":43263,"href":"https:\/\/armstrongyregion.com.ar\/diario\/wp-json\/wp\/v2\/posts\/43261\/revisions\/43263"}],"wp:featuredmedia":[{"embeddable":true,"href":"https:\/\/armstrongyregion.com.ar\/diario\/wp-json\/wp\/v2\/media\/43262"}],"wp:attachment":[{"href":"https:\/\/armstrongyregion.com.ar\/diario\/wp-json\/wp\/v2\/media?parent=43261"}],"wp:term":[{"taxonomy":"category","embeddable":true,"href":"https:\/\/armstrongyregion.com.ar\/diario\/wp-json\/wp\/v2\/categories?post=43261"},{"taxonomy":"post_tag","embeddable":true,"href":"https:\/\/armstrongyregion.com.ar\/diario\/wp-json\/wp\/v2\/tags?post=43261"}],"curies":[{"name":"wp","href":"https:\/\/api.w.org\/{rel}","templated":true}]}}