{"id":43256,"date":"2024-06-26T20:20:36","date_gmt":"2024-06-26T20:20:36","guid":{"rendered":"https:\/\/armstrongyregion.com.ar\/diario\/?p=43256"},"modified":"2024-06-26T20:20:39","modified_gmt":"2024-06-26T20:20:39","slug":"se-abrieron-los-sobres-para-la-construccion-del-nuevo-edificio-de-la-escuela-n-354","status":"publish","type":"post","link":"https:\/\/armstrongyregion.com.ar\/diario\/se-abrieron-los-sobres-para-la-construccion-del-nuevo-edificio-de-la-escuela-n-354\/","title":{"rendered":"Se abrieron los sobres para la construcci\u00f3n del nuevo edificio de la Escuela N\u00b0 354."},"content":{"rendered":"\n<figure class=\"wp-block-image size-full\"><a href=\"http:\/\/armstrongyregion.com.ar\/diario\/wp-content\/uploads\/2024\/06\/Verdecchia-1-escuela.jpg\"><img loading=\"lazy\" decoding=\"async\" width=\"640\" height=\"428\" src=\"http:\/\/armstrongyregion.com.ar\/diario\/wp-content\/uploads\/2024\/06\/Verdecchia-1-escuela.jpg\" alt=\"\" class=\"wp-image-43257\" srcset=\"https:\/\/armstrongyregion.com.ar\/diario\/wp-content\/uploads\/2024\/06\/Verdecchia-1-escuela.jpg 640w, https:\/\/armstrongyregion.com.ar\/diario\/wp-content\/uploads\/2024\/06\/Verdecchia-1-escuela-300x201.jpg 300w\" sizes=\"auto, (max-width: 640px) 100vw, 640px\" \/><\/a><\/figure>\n\n\n\n<p>En el d\u00eda de hoy, se llev\u00f3 a cabo, la apertura de los sobres de Licitaci\u00f3n para la construcci\u00f3n del nuevo edificio de la Escuela de Educaci\u00f3n Secundaria Orientada N\u00b0354 en la localidad de Tortugas. <\/p>\n\n\n\n<figure class=\"wp-block-image size-full\"><a href=\"http:\/\/armstrongyregion.com.ar\/diario\/wp-content\/uploads\/2024\/06\/Verdecchia-2-escuela-.jpg\"><img loading=\"lazy\" decoding=\"async\" width=\"640\" height=\"428\" src=\"http:\/\/armstrongyregion.com.ar\/diario\/wp-content\/uploads\/2024\/06\/Verdecchia-2-escuela-.jpg\" alt=\"\" class=\"wp-image-43258\" srcset=\"https:\/\/armstrongyregion.com.ar\/diario\/wp-content\/uploads\/2024\/06\/Verdecchia-2-escuela-.jpg 640w, https:\/\/armstrongyregion.com.ar\/diario\/wp-content\/uploads\/2024\/06\/Verdecchia-2-escuela--300x201.jpg 300w\" sizes=\"auto, (max-width: 640px) 100vw, 640px\" \/><\/a><\/figure>\n\n\n\n<p>Encabezo el acto de apertura el Senador del departamento Belgrano Pablo Verdecchia junto a la Secretaria de Coordinaci\u00f3n y Gesti\u00f3n de Recursos del Min. de Educaci\u00f3n Mar\u00eda Mart\u00edn, el Secretario de Coordinaci\u00f3n del Min. de Econom\u00eda Gabriel Rossi y el Presidente Comunal Humberto Viozzi.<\/p>\n\n\n\n<figure class=\"wp-block-image size-full\"><a href=\"http:\/\/armstrongyregion.com.ar\/diario\/wp-content\/uploads\/2024\/06\/verdecchia3-Escuela.jpg\"><img loading=\"lazy\" decoding=\"async\" width=\"640\" height=\"428\" src=\"http:\/\/armstrongyregion.com.ar\/diario\/wp-content\/uploads\/2024\/06\/verdecchia3-Escuela.jpg\" alt=\"\" class=\"wp-image-43259\" srcset=\"https:\/\/armstrongyregion.com.ar\/diario\/wp-content\/uploads\/2024\/06\/verdecchia3-Escuela.jpg 640w, https:\/\/armstrongyregion.com.ar\/diario\/wp-content\/uploads\/2024\/06\/verdecchia3-Escuela-300x201.jpg 300w\" sizes=\"auto, (max-width: 640px) 100vw, 640px\" \/><\/a><\/figure>\n\n\n\n<p> \u201cEstamos muy felices por esta obra que se va a llevar a cabo, la educaci\u00f3n es uno de nuestros pilares, lo sostenemos desde siempre y trabajamos en consecuencia. Agradecemos al Gobernador Pullaro, y al Ministro Goity por su compromiso con esta gesti\u00f3n que impulsamos\u201d manifest\u00f3 Verdecchia. <\/p>\n\n\n\n<p>Esta obra de infraestructura es un hito para el departamento Belgrano, y en especial para la localidad de Tortugas, que revaloriza la importancia de la educaci\u00f3n de calidad al alcance de todos nuestros habitantes. \u201cVamos a seguir trabajando para mejorar y garantizar los objetivos de crecimiento de cada instituci\u00f3n departamental, porque nuestro trabajo y gesti\u00f3n es conjunto y mancomunado\u201d dijo el Senador departamental.<\/p>\n","protected":false},"excerpt":{"rendered":"<p>Se abrieron los sobres para la construcci\u00f3n del nuevo edificio de la Escuela N\u00b0 354.<\/p>\n","protected":false},"author":1,"featured_media":43257,"comment_status":"open","ping_status":"open","sticky":false,"template":"","format":"image","meta":{"_jetpack_memberships_contains_paid_content":false,"footnotes":"","jetpack_publicize_message":"","jetpack_publicize_feature_enabled":true,"jetpack_social_post_already_shared":true,"jetpack_social_options":{"image_generator_settings":{"template":"highway","default_image_id":0,"enabled":false},"version":2}},"categories":[8,1,2,3],"tags":[10803,175,10721,1691,10804,8777,42,51,86],"class_list":["post-43256","post","type-post","status-publish","format-image","has-post-thumbnail","hentry","category-deliberando","category-diario-armstrong","category-locales","category-region","tag-abrieron","tag-construccion","tag-diario-armstrong-region","tag-edificio","tag-escuela-n-354","tag-lic-graciela-de-la-casa","tag-los","tag-nuevo","tag-se","post_format-post-format-image"],"jetpack_publicize_connections":[],"jetpack_featured_media_url":"https:\/\/armstrongyregion.com.ar\/diario\/wp-content\/uploads\/2024\/06\/Verdecchia-1-escuela.jpg","jetpack_shortlink":"https:\/\/wp.me\/p62QDO-bfG","jetpack_sharing_enabled":true,"amp_enabled":true,"_links":{"self":[{"href":"https:\/\/armstrongyregion.com.ar\/diario\/wp-json\/wp\/v2\/posts\/43256","targetHints":{"allow":["GET"]}}],"collection":[{"href":"https:\/\/armstrongyregion.com.ar\/diario\/wp-json\/wp\/v2\/posts"}],"about":[{"href":"https:\/\/armstrongyregion.com.ar\/diario\/wp-json\/wp\/v2\/types\/post"}],"author":[{"embeddable":true,"href":"https:\/\/armstrongyregion.com.ar\/diario\/wp-json\/wp\/v2\/users\/1"}],"replies":[{"embeddable":true,"href":"https:\/\/armstrongyregion.com.ar\/diario\/wp-json\/wp\/v2\/comments?post=43256"}],"version-history":[{"count":1,"href":"https:\/\/armstrongyregion.com.ar\/diario\/wp-json\/wp\/v2\/posts\/43256\/revisions"}],"predecessor-version":[{"id":43260,"href":"https:\/\/armstrongyregion.com.ar\/diario\/wp-json\/wp\/v2\/posts\/43256\/revisions\/43260"}],"wp:featuredmedia":[{"embeddable":true,"href":"https:\/\/armstrongyregion.com.ar\/diario\/wp-json\/wp\/v2\/media\/43257"}],"wp:attachment":[{"href":"https:\/\/armstrongyregion.com.ar\/diario\/wp-json\/wp\/v2\/media?parent=43256"}],"wp:term":[{"taxonomy":"category","embeddable":true,"href":"https:\/\/armstrongyregion.com.ar\/diario\/wp-json\/wp\/v2\/categories?post=43256"},{"taxonomy":"post_tag","embeddable":true,"href":"https:\/\/armstrongyregion.com.ar\/diario\/wp-json\/wp\/v2\/tags?post=43256"}],"curies":[{"name":"wp","href":"https:\/\/api.w.org\/{rel}","templated":true}]}}