{"id":43247,"date":"2024-06-25T15:25:35","date_gmt":"2024-06-25T15:25:35","guid":{"rendered":"https:\/\/armstrongyregion.com.ar\/diario\/?p=43247"},"modified":"2024-06-25T15:25:37","modified_gmt":"2024-06-25T15:25:37","slug":"armstrong-inscripciones-abiertas-para-el-medio-maraton-delfo-cabrera","status":"publish","type":"post","link":"https:\/\/armstrongyregion.com.ar\/diario\/armstrong-inscripciones-abiertas-para-el-medio-maraton-delfo-cabrera\/","title":{"rendered":"Armstrong. Inscripciones abiertas para el medio marat\u00f3n Delfo Cabrera."},"content":{"rendered":"\n<figure class=\"wp-block-image size-full\"><a href=\"http:\/\/armstrongyregion.com.ar\/diario\/wp-content\/uploads\/2024\/06\/Inscripciones-loteII.jpg\"><img loading=\"lazy\" decoding=\"async\" width=\"633\" height=\"640\" src=\"http:\/\/armstrongyregion.com.ar\/diario\/wp-content\/uploads\/2024\/06\/Inscripciones-loteII.jpg\" alt=\"\" class=\"wp-image-43248\" srcset=\"https:\/\/armstrongyregion.com.ar\/diario\/wp-content\/uploads\/2024\/06\/Inscripciones-loteII.jpg 633w, https:\/\/armstrongyregion.com.ar\/diario\/wp-content\/uploads\/2024\/06\/Inscripciones-loteII-297x300.jpg 297w\" sizes=\"auto, (max-width: 633px) 100vw, 633px\" \/><\/a><\/figure>\n\n\n\n<p>La Municipalidad de Armstrong informa que ya se abrieron las inscripciones para participar de la<br>edici\u00f3n N\u00b0 20 del medio marat\u00f3n Homenaje al gran Delfo Cabrera que se realizar\u00e1 el domingo 4 de<br>agosto con largada a las 9 hs. desde Plaza Flotron.<br>Las distancias de 10k y 21k est\u00e1n homologadas, circuito certificado por la Confederaci\u00f3n Argentina<br>de Atletismo, y las inscripciones se realizan a trav\u00e9s de www.eventick.com.ar.<br>En cuanto a las inscripciones para la prueba integrativa no competitiva de 6 km., se deber\u00e1<br>completar un formulario el cual se encuentra en el Facebook Marat\u00f3n Delfo Cabrera Armstrong,<br>solicitarlo por whatsapp al 3471-341769 \u00f3 en el link https:\/\/forms.gle\/Y6cywxUNvZ51CTs8A<br>El costo de la inscripci\u00f3n incluye el kit compuesto por una remera, n\u00famero del competidor (dorsal),<br>chip, y los nutrientes e hidrataci\u00f3n durante el recorrido.<br>Los menores de edad necesitar\u00e1n la autorizaci\u00f3n de un mayor, recordando que para participar de las<br>distancias competitivas deber\u00e1n tener 16 a\u00f1os de edad, al 31 de diciembre de 2024.<br>Un detalle para destacar: considerando los 20 a\u00f1os de esta propuesta y que los atletas locales nos<br>representan en tantos otros circuitos, que a lo largo de todo el a\u00f1o est\u00e1n trabajando en el atletismo<br>y son un ejemplo para los que se van sumando a la actividad, los atletas locales que van a participar<br>10 y 21 k. deber\u00e1n completar un formulario en particular (no en Eventick), para abonar el 50 % del<br>valor de la inscripci\u00f3n. Este beneficio alcanza tambi\u00e9n a los armstronenses que participen de los 6 k.<br>https:\/\/forms.gle\/26V4JokoAfK3StyGA<br>El d\u00eda s\u00e1bado 3 de agosto en Plaza Flotron de 10 a 18 hs. tambi\u00e9n habr\u00e1 una mesa para inscripciones,<br>y el mismo d\u00eda del medio marat\u00f3n, hasta una hora antes del inicio.<br>Todos los participantes tendr\u00e1n su medalla, premios del 1\u00b0 al 5\u00b0 de cada categor\u00eda competitiva<br>damas y caballeros, y premios en efectivo para la general del 1\u00b0 al 5\u00b0 puesto, damas y caballeros.<br>La fiscalizaci\u00f3n general est\u00e1 a cargo de la Asociaci\u00f3n Rosarina de Atletismo (A.R.D.A).<\/p>\n","protected":false},"excerpt":{"rendered":"<p>Armstrong. Inscripciones abiertas para el medio marat\u00f3n Delfo Cabrera.<\/p>\n","protected":false},"author":1,"featured_media":43248,"comment_status":"open","ping_status":"open","sticky":false,"template":"","format":"image","meta":{"_jetpack_memberships_contains_paid_content":false,"footnotes":"","jetpack_publicize_message":"","jetpack_publicize_feature_enabled":true,"jetpack_social_post_already_shared":true,"jetpack_social_options":{"image_generator_settings":{"template":"highway","default_image_id":0,"enabled":false},"version":2}},"categories":[8,1,2,7,3],"tags":[1515,20,9645,5030,2384,8777,9564],"class_list":["post-43247","post","type-post","status-publish","format-image","has-post-thumbnail","hentry","category-deliberando","category-diario-armstrong","category-locales","category-politica","category-region","tag-abiertas","tag-armstrong","tag-delfo-cabrera","tag-diario-armstrong","tag-inscripciones","tag-lic-graciela-de-la-casa","tag-maraton-2","post_format-post-format-image"],"jetpack_publicize_connections":[],"jetpack_featured_media_url":"https:\/\/armstrongyregion.com.ar\/diario\/wp-content\/uploads\/2024\/06\/Inscripciones-loteII.jpg","jetpack_shortlink":"https:\/\/wp.me\/p62QDO-bfx","jetpack_sharing_enabled":true,"amp_enabled":true,"_links":{"self":[{"href":"https:\/\/armstrongyregion.com.ar\/diario\/wp-json\/wp\/v2\/posts\/43247","targetHints":{"allow":["GET"]}}],"collection":[{"href":"https:\/\/armstrongyregion.com.ar\/diario\/wp-json\/wp\/v2\/posts"}],"about":[{"href":"https:\/\/armstrongyregion.com.ar\/diario\/wp-json\/wp\/v2\/types\/post"}],"author":[{"embeddable":true,"href":"https:\/\/armstrongyregion.com.ar\/diario\/wp-json\/wp\/v2\/users\/1"}],"replies":[{"embeddable":true,"href":"https:\/\/armstrongyregion.com.ar\/diario\/wp-json\/wp\/v2\/comments?post=43247"}],"version-history":[{"count":1,"href":"https:\/\/armstrongyregion.com.ar\/diario\/wp-json\/wp\/v2\/posts\/43247\/revisions"}],"predecessor-version":[{"id":43249,"href":"https:\/\/armstrongyregion.com.ar\/diario\/wp-json\/wp\/v2\/posts\/43247\/revisions\/43249"}],"wp:featuredmedia":[{"embeddable":true,"href":"https:\/\/armstrongyregion.com.ar\/diario\/wp-json\/wp\/v2\/media\/43248"}],"wp:attachment":[{"href":"https:\/\/armstrongyregion.com.ar\/diario\/wp-json\/wp\/v2\/media?parent=43247"}],"wp:term":[{"taxonomy":"category","embeddable":true,"href":"https:\/\/armstrongyregion.com.ar\/diario\/wp-json\/wp\/v2\/categories?post=43247"},{"taxonomy":"post_tag","embeddable":true,"href":"https:\/\/armstrongyregion.com.ar\/diario\/wp-json\/wp\/v2\/tags?post=43247"}],"curies":[{"name":"wp","href":"https:\/\/api.w.org\/{rel}","templated":true}]}}