{"id":43228,"date":"2024-06-23T00:35:51","date_gmt":"2024-06-23T00:35:51","guid":{"rendered":"https:\/\/armstrongyregion.com.ar\/diario\/?p=43228"},"modified":"2024-06-23T00:35:53","modified_gmt":"2024-06-23T00:35:53","slug":"asistencia-perfecta-se-abonara-este-martes-el-premio-a-docentes-publicos-y-privados","status":"publish","type":"post","link":"https:\/\/armstrongyregion.com.ar\/diario\/asistencia-perfecta-se-abonara-este-martes-el-premio-a-docentes-publicos-y-privados\/","title":{"rendered":"Asistencia Perfecta: se abonar\u00e1 este martes el premio a docentes p\u00fablicos y privados."},"content":{"rendered":"\n<figure class=\"wp-block-image size-full\"><a href=\"http:\/\/armstrongyregion.com.ar\/diario\/wp-content\/uploads\/2024\/06\/asistencia-perfecta-.jpg\"><img loading=\"lazy\" decoding=\"async\" width=\"570\" height=\"320\" src=\"http:\/\/armstrongyregion.com.ar\/diario\/wp-content\/uploads\/2024\/06\/asistencia-perfecta-.jpg\" alt=\"\" class=\"wp-image-43229\" srcset=\"https:\/\/armstrongyregion.com.ar\/diario\/wp-content\/uploads\/2024\/06\/asistencia-perfecta-.jpg 570w, https:\/\/armstrongyregion.com.ar\/diario\/wp-content\/uploads\/2024\/06\/asistencia-perfecta--300x168.jpg 300w\" sizes=\"auto, (max-width: 570px) 100vw, 570px\" \/><\/a><\/figure>\n\n\n\n<h2 class=\"wp-block-heading\"><em>El monto corresponde al mes de mayo y se abona por planilla complementaria.<\/em><\/h2>\n\n\n\n<p>El Gobierno provincial abonar\u00e1 el pr\u00f3ximo martes 25 de junio el monto, correspondiente al mes de mayo del programa Asistencia Perfecta a docentes de gesti\u00f3n p\u00fablica y privada.<br>Por el mes de mayo, un maestro que se inicia y con un solo cargo, si no registra ausencias, va a percibir $ 57.000 m\u00e1s; y el de cargo m\u00e1s alto, sumar\u00e1 $ 114.000.<br>Los montos, tanto mensuales como trimestres, se actualizar\u00e1n de manera trimestral conforme a la variaci\u00f3n porcentual del salario docente.<br>Vale recordar que en abril el Gobierno de la provincia de Santa Fe present\u00f3 el Plan Asistencia Perfecta, que consiste en un incentivo econ\u00f3mico para el personal educativo que no falte a su trabajo en el transcurso del mes.\u00a0<br>Asistencia Perfecta consiste en un incentivo mensual y otro trimestral para premiar al docente que concurre al aula. En abril se abon\u00f3 por primera vez (proporcional por los d\u00edas desde que se present\u00f3). A partir de mayo -cuando ya se computa el mes completo- un maestro que se inicia y con un solo cargo, va a percibir $ 57.000 m\u00e1s por mes, y el de cargo m\u00e1s alto, sumar\u00e1 $ 114.000. Si adem\u00e1s tiene asistencia perfecta en el trimestre, se le suma $ 86.000 al de cargo m\u00e1s bajo y $ 172.000 a los cargos m\u00e1s altos.<br>El docente de cargo m\u00e1s bajo que tenga asistencia perfecta en el trimestre tendr\u00e1 en suma $ 257.000 aproximadamente en concepto de incentivo en ese per\u00edodo, y los de cargos m\u00e1s altos sumar\u00e1n m\u00e1s de $ 500.000.<br>Vale se\u00f1alar que los montos, tanto los montos mensuales como en los trimestres, se actualizar\u00e1n de manera trimestral conforme a la variaci\u00f3n porcentual del salario docente.<\/p>\n","protected":false},"excerpt":{"rendered":"<p>Asistencia Perfecta: se abonar\u00e1 este martes el premio a docentes p\u00fablicos y privados.<\/p>\n","protected":false},"author":1,"featured_media":43229,"comment_status":"open","ping_status":"open","sticky":false,"template":"","format":"image","meta":{"_jetpack_memberships_contains_paid_content":false,"footnotes":"","jetpack_publicize_message":"","jetpack_publicize_feature_enabled":true,"jetpack_social_post_already_shared":true,"jetpack_social_options":{"image_generator_settings":{"template":"highway","default_image_id":0,"enabled":false},"version":2}},"categories":[8,1,2,7,3],"tags":[10511,5030,8777],"class_list":["post-43228","post","type-post","status-publish","format-image","has-post-thumbnail","hentry","category-deliberando","category-diario-armstrong","category-locales","category-politica","category-region","tag-asistencia-perfecta","tag-diario-armstrong","tag-lic-graciela-de-la-casa","post_format-post-format-image"],"jetpack_publicize_connections":[],"jetpack_featured_media_url":"https:\/\/armstrongyregion.com.ar\/diario\/wp-content\/uploads\/2024\/06\/asistencia-perfecta-.jpg","jetpack_shortlink":"https:\/\/wp.me\/p62QDO-bfe","jetpack_sharing_enabled":true,"amp_enabled":true,"_links":{"self":[{"href":"https:\/\/armstrongyregion.com.ar\/diario\/wp-json\/wp\/v2\/posts\/43228","targetHints":{"allow":["GET"]}}],"collection":[{"href":"https:\/\/armstrongyregion.com.ar\/diario\/wp-json\/wp\/v2\/posts"}],"about":[{"href":"https:\/\/armstrongyregion.com.ar\/diario\/wp-json\/wp\/v2\/types\/post"}],"author":[{"embeddable":true,"href":"https:\/\/armstrongyregion.com.ar\/diario\/wp-json\/wp\/v2\/users\/1"}],"replies":[{"embeddable":true,"href":"https:\/\/armstrongyregion.com.ar\/diario\/wp-json\/wp\/v2\/comments?post=43228"}],"version-history":[{"count":1,"href":"https:\/\/armstrongyregion.com.ar\/diario\/wp-json\/wp\/v2\/posts\/43228\/revisions"}],"predecessor-version":[{"id":43230,"href":"https:\/\/armstrongyregion.com.ar\/diario\/wp-json\/wp\/v2\/posts\/43228\/revisions\/43230"}],"wp:featuredmedia":[{"embeddable":true,"href":"https:\/\/armstrongyregion.com.ar\/diario\/wp-json\/wp\/v2\/media\/43229"}],"wp:attachment":[{"href":"https:\/\/armstrongyregion.com.ar\/diario\/wp-json\/wp\/v2\/media?parent=43228"}],"wp:term":[{"taxonomy":"category","embeddable":true,"href":"https:\/\/armstrongyregion.com.ar\/diario\/wp-json\/wp\/v2\/categories?post=43228"},{"taxonomy":"post_tag","embeddable":true,"href":"https:\/\/armstrongyregion.com.ar\/diario\/wp-json\/wp\/v2\/tags?post=43228"}],"curies":[{"name":"wp","href":"https:\/\/api.w.org\/{rel}","templated":true}]}}