{"id":43220,"date":"2024-06-23T00:25:17","date_gmt":"2024-06-23T00:25:17","guid":{"rendered":"https:\/\/armstrongyregion.com.ar\/diario\/?p=43220"},"modified":"2024-06-23T00:25:19","modified_gmt":"2024-06-23T00:25:19","slug":"armstrong-acto-oficial-dia-de-la-bandera-paso-a-la-inmortalidad-del-gral-manuel-belgrano","status":"publish","type":"post","link":"https:\/\/armstrongyregion.com.ar\/diario\/armstrong-acto-oficial-dia-de-la-bandera-paso-a-la-inmortalidad-del-gral-manuel-belgrano\/","title":{"rendered":"Armstrong. Acto oficial D\u00eda de la Bandera- Paso a la inmortalidad del Gral. Manuel Belgrano."},"content":{"rendered":"\n<figure class=\"wp-block-image size-full\"><a href=\"http:\/\/armstrongyregion.com.ar\/diario\/wp-content\/uploads\/2024\/06\/20-de-junio-1-.jpg\"><img loading=\"lazy\" decoding=\"async\" width=\"960\" height=\"639\" src=\"http:\/\/armstrongyregion.com.ar\/diario\/wp-content\/uploads\/2024\/06\/20-de-junio-1-.jpg\" alt=\"\" class=\"wp-image-43221\" srcset=\"https:\/\/armstrongyregion.com.ar\/diario\/wp-content\/uploads\/2024\/06\/20-de-junio-1-.jpg 960w, https:\/\/armstrongyregion.com.ar\/diario\/wp-content\/uploads\/2024\/06\/20-de-junio-1--300x200.jpg 300w, https:\/\/armstrongyregion.com.ar\/diario\/wp-content\/uploads\/2024\/06\/20-de-junio-1--768x511.jpg 768w\" sizes=\"auto, (max-width: 960px) 100vw, 960px\" \/><\/a><\/figure>\n\n\n\n<p>El pasado 20 de junio la comunidad de Armstrong honr\u00f3 a la Bandera Nacional en su d\u00eda con un acto<br>en Plaza San Mart\u00edn que cont\u00f3 con la presencia de autoridades, abanderados y representantes de las<br>instituciones locales.<\/p>\n\n\n\n<figure class=\"wp-block-image size-full\"><a href=\"http:\/\/armstrongyregion.com.ar\/diario\/wp-content\/uploads\/2024\/06\/20-de-junio-3.jpg\"><img loading=\"lazy\" decoding=\"async\" width=\"960\" height=\"640\" src=\"http:\/\/armstrongyregion.com.ar\/diario\/wp-content\/uploads\/2024\/06\/20-de-junio-3.jpg\" alt=\"\" class=\"wp-image-43222\" srcset=\"https:\/\/armstrongyregion.com.ar\/diario\/wp-content\/uploads\/2024\/06\/20-de-junio-3.jpg 960w, https:\/\/armstrongyregion.com.ar\/diario\/wp-content\/uploads\/2024\/06\/20-de-junio-3-300x200.jpg 300w, https:\/\/armstrongyregion.com.ar\/diario\/wp-content\/uploads\/2024\/06\/20-de-junio-3-768x512.jpg 768w\" sizes=\"auto, (max-width: 960px) 100vw, 960px\" \/><\/a><\/figure>\n\n\n\n<p><br>Luego del Himno Nacional interpretado por la Banda del Conservatorio Municipal de M\u00fasica, el<br>Intendente Guillermo Luzzi hizo uso de la palabra, y en un fragmento de su discurso dijo:<strong> \u201dLleg\u00f3 el<br>d\u00eda tan esperado en el que estos j\u00f3venes ciudadanos demuestran su orgullo, su compromiso con<br>nuestra historia y su esperanza en el futuro de nuestro pa\u00eds, a trav\u00e9s de su promesa a la bandera,<br>porque cada 20 de junio recordamos el paso a la inmortalidad de Manuel Belgrano y honramos su<br>figura, su legado y sus valores, que nos inspiran a buscar una Argentina unida m\u00e1s all\u00e1 de cualquier<br>diferencia\u201d.<\/strong><\/p>\n\n\n\n<figure class=\"wp-block-image size-full\"><a href=\"http:\/\/armstrongyregion.com.ar\/diario\/wp-content\/uploads\/2024\/06\/20-de-junio-4-.jpg\"><img loading=\"lazy\" decoding=\"async\" width=\"960\" height=\"641\" src=\"http:\/\/armstrongyregion.com.ar\/diario\/wp-content\/uploads\/2024\/06\/20-de-junio-4-.jpg\" alt=\"\" class=\"wp-image-43223\" srcset=\"https:\/\/armstrongyregion.com.ar\/diario\/wp-content\/uploads\/2024\/06\/20-de-junio-4-.jpg 960w, https:\/\/armstrongyregion.com.ar\/diario\/wp-content\/uploads\/2024\/06\/20-de-junio-4--300x200.jpg 300w, https:\/\/armstrongyregion.com.ar\/diario\/wp-content\/uploads\/2024\/06\/20-de-junio-4--768x513.jpg 768w\" sizes=\"auto, (max-width: 960px) 100vw, 960px\" \/><\/a><\/figure>\n\n\n\n<p><br>Minutos despu\u00e9s, Luzzi hizo entrega de banderas de flameo a cada una de las escuelas de los ni\u00f1os<br>de 4\u00b0 grado que hicieron su promesa de solidaridad, respeto, honestidad y compromiso a la bandera,<br>promesa que estuvo a cargo de la Delegada de la Regi\u00f3n V de Educaci\u00f3n Sra. Marisa Pr\u00edncipe.<br>Cada uno de los ni\u00f1os que protagonizaron este importante hecho, llevar\u00e1n en su pecho un pin que<br>les recuerde ese momento, as\u00ed como una pulsera con los colores de la bandera, realizadas por los<br>integrantes de la Escuela N\u00b0 51.<\/p>\n\n\n\n<figure class=\"wp-block-image size-full\"><a href=\"http:\/\/armstrongyregion.com.ar\/diario\/wp-content\/uploads\/2024\/06\/20-de-junio-2-.jpg\"><img loading=\"lazy\" decoding=\"async\" width=\"960\" height=\"641\" src=\"http:\/\/armstrongyregion.com.ar\/diario\/wp-content\/uploads\/2024\/06\/20-de-junio-2-.jpg\" alt=\"\" class=\"wp-image-43224\" srcset=\"https:\/\/armstrongyregion.com.ar\/diario\/wp-content\/uploads\/2024\/06\/20-de-junio-2-.jpg 960w, https:\/\/armstrongyregion.com.ar\/diario\/wp-content\/uploads\/2024\/06\/20-de-junio-2--300x200.jpg 300w, https:\/\/armstrongyregion.com.ar\/diario\/wp-content\/uploads\/2024\/06\/20-de-junio-2--768x513.jpg 768w\" sizes=\"auto, (max-width: 960px) 100vw, 960px\" \/><\/a><\/figure>\n\n\n\n<p><br>Se enton\u00f3 la Marcha Mi bandera, y comenzaron las presentaciones art\u00edsticas: La Escuela N\u00b0 51 \u201cDr.<br>Manuel Belgrano\u201d comparti\u00f3 un original trabajo presentando un podcast (una serie de contenidos<br>educativos grabados en audio y transmitido en l\u00ednea) en el cual se reflejan ideas aut\u00e9nticas,<br>din\u00e1micas y expresivas de Manuel Belgrano a trav\u00e9s de una entrevista imaginaria realizada por<br>alumnos, docentes y familia de la instituci\u00f3n escolar.<\/p>\n\n\n\n<figure class=\"wp-block-image size-full\"><a href=\"http:\/\/armstrongyregion.com.ar\/diario\/wp-content\/uploads\/2024\/06\/20-de-junio-5.jpg\"><img loading=\"lazy\" decoding=\"async\" width=\"960\" height=\"640\" src=\"http:\/\/armstrongyregion.com.ar\/diario\/wp-content\/uploads\/2024\/06\/20-de-junio-5.jpg\" alt=\"\" class=\"wp-image-43225\" srcset=\"https:\/\/armstrongyregion.com.ar\/diario\/wp-content\/uploads\/2024\/06\/20-de-junio-5.jpg 960w, https:\/\/armstrongyregion.com.ar\/diario\/wp-content\/uploads\/2024\/06\/20-de-junio-5-300x200.jpg 300w, https:\/\/armstrongyregion.com.ar\/diario\/wp-content\/uploads\/2024\/06\/20-de-junio-5-768x512.jpg 768w\" sizes=\"auto, (max-width: 960px) 100vw, 960px\" \/><\/a><\/figure>\n\n\n\n<p><br>Las Escuelas N\u00b0 600 \u201cGral. Manuel Belgrano\u201d y N\u00b0 635 \u201cJuan Bautista Spagnolo\u201d, realizaron una<br>coreograf\u00eda y cantaron \u201cChacarera a mi Bandera\u201d, integrantes de los ballets infantiles, juveniles y<br>adultos del C.T. El Tropero bailaron la chacarera \u201cLa Mart\u00edn G\u00fcemes\u201d y la Banda del Conservatorio<br>interpret\u00f3 algunas canciones.<\/p>\n\n\n\n<figure class=\"wp-block-image size-full\"><a href=\"http:\/\/armstrongyregion.com.ar\/diario\/wp-content\/uploads\/2024\/06\/20-de-junio-6.jpg\"><img loading=\"lazy\" decoding=\"async\" width=\"960\" height=\"640\" src=\"http:\/\/armstrongyregion.com.ar\/diario\/wp-content\/uploads\/2024\/06\/20-de-junio-6.jpg\" alt=\"\" class=\"wp-image-43226\" srcset=\"https:\/\/armstrongyregion.com.ar\/diario\/wp-content\/uploads\/2024\/06\/20-de-junio-6.jpg 960w, https:\/\/armstrongyregion.com.ar\/diario\/wp-content\/uploads\/2024\/06\/20-de-junio-6-300x200.jpg 300w, https:\/\/armstrongyregion.com.ar\/diario\/wp-content\/uploads\/2024\/06\/20-de-junio-6-768x512.jpg 768w\" sizes=\"auto, (max-width: 960px) 100vw, 960px\" \/><\/a><\/figure>\n","protected":false},"excerpt":{"rendered":"<p>Armstrong. Acto oficial D\u00eda de la Bandera- Paso a la inmortalidad del Gral. Manuel Belgrano.<\/p>\n","protected":false},"author":1,"featured_media":43222,"comment_status":"open","ping_status":"open","sticky":false,"template":"","format":"image","meta":{"_jetpack_memberships_contains_paid_content":false,"footnotes":"","jetpack_publicize_message":"","jetpack_publicize_feature_enabled":true,"jetpack_social_post_already_shared":true,"jetpack_social_options":{"image_generator_settings":{"template":"highway","default_image_id":0,"enabled":false},"version":2}},"categories":[8,1,2,7,3],"tags":[1212,20,10795,10721,8777],"class_list":["post-43220","post","type-post","status-publish","format-image","has-post-thumbnail","hentry","category-deliberando","category-diario-armstrong","category-locales","category-politica","category-region","tag-acto","tag-armstrong","tag-dia-de-la-bandera","tag-diario-armstrong-region","tag-lic-graciela-de-la-casa","post_format-post-format-image"],"jetpack_publicize_connections":[],"jetpack_featured_media_url":"https:\/\/armstrongyregion.com.ar\/diario\/wp-content\/uploads\/2024\/06\/20-de-junio-3.jpg","jetpack_shortlink":"https:\/\/wp.me\/p62QDO-bf6","jetpack_sharing_enabled":true,"amp_enabled":true,"_links":{"self":[{"href":"https:\/\/armstrongyregion.com.ar\/diario\/wp-json\/wp\/v2\/posts\/43220","targetHints":{"allow":["GET"]}}],"collection":[{"href":"https:\/\/armstrongyregion.com.ar\/diario\/wp-json\/wp\/v2\/posts"}],"about":[{"href":"https:\/\/armstrongyregion.com.ar\/diario\/wp-json\/wp\/v2\/types\/post"}],"author":[{"embeddable":true,"href":"https:\/\/armstrongyregion.com.ar\/diario\/wp-json\/wp\/v2\/users\/1"}],"replies":[{"embeddable":true,"href":"https:\/\/armstrongyregion.com.ar\/diario\/wp-json\/wp\/v2\/comments?post=43220"}],"version-history":[{"count":1,"href":"https:\/\/armstrongyregion.com.ar\/diario\/wp-json\/wp\/v2\/posts\/43220\/revisions"}],"predecessor-version":[{"id":43227,"href":"https:\/\/armstrongyregion.com.ar\/diario\/wp-json\/wp\/v2\/posts\/43220\/revisions\/43227"}],"wp:featuredmedia":[{"embeddable":true,"href":"https:\/\/armstrongyregion.com.ar\/diario\/wp-json\/wp\/v2\/media\/43222"}],"wp:attachment":[{"href":"https:\/\/armstrongyregion.com.ar\/diario\/wp-json\/wp\/v2\/media?parent=43220"}],"wp:term":[{"taxonomy":"category","embeddable":true,"href":"https:\/\/armstrongyregion.com.ar\/diario\/wp-json\/wp\/v2\/categories?post=43220"},{"taxonomy":"post_tag","embeddable":true,"href":"https:\/\/armstrongyregion.com.ar\/diario\/wp-json\/wp\/v2\/tags?post=43220"}],"curies":[{"name":"wp","href":"https:\/\/api.w.org\/{rel}","templated":true}]}}