{"id":43214,"date":"2024-06-20T22:36:50","date_gmt":"2024-06-20T22:36:50","guid":{"rendered":"https:\/\/armstrongyregion.com.ar\/diario\/?p=43214"},"modified":"2024-06-20T22:36:52","modified_gmt":"2024-06-20T22:36:52","slug":"pullaro-la-bandera-une-a-los-argentinos-bajo-un-mismo-objetivo","status":"publish","type":"post","link":"https:\/\/armstrongyregion.com.ar\/diario\/pullaro-la-bandera-une-a-los-argentinos-bajo-un-mismo-objetivo\/","title":{"rendered":"Pullaro: \u201cLa Bandera une a los argentinos bajo un mismo objetivo\u201d"},"content":{"rendered":"\n<figure class=\"wp-block-image size-full\"><a href=\"http:\/\/armstrongyregion.com.ar\/diario\/wp-content\/uploads\/2024\/06\/maxi-pullaro-a-.jpg\"><img loading=\"lazy\" decoding=\"async\" width=\"800\" height=\"533\" src=\"http:\/\/armstrongyregion.com.ar\/diario\/wp-content\/uploads\/2024\/06\/maxi-pullaro-a-.jpg\" alt=\"\" class=\"wp-image-43216\" srcset=\"https:\/\/armstrongyregion.com.ar\/diario\/wp-content\/uploads\/2024\/06\/maxi-pullaro-a-.jpg 800w, https:\/\/armstrongyregion.com.ar\/diario\/wp-content\/uploads\/2024\/06\/maxi-pullaro-a--300x200.jpg 300w, https:\/\/armstrongyregion.com.ar\/diario\/wp-content\/uploads\/2024\/06\/maxi-pullaro-a--768x512.jpg 768w\" sizes=\"auto, (max-width: 800px) 100vw, 800px\" \/><\/a><\/figure>\n\n\n\n<figure class=\"wp-block-image size-full\"><a href=\"http:\/\/armstrongyregion.com.ar\/diario\/wp-content\/uploads\/2024\/06\/maxi-pullaro-b2-.jpg\"><img loading=\"lazy\" decoding=\"async\" width=\"800\" height=\"533\" src=\"http:\/\/armstrongyregion.com.ar\/diario\/wp-content\/uploads\/2024\/06\/maxi-pullaro-b2-.jpg\" alt=\"\" class=\"wp-image-43215\" srcset=\"https:\/\/armstrongyregion.com.ar\/diario\/wp-content\/uploads\/2024\/06\/maxi-pullaro-b2-.jpg 800w, https:\/\/armstrongyregion.com.ar\/diario\/wp-content\/uploads\/2024\/06\/maxi-pullaro-b2--300x200.jpg 300w, https:\/\/armstrongyregion.com.ar\/diario\/wp-content\/uploads\/2024\/06\/maxi-pullaro-b2--768x512.jpg 768w\" sizes=\"auto, (max-width: 800px) 100vw, 800px\" \/><\/a><\/figure>\n\n\n\n<h2 class=\"wp-block-heading\">Junto al presidente Javier Milei, el gobernador encabez\u00f3 el acto central por el D\u00eda de la Bandera en la ciudad de Rosario y se\u00f1al\u00f3: \u201cSanta Fe es campo, industria, comercio; es el tractor que el pa\u00eds necesita para el cambio que todos reclaman\u00bb.<\/h2>\n\n\n\n<p>El gobernador de Santa Fe, Maximiliano Pullaro, junto al presidente de la Naci\u00f3n, Javier Milei, y el intendente de Rosario, Pablo Javkin, encabez\u00f3 este jueves el acto central por el D\u00eda de la Bandera, al conmemorarse el 204\u00ba aniversario del paso a la inmortalidad del general Manuel Belgrano. Los mandatarios estuvieron acompa\u00f1ados por&nbsp; miembros de los gabinetes nacionales, provinciales y municipales.&nbsp;<\/p>\n\n\n\n<p><br>Luego del izamiento del Pabell\u00f3n Nacional en el Monumento Nacional a la Bandera en la ciudad de Rosario, Pullaro destac\u00f3 \u201cla presencia del Presidente, la Vicepresidenta y el gabinete nacional, porque durante muchos a\u00f1os esta fecha patria, tan importante, fue ninguneada o politizada. Aqu\u00ed, en Rosario, nos damos cita pueblo y gobierno, bajo un mismo cielo y bajo una misma Bandera, que une a los argentinos bajo un mismo objetivo\u201d.<br><br>A continuaci\u00f3n, el gobernador agradeci\u00f3 el acompa\u00f1amiento del \u201cgobierno nacional, el Presidente y su ministra de Seguridad, en un momento de mucha dificultad cuando fuimos v\u00edctimas de narcoterroristas que asesinaron a 4 trabajadores. No miraron para otro lado, no comentaron la realidad, tomaron decisiones en conjunto con la provincia. No estuvimos ni estamos solos\u201d, valor\u00f3 el gobernador y, tambi\u00e9n, destac\u00f3 \u201cla solidaridad de otras provincias\u201d.<br><br>\u201cEn estos momentos tan complejos, con tantas frustraciones a cuestas pero con una esperanza que renace, nuestro pueblo espera que -como los hombres que constituyeron esta Naci\u00f3n- podamos estar a la altura de los tiempos\u201d, manifest\u00f3 Pullaro.<br><br>Asimismo, el gobernador santafesino convoc\u00f3 a que \u201ceste 20 de Junio volvamos Belgrano, al pr\u00f3cer que en 1798 redact\u00f3 el primer proyecto de ense\u00f1anza estatal, gratuita y obligatoria y que inst\u00f3 a fomentar la agricultura, animar la industria y proteger el comercio, porque nos sigue se\u00f1alando el horizonte. Aceptemos esta invitaci\u00f3n que nos hace la historia\u201d.<br><br>\u201cSanta Fe es la cuna de la Bandera que hoy homenajeamos, y que sintetiza la uni\u00f3n en la diversidad, la posibilidad de que cada una de las partes de esta Naci\u00f3n, desde su particularidad, contribuya a una totalidad que no olvide a nadie; somos la tierra de la Constituci\u00f3n y del federalismo\u201d.<br><br><img decoding=\"async\" alt=\"\" src=\"https:\/\/ci3.googleusercontent.com\/meips\/ADKq_NbYGjXSpcolPdawLGlATR-hoZaOSM-q_-CUeP5V-h3DDAIfxrxuyjTL50hWOUWQ4sc_dkNh4UfoBWd93f5cdwQu08sUWj_ljZY1PyT1uVgfxfqGWQ16wvaTlfoLUWcUwfEaEglyKu0soDzTMG8=s0-d-e1-ft#https:\/\/www.santafe.gob.ar\/noticias\/recursos\/fotos\/2024\/06\/2024-06-20NID_280522O_2.jpeg\"><\/p>\n\n\n\n<p><strong>Mirar el pa\u00eds productivo<\/strong><br>En este sentido, el gobernador se\u00f1al\u00f3: \u201cComo santafesino le pido, se\u00f1or presidente, que mire a ese pa\u00eds que produce desarrollo e innova, que necesita obras de infraestructura para explotar todo su potencial; que necesita que sus j\u00f3venes vayan a la universidad y le pongan cabeza al desarrollo tecnol\u00f3gico, uniendo la producci\u00f3n con el conocimiento; que necesita un pa\u00eds con equilibrio fiscal y eficiente, y una mirada productiva, de educaci\u00f3n y m\u00e1s federal\u201d.&nbsp;&nbsp;<br><br>\u201cSanta Fe es campo, industria, comercio, r\u00edo, puertos, y es el tractor que el pa\u00eds necesita para el cambio que todos los argentinos reclaman. Vuelva cada 20 de junio, apueste al encuentro y a un proyecto de pa\u00eds con equilibrio en las cuentas, pero con producci\u00f3n y educaci\u00f3n como ejes del desarrollo\u201d, destac\u00f3 Pullaro.<br><br>Por \u00faltimo, el gobernador santafesino recit\u00f3 el pre\u00e1mbulo de la Constituci\u00f3n Nacional, y destac\u00f3 que \u201csomos el interior productivo que siempre sac\u00f3 adelante a la Rep\u00fablica Argentina, somos gente de trabajo que quiere producir, somos los hijos del brigadier Estanislao L\u00f3pez que pele\u00f3 al lado de Manuel Belgrano, y por el federalismo\u00bb.<br><br><img decoding=\"async\" alt=\"\" src=\"https:\/\/ci3.googleusercontent.com\/meips\/ADKq_NZWuDTabOi7x_x9EhYmxxr4Ip8wrsefgNt3rS4v1jNNnSXUdyIMM0RNNJybwOFXwc8aK_zYc1ELmYikQ3S6j7f3AfXxD2u7rg8n9sG1dqz7auDCEJNJojqOjHhCUTEqEnS9e38VVjT9kn0e45k=s0-d-e1-ft#https:\/\/www.santafe.gob.ar\/noticias\/recursos\/fotos\/2024\/06\/2024-06-20NID_280522O_3.jpeg\"><\/p>\n\n\n\n<p><strong>Convocatoria presidencial<\/strong><br>A su turno, Milei record\u00f3 a Belgrano \u201cpadre de nuestra Bandera, que muestra que cada individuo puede tener un peso determinante en la historia\u201d y destac\u00f3 \u201csu ejemplo de austeridad y honradez en el ejercicio de la funci\u00f3n p\u00fablica. La Bandera es la encarnaci\u00f3n de la Patria, y hoy, aqu\u00ed en Rosario, los invit\u00f3 a repetir el compromiso por la libertad\u201d.<br><br>A continuaci\u00f3n, el presidente convoc\u00f3 \u201ca todas las autoridades pol\u00edticas y gobernadores a firmar el pr\u00f3ximo 9 de julio, en Tucum\u00e1n, el Pacto de Mayo, para empezar a dar vuelta la p\u00e1gina de nuestra historia\u201d, finaliz\u00f3.<br><br>Javkin, antes, dio la bienvenida a Rosario y agradeci\u00f3 por al presidente y el gobernador por \u201cestar presentes en un d\u00eda tan especial\u201d. Belgrano es mucho m\u00e1s que un pr\u00f3cer, es un padre, un legado. Rosario est\u00e1 \u201csiempre dispuesto a dialogar, a escuchar, a unirnos bajo el manto sagrado, este es el camino para construir la ciudad de la paz con la que so\u00f1amos\u201d, afirm\u00f3.<br><br>Estuvieron presentes en el acto, la vicegobernadora de Santa Fe, Gisela Scaglia; y ministros del gabinete provincial; la vicepresidente de la Naci\u00f3n, Victoria Villarruel; el jefe de Gabinete, Guillermo Francos y ministros nacionales.<\/p>\n\n\n\n<figure class=\"wp-block-image\"><img decoding=\"async\" src=\"https:\/\/ci3.googleusercontent.com\/meips\/ADKq_NbagQAM78IYVlUK3uc8ipeY_58TlNAGODd6Pg5lYJLawnL4_jCkrLMmFaUSEyxKKly06sKsSsB7nd7lK3woETnmPBlTDRX09hk_RanCZTOLWtN-Y5dgw73s1UOalaq1qT8MdHOsD28Gbrjuy3A=s0-d-e1-ft#https:\/\/www.santafe.gob.ar\/noticias\/recursos\/fotos\/2024\/06\/2024-06-20NID_280522O_4.jpeg\" alt=\"\"\/><\/figure>\n","protected":false},"excerpt":{"rendered":"<p>Pullaro: \u201cLa Bandera une a los argentinos bajo un mismo objetivo\u201d<\/p>\n","protected":false},"author":1,"featured_media":43216,"comment_status":"open","ping_status":"open","sticky":false,"template":"","format":"image","meta":{"_jetpack_memberships_contains_paid_content":false,"footnotes":"","jetpack_publicize_message":"","jetpack_publicize_feature_enabled":true,"jetpack_social_post_already_shared":true,"jetpack_social_options":{"image_generator_settings":{"template":"highway","default_image_id":0,"enabled":false},"version":2}},"categories":[8,1,2,7,3],"tags":[3194,1894,9924,9346,31,10057,42,2846,9813],"class_list":["post-43214","post","type-post","status-publish","format-image","has-post-thumbnail","hentry","category-deliberando","category-diario-armstrong","category-locales","category-politica","category-region","tag-argentinos","tag-bandera","tag-diario-armstrong-y-region-2","tag-graciela-de-la-casa","tag-la","tag-lic-2","tag-los","tag-pullaro","tag-une","post_format-post-format-image"],"jetpack_publicize_connections":[],"jetpack_featured_media_url":"https:\/\/armstrongyregion.com.ar\/diario\/wp-content\/uploads\/2024\/06\/maxi-pullaro-a-.jpg","jetpack_shortlink":"https:\/\/wp.me\/p62QDO-bf0","jetpack_sharing_enabled":true,"amp_enabled":true,"_links":{"self":[{"href":"https:\/\/armstrongyregion.com.ar\/diario\/wp-json\/wp\/v2\/posts\/43214","targetHints":{"allow":["GET"]}}],"collection":[{"href":"https:\/\/armstrongyregion.com.ar\/diario\/wp-json\/wp\/v2\/posts"}],"about":[{"href":"https:\/\/armstrongyregion.com.ar\/diario\/wp-json\/wp\/v2\/types\/post"}],"author":[{"embeddable":true,"href":"https:\/\/armstrongyregion.com.ar\/diario\/wp-json\/wp\/v2\/users\/1"}],"replies":[{"embeddable":true,"href":"https:\/\/armstrongyregion.com.ar\/diario\/wp-json\/wp\/v2\/comments?post=43214"}],"version-history":[{"count":1,"href":"https:\/\/armstrongyregion.com.ar\/diario\/wp-json\/wp\/v2\/posts\/43214\/revisions"}],"predecessor-version":[{"id":43217,"href":"https:\/\/armstrongyregion.com.ar\/diario\/wp-json\/wp\/v2\/posts\/43214\/revisions\/43217"}],"wp:featuredmedia":[{"embeddable":true,"href":"https:\/\/armstrongyregion.com.ar\/diario\/wp-json\/wp\/v2\/media\/43216"}],"wp:attachment":[{"href":"https:\/\/armstrongyregion.com.ar\/diario\/wp-json\/wp\/v2\/media?parent=43214"}],"wp:term":[{"taxonomy":"category","embeddable":true,"href":"https:\/\/armstrongyregion.com.ar\/diario\/wp-json\/wp\/v2\/categories?post=43214"},{"taxonomy":"post_tag","embeddable":true,"href":"https:\/\/armstrongyregion.com.ar\/diario\/wp-json\/wp\/v2\/tags?post=43214"}],"curies":[{"name":"wp","href":"https:\/\/api.w.org\/{rel}","templated":true}]}}