{"id":43211,"date":"2024-06-20T22:19:38","date_gmt":"2024-06-20T22:19:38","guid":{"rendered":"https:\/\/armstrongyregion.com.ar\/diario\/?p=43211"},"modified":"2024-06-20T22:19:42","modified_gmt":"2024-06-20T22:19:42","slug":"fischer-tener-o-no-un-hogar-de-ancianos-es-una-decision-politica","status":"publish","type":"post","link":"https:\/\/armstrongyregion.com.ar\/diario\/fischer-tener-o-no-un-hogar-de-ancianos-es-una-decision-politica\/","title":{"rendered":"Fischer \u00abTener o no un Hogar de Ancianos es una decisi\u00f3n pol\u00edtica\u00bb."},"content":{"rendered":"\n<figure class=\"wp-block-image size-full\"><a href=\"http:\/\/armstrongyregion.com.ar\/diario\/wp-content\/uploads\/2024\/06\/Gramigna-Fischer.jpg\"><img loading=\"lazy\" decoding=\"async\" width=\"718\" height=\"555\" src=\"http:\/\/armstrongyregion.com.ar\/diario\/wp-content\/uploads\/2024\/06\/Gramigna-Fischer.jpg\" alt=\"\" class=\"wp-image-43212\" srcset=\"https:\/\/armstrongyregion.com.ar\/diario\/wp-content\/uploads\/2024\/06\/Gramigna-Fischer.jpg 718w, https:\/\/armstrongyregion.com.ar\/diario\/wp-content\/uploads\/2024\/06\/Gramigna-Fischer-300x232.jpg 300w\" sizes=\"auto, (max-width: 718px) 100vw, 718px\" \/><\/a><\/figure>\n\n\n\n<p>La Concejala Luz Marina Fischer expresaba: \u00abDesde el Concejo solicitamos conjuntamente con el bloque \u201cRenovaci\u00f3n por Armstrong\u201d un informe al municipio cuya gesti\u00f3n lo cerr\u00f3 en el a\u00f1o 2020, culminando as\u00ed, un servicio social gratuito brindado por m\u00e1s de 40 a\u00f1os desde su creaci\u00f3n por la gesti\u00f3n Fischer\u00bb.<\/p>\n\n\n\n<p>\u00abTener o no un Hogar de Ancianos es una decisi\u00f3n pol\u00edtica, lo decide el Intendente y su equipo de trabajo, no hay otra persona que lo decida. Hay gobiernos que deciden tener un Hogar de Ancianos y hay gobiernos que no. Para ellos no es una inversi\u00f3n en un servicio social para la gesti\u00f3n Verdecchia que ahora contin\u00faa con la misma l\u00ednea el intendente interino Guillermo Luzzi,  es un gasto\u00bb Expres\u00f3 Fischer.<\/p>\n\n\n\n<p> \u00abQueremos que Armstrong vuelva a tener un Hogar de Ancianos Municipal que albergue a los abuelos que necesitan una casa y una mejor calidad de vida\u00bb. Finaliz\u00f3.<\/p>\n\n\n\n<p><\/p>\n","protected":false},"excerpt":{"rendered":"<p>Fischer \u00abTener o no un Hogar de Ancianos es una decisi\u00f3n pol\u00edtica\u00bb.<\/p>\n","protected":false},"author":1,"featured_media":43212,"comment_status":"open","ping_status":"open","sticky":false,"template":"","format":"image","meta":{"_jetpack_memberships_contains_paid_content":false,"footnotes":"","jetpack_publicize_message":"","jetpack_publicize_feature_enabled":true,"jetpack_social_post_already_shared":true,"jetpack_social_options":{"image_generator_settings":{"template":"highway","default_image_id":0,"enabled":false},"version":2}},"categories":[8,1,2,7,3],"tags":[10295,10721,139,1043,10794,8777,96,1491,192,103],"class_list":["post-43211","post","type-post","status-publish","format-image","has-post-thumbnail","hentry","category-deliberando","category-diario-armstrong","category-locales","category-politica","category-region","tag-decision","tag-diario-armstrong-region","tag-es","tag-fischer","tag-hogar-de-ancianos","tag-lic-graciela-de-la-casa","tag-no","tag-politica-2","tag-un","tag-una","post_format-post-format-image"],"jetpack_publicize_connections":[],"jetpack_featured_media_url":"https:\/\/armstrongyregion.com.ar\/diario\/wp-content\/uploads\/2024\/06\/Gramigna-Fischer.jpg","jetpack_shortlink":"https:\/\/wp.me\/p62QDO-beX","jetpack_sharing_enabled":true,"amp_enabled":true,"_links":{"self":[{"href":"https:\/\/armstrongyregion.com.ar\/diario\/wp-json\/wp\/v2\/posts\/43211","targetHints":{"allow":["GET"]}}],"collection":[{"href":"https:\/\/armstrongyregion.com.ar\/diario\/wp-json\/wp\/v2\/posts"}],"about":[{"href":"https:\/\/armstrongyregion.com.ar\/diario\/wp-json\/wp\/v2\/types\/post"}],"author":[{"embeddable":true,"href":"https:\/\/armstrongyregion.com.ar\/diario\/wp-json\/wp\/v2\/users\/1"}],"replies":[{"embeddable":true,"href":"https:\/\/armstrongyregion.com.ar\/diario\/wp-json\/wp\/v2\/comments?post=43211"}],"version-history":[{"count":1,"href":"https:\/\/armstrongyregion.com.ar\/diario\/wp-json\/wp\/v2\/posts\/43211\/revisions"}],"predecessor-version":[{"id":43213,"href":"https:\/\/armstrongyregion.com.ar\/diario\/wp-json\/wp\/v2\/posts\/43211\/revisions\/43213"}],"wp:featuredmedia":[{"embeddable":true,"href":"https:\/\/armstrongyregion.com.ar\/diario\/wp-json\/wp\/v2\/media\/43212"}],"wp:attachment":[{"href":"https:\/\/armstrongyregion.com.ar\/diario\/wp-json\/wp\/v2\/media?parent=43211"}],"wp:term":[{"taxonomy":"category","embeddable":true,"href":"https:\/\/armstrongyregion.com.ar\/diario\/wp-json\/wp\/v2\/categories?post=43211"},{"taxonomy":"post_tag","embeddable":true,"href":"https:\/\/armstrongyregion.com.ar\/diario\/wp-json\/wp\/v2\/tags?post=43211"}],"curies":[{"name":"wp","href":"https:\/\/api.w.org\/{rel}","templated":true}]}}