{"id":43206,"date":"2024-06-20T21:53:46","date_gmt":"2024-06-20T21:53:46","guid":{"rendered":"https:\/\/armstrongyregion.com.ar\/diario\/?p=43206"},"modified":"2024-06-20T21:53:49","modified_gmt":"2024-06-20T21:53:49","slug":"emiliano-gramigna-interpela-al-oficialismo-por-el-hogar-de-ancianos","status":"publish","type":"post","link":"https:\/\/armstrongyregion.com.ar\/diario\/emiliano-gramigna-interpela-al-oficialismo-por-el-hogar-de-ancianos\/","title":{"rendered":"Emiliano Gramigna interpela al oficialismo por el Hogar de Ancianos."},"content":{"rendered":"\n<figure class=\"wp-block-image size-full\"><a href=\"http:\/\/armstrongyregion.com.ar\/diario\/wp-content\/uploads\/2024\/06\/Emi-Hogar-1-.jpg\"><img loading=\"lazy\" decoding=\"async\" width=\"645\" height=\"427\" src=\"http:\/\/armstrongyregion.com.ar\/diario\/wp-content\/uploads\/2024\/06\/Emi-Hogar-1-.jpg\" alt=\"\" class=\"wp-image-43207\" srcset=\"https:\/\/armstrongyregion.com.ar\/diario\/wp-content\/uploads\/2024\/06\/Emi-Hogar-1-.jpg 645w, https:\/\/armstrongyregion.com.ar\/diario\/wp-content\/uploads\/2024\/06\/Emi-Hogar-1--300x199.jpg 300w\" sizes=\"auto, (max-width: 645px) 100vw, 645px\" \/><\/a><\/figure>\n\n\n\n<p><strong>El candidato a Intendente de Cambia Armstrong solicit\u00f3 un informe al<br>Ejecutivo e impulsa la apertura del Hogar Municipal de Ancianos<\/strong>.<\/p>\n\n\n\n<figure class=\"wp-block-image size-full\"><a href=\"http:\/\/armstrongyregion.com.ar\/diario\/wp-content\/uploads\/2024\/06\/Emi-Hogar-2-.jpg\"><img loading=\"lazy\" decoding=\"async\" width=\"628\" height=\"417\" src=\"http:\/\/armstrongyregion.com.ar\/diario\/wp-content\/uploads\/2024\/06\/Emi-Hogar-2-.jpg\" alt=\"\" class=\"wp-image-43208\" srcset=\"https:\/\/armstrongyregion.com.ar\/diario\/wp-content\/uploads\/2024\/06\/Emi-Hogar-2-.jpg 628w, https:\/\/armstrongyregion.com.ar\/diario\/wp-content\/uploads\/2024\/06\/Emi-Hogar-2--300x199.jpg 300w\" sizes=\"auto, (max-width: 628px) 100vw, 628px\" \/><\/a><\/figure>\n\n\n\n<p>Emiliano Gramigna, Concejal y candidato a Intendente por Cambia Armstrong, ha<br>puesto sobre la mesa un tema de relevancia comunitaria: la apertura del Hogar de<br>Ancianos Municipal \u201cValent\u00edn Ronchese\u201d, cerrado  por la gesti\u00f3n<br>actual durante la pandemia en el a\u00f1o 2020.<\/p>\n\n\n\n<figure class=\"wp-block-image size-full\"><a href=\"http:\/\/armstrongyregion.com.ar\/diario\/wp-content\/uploads\/2024\/06\/Emi-Hogar3-.jpg\"><img loading=\"lazy\" decoding=\"async\" width=\"638\" height=\"416\" src=\"http:\/\/armstrongyregion.com.ar\/diario\/wp-content\/uploads\/2024\/06\/Emi-Hogar3-.jpg\" alt=\"\" class=\"wp-image-43209\" srcset=\"https:\/\/armstrongyregion.com.ar\/diario\/wp-content\/uploads\/2024\/06\/Emi-Hogar3-.jpg 638w, https:\/\/armstrongyregion.com.ar\/diario\/wp-content\/uploads\/2024\/06\/Emi-Hogar3--300x196.jpg 300w\" sizes=\"auto, (max-width: 638px) 100vw, 638px\" \/><\/a><\/figure>\n\n\n\n<p><br>En un firme compromiso con la comunidad, Gramigna present\u00f3 en el Concejo<br>Municipal de Armstrong un pedido de informe para esclarecer la situaci\u00f3n y promover<br>la reapertura del establecimiento con duras cr\u00edticas al oficialismo local.<\/p>\n\n\n\n<p>En su alocuci\u00f3n subray\u00f3 la urgencia de abrir las puertas del Hogar de Ancianos, el cual,<br>seg\u00fan sus declaraciones,<strong> \u00abha permanecido cerrado durante demasiado tiempo debido a la<br>falta de voluntad pol\u00edtica y gesti\u00f3n ineficiente por parte de la administraci\u00f3n actual\u00bb.<\/strong><\/p>\n\n\n\n<p><br>En tal sentido manifest\u00f3 que <strong>\u201cEsta gesti\u00f3n tiene una fascinaci\u00f3n por tercerizar,<br>terceriza las obras, terceriza los trabajos, terceriza los servicios y, lamentablemente<br>tambi\u00e9n terceriz\u00f3 a los abuelos, ya que los familiares  se vieron obligados a reubicarlos  en sus propias viviendas o en asilos privados\u00bb.<\/strong><\/p>\n\n\n\n<p><br>En esa misma l\u00ednea, otro de los puntos cuestionados refiere a las razones por las cuales<strong><br>\u00abel Hogar de Ancianos sigue incluido en el presupuesto municipal desde su cierre en<br>2020, resultando llamativo que el Ejecutivo local prevea fondos para una entidad que<br>decidi\u00f3 cerrar hace m\u00e1s de cuatro a\u00f1os, por lo que deber\u00e1 dar cuenta de dicha partida<br>presupuestaria y su destino\u00bb.<\/strong> Inform\u00f3 el edil.<\/p>\n\n\n\n<p>Finalmente, Emiliano Gramigna ha expresado su firme compromiso con la reapertura<br>del hogar: <strong>\u201cEs vital que el Hogar de Ancianos Valent\u00edn Ronchese vuelva a abrir sus<br>puertas. No podemos olvidar a nuestros adultos mayores ni desatender las necesidades<br>de sus familias. Este informe es un paso esencial para transparentar la situaci\u00f3n y<br>trabajar en una soluci\u00f3n definitiva que beneficie a toda la comunidad de Armstrong\u201d,<br><\/strong>recalcando que<strong> \u201cel bienestar de los ancianos y el apoyo a sus familias son prioridades<br>fundamentales en su agenda como Candidato a Intendente\u201d<\/strong>, concluy\u00f3.<br><br>La propuesta de Gramigna ha generado un intenso debate en la comunidad, destacando<br>la importancia de este tema en la agenda pol\u00edtica local y subrayando la necesidad de un<br>enfoque renovado hacia el cuidado de los adultos mayores en Armstrong.<\/p>\n","protected":false},"excerpt":{"rendered":"<p>Emiliano Gramigna interpela al oficialismo por el Hogar de Ancianos.<\/p>\n","protected":false},"author":1,"featured_media":43207,"comment_status":"open","ping_status":"open","sticky":false,"template":"","format":"image","meta":{"_jetpack_memberships_contains_paid_content":false,"footnotes":"","jetpack_publicize_message":"","jetpack_publicize_feature_enabled":true,"jetpack_social_post_already_shared":true,"jetpack_social_options":{"image_generator_settings":{"template":"highway","default_image_id":0,"enabled":false},"version":2}},"categories":[8,1,2,7,3],"tags":[9924,16,9423,10794,10793,8777,3609],"class_list":["post-43206","post","type-post","status-publish","format-image","has-post-thumbnail","hentry","category-deliberando","category-diario-armstrong","category-locales","category-politica","category-region","tag-diario-armstrong-y-region-2","tag-el","tag-emiliano-gramigna","tag-hogar-de-ancianos","tag-interpela","tag-lic-graciela-de-la-casa","tag-oficialismo","post_format-post-format-image"],"jetpack_publicize_connections":[],"jetpack_featured_media_url":"https:\/\/armstrongyregion.com.ar\/diario\/wp-content\/uploads\/2024\/06\/Emi-Hogar-1-.jpg","jetpack_shortlink":"https:\/\/wp.me\/p62QDO-beS","jetpack_sharing_enabled":true,"amp_enabled":true,"_links":{"self":[{"href":"https:\/\/armstrongyregion.com.ar\/diario\/wp-json\/wp\/v2\/posts\/43206","targetHints":{"allow":["GET"]}}],"collection":[{"href":"https:\/\/armstrongyregion.com.ar\/diario\/wp-json\/wp\/v2\/posts"}],"about":[{"href":"https:\/\/armstrongyregion.com.ar\/diario\/wp-json\/wp\/v2\/types\/post"}],"author":[{"embeddable":true,"href":"https:\/\/armstrongyregion.com.ar\/diario\/wp-json\/wp\/v2\/users\/1"}],"replies":[{"embeddable":true,"href":"https:\/\/armstrongyregion.com.ar\/diario\/wp-json\/wp\/v2\/comments?post=43206"}],"version-history":[{"count":1,"href":"https:\/\/armstrongyregion.com.ar\/diario\/wp-json\/wp\/v2\/posts\/43206\/revisions"}],"predecessor-version":[{"id":43210,"href":"https:\/\/armstrongyregion.com.ar\/diario\/wp-json\/wp\/v2\/posts\/43206\/revisions\/43210"}],"wp:featuredmedia":[{"embeddable":true,"href":"https:\/\/armstrongyregion.com.ar\/diario\/wp-json\/wp\/v2\/media\/43207"}],"wp:attachment":[{"href":"https:\/\/armstrongyregion.com.ar\/diario\/wp-json\/wp\/v2\/media?parent=43206"}],"wp:term":[{"taxonomy":"category","embeddable":true,"href":"https:\/\/armstrongyregion.com.ar\/diario\/wp-json\/wp\/v2\/categories?post=43206"},{"taxonomy":"post_tag","embeddable":true,"href":"https:\/\/armstrongyregion.com.ar\/diario\/wp-json\/wp\/v2\/tags?post=43206"}],"curies":[{"name":"wp","href":"https:\/\/api.w.org\/{rel}","templated":true}]}}