{"id":43169,"date":"2024-06-18T21:41:45","date_gmt":"2024-06-18T21:41:45","guid":{"rendered":"https:\/\/armstrongyregion.com.ar\/diario\/?p=43169"},"modified":"2024-06-18T21:41:48","modified_gmt":"2024-06-18T21:41:48","slug":"armstrong-dia-de-la-bandera-2024","status":"publish","type":"post","link":"https:\/\/armstrongyregion.com.ar\/diario\/armstrong-dia-de-la-bandera-2024\/","title":{"rendered":"Armstrong. D\u00eda de la Bandera 2024."},"content":{"rendered":"\n<figure class=\"wp-block-image size-full\"><a href=\"http:\/\/armstrongyregion.com.ar\/diario\/wp-content\/uploads\/2024\/06\/20-de-junio-acto-2024.jpg\"><img loading=\"lazy\" decoding=\"async\" width=\"640\" height=\"640\" src=\"http:\/\/armstrongyregion.com.ar\/diario\/wp-content\/uploads\/2024\/06\/20-de-junio-acto-2024.jpg\" alt=\"\" class=\"wp-image-43170\" srcset=\"https:\/\/armstrongyregion.com.ar\/diario\/wp-content\/uploads\/2024\/06\/20-de-junio-acto-2024.jpg 640w, https:\/\/armstrongyregion.com.ar\/diario\/wp-content\/uploads\/2024\/06\/20-de-junio-acto-2024-300x300.jpg 300w, https:\/\/armstrongyregion.com.ar\/diario\/wp-content\/uploads\/2024\/06\/20-de-junio-acto-2024-150x150.jpg 150w\" sizes=\"auto, (max-width: 640px) 100vw, 640px\" \/><\/a><\/figure>\n\n\n\n<p>La Municipalidad de Armstrong junto a las comunidades educativas de las Escuelas N\u00b0 600 \u201cGral.<br>Manuel Belgrano\u201d, N\u00b0 51 \u201cDr. Manuel Belgrano\u201d y N\u00b0 635 \u201cJuan Bautista Spagnolo\u201d invitan a<br>compartir el acto que se realizar\u00e1 el jueves 20 de junio a las 14:30 hs. en Plaza San Mart\u00edn, con<br>motivo del D\u00eda de la Bandera.<br>Los alumnos de 4\u00b0 grado de todas las escuelas de nuestra ciudad har\u00e1n su Promesa de Lealtad a la<br>Bandera.<br>Se invita a las familias y p\u00fablico en general a participar de este momento tan importante.<br>Participar\u00e1 la Banda del Conservatorio Municipal de M\u00fasica y, luego del acto, la Cooperadora de la<br>Escuela N\u00b0 600 tendr\u00e1 venta de tortas, y la Cooperadora de la Escuela N\u00b0 51 ofrecer\u00e1 caf\u00e9 y tortas<br>fritas.<br>En caso de inclemencia clim\u00e1tica, se realizar\u00e1 en la Estaci\u00f3n M\u00e1s.<br>Invitamos a todos los vecinos armstronenses a embanderar los edificios. \u00a1Vistamos la ciudad de<br>celeste y blanco!<\/p>\n","protected":false},"excerpt":{"rendered":"<p>Armstrong. D\u00eda de la Bandera 2024.<\/p>\n","protected":false},"author":1,"featured_media":43170,"comment_status":"open","ping_status":"open","sticky":false,"template":"","format":"image","meta":{"_jetpack_memberships_contains_paid_content":false,"footnotes":"","jetpack_publicize_message":"","jetpack_publicize_feature_enabled":true,"jetpack_social_post_already_shared":true,"jetpack_social_options":{"image_generator_settings":{"template":"highway","default_image_id":0,"enabled":false},"version":2}},"categories":[8,1,2,7,3],"tags":[],"class_list":["post-43169","post","type-post","status-publish","format-image","has-post-thumbnail","hentry","category-deliberando","category-diario-armstrong","category-locales","category-politica","category-region","post_format-post-format-image"],"jetpack_publicize_connections":[],"jetpack_featured_media_url":"https:\/\/armstrongyregion.com.ar\/diario\/wp-content\/uploads\/2024\/06\/20-de-junio-acto-2024.jpg","jetpack_shortlink":"https:\/\/wp.me\/p62QDO-beh","jetpack_sharing_enabled":true,"amp_enabled":true,"_links":{"self":[{"href":"https:\/\/armstrongyregion.com.ar\/diario\/wp-json\/wp\/v2\/posts\/43169","targetHints":{"allow":["GET"]}}],"collection":[{"href":"https:\/\/armstrongyregion.com.ar\/diario\/wp-json\/wp\/v2\/posts"}],"about":[{"href":"https:\/\/armstrongyregion.com.ar\/diario\/wp-json\/wp\/v2\/types\/post"}],"author":[{"embeddable":true,"href":"https:\/\/armstrongyregion.com.ar\/diario\/wp-json\/wp\/v2\/users\/1"}],"replies":[{"embeddable":true,"href":"https:\/\/armstrongyregion.com.ar\/diario\/wp-json\/wp\/v2\/comments?post=43169"}],"version-history":[{"count":1,"href":"https:\/\/armstrongyregion.com.ar\/diario\/wp-json\/wp\/v2\/posts\/43169\/revisions"}],"predecessor-version":[{"id":43171,"href":"https:\/\/armstrongyregion.com.ar\/diario\/wp-json\/wp\/v2\/posts\/43169\/revisions\/43171"}],"wp:featuredmedia":[{"embeddable":true,"href":"https:\/\/armstrongyregion.com.ar\/diario\/wp-json\/wp\/v2\/media\/43170"}],"wp:attachment":[{"href":"https:\/\/armstrongyregion.com.ar\/diario\/wp-json\/wp\/v2\/media?parent=43169"}],"wp:term":[{"taxonomy":"category","embeddable":true,"href":"https:\/\/armstrongyregion.com.ar\/diario\/wp-json\/wp\/v2\/categories?post=43169"},{"taxonomy":"post_tag","embeddable":true,"href":"https:\/\/armstrongyregion.com.ar\/diario\/wp-json\/wp\/v2\/tags?post=43169"}],"curies":[{"name":"wp","href":"https:\/\/api.w.org\/{rel}","templated":true}]}}