{"id":43162,"date":"2024-06-18T21:29:55","date_gmt":"2024-06-18T21:29:55","guid":{"rendered":"https:\/\/armstrongyregion.com.ar\/diario\/?p=43162"},"modified":"2024-06-18T21:29:58","modified_gmt":"2024-06-18T21:29:58","slug":"armstrong-informe-area-de-orden-publico-18-06-2024","status":"publish","type":"post","link":"https:\/\/armstrongyregion.com.ar\/diario\/armstrong-informe-area-de-orden-publico-18-06-2024\/","title":{"rendered":"Armstrong. Informe \u00c1rea de Orden P\u00fablico 18\/06\/2024"},"content":{"rendered":"\n<figure class=\"wp-block-image size-full\"><a href=\"http:\/\/armstrongyregion.com.ar\/diario\/wp-content\/uploads\/2024\/06\/orden-p-18-06-14.jpg\"><img loading=\"lazy\" decoding=\"async\" width=\"576\" height=\"381\" src=\"http:\/\/armstrongyregion.com.ar\/diario\/wp-content\/uploads\/2024\/06\/orden-p-18-06-14.jpg\" alt=\"\" class=\"wp-image-43163\" srcset=\"https:\/\/armstrongyregion.com.ar\/diario\/wp-content\/uploads\/2024\/06\/orden-p-18-06-14.jpg 576w, https:\/\/armstrongyregion.com.ar\/diario\/wp-content\/uploads\/2024\/06\/orden-p-18-06-14-300x198.jpg 300w\" sizes=\"auto, (max-width: 576px) 100vw, 576px\" \/><\/a><\/figure>\n\n\n\n<p>El \u00c1rea de Orden P\u00fablico de la Municipalidad de Armstrong inform\u00f3 que en el transcurso de la<br>\u00faltima semana se procedi\u00f3 a realizar recorridos en coordinaci\u00f3n con Polic\u00eda y central de monitoreo<br>para acciones de prevenci\u00f3n de faltas y delitos, con presencia efectiva en barrio FoNaVi Sur<br>incluyendo plaza Nona Rocha.<\/p>\n\n\n\n<figure class=\"wp-block-image size-full\"><a href=\"http:\/\/armstrongyregion.com.ar\/diario\/wp-content\/uploads\/2024\/06\/orden-p-18-06-24-b-.jpg\"><img loading=\"lazy\" decoding=\"async\" width=\"600\" height=\"800\" src=\"http:\/\/armstrongyregion.com.ar\/diario\/wp-content\/uploads\/2024\/06\/orden-p-18-06-24-b-.jpg\" alt=\"\" class=\"wp-image-43164\" srcset=\"https:\/\/armstrongyregion.com.ar\/diario\/wp-content\/uploads\/2024\/06\/orden-p-18-06-24-b-.jpg 600w, https:\/\/armstrongyregion.com.ar\/diario\/wp-content\/uploads\/2024\/06\/orden-p-18-06-24-b--225x300.jpg 225w\" sizes=\"auto, (max-width: 600px) 100vw, 600px\" \/><\/a><\/figure>\n\n\n\n<p><br>Estos recorridos con presencia preventiva se extienden en horas de la madrugada a Plaza San<br>Mart\u00edn, edificio municipal, parroquia Nuestra Se\u00f1ora de la Merced y Estaci\u00f3n M\u00e1s. Tambi\u00e9n se<br>realiza un recorrido por Jard\u00edn 84, v\u00edas del ferrocarril y cancha de bochas.<\/p>\n\n\n\n<figure class=\"wp-block-image size-full\"><a href=\"http:\/\/armstrongyregion.com.ar\/diario\/wp-content\/uploads\/2024\/06\/orden-p-18-06-24-c-.jpg\"><img loading=\"lazy\" decoding=\"async\" width=\"545\" height=\"241\" src=\"http:\/\/armstrongyregion.com.ar\/diario\/wp-content\/uploads\/2024\/06\/orden-p-18-06-24-c-.jpg\" alt=\"\" class=\"wp-image-43165\" srcset=\"https:\/\/armstrongyregion.com.ar\/diario\/wp-content\/uploads\/2024\/06\/orden-p-18-06-24-c-.jpg 545w, https:\/\/armstrongyregion.com.ar\/diario\/wp-content\/uploads\/2024\/06\/orden-p-18-06-24-c--300x133.jpg 300w\" sizes=\"auto, (max-width: 545px) 100vw, 545px\" \/><\/a><\/figure>\n\n\n\n<p><br>Con presencia policial preventiva y en coordinaci\u00f3n con inspectores de tr\u00e1nsito se procedi\u00f3 al<br>secuestro de mercader\u00eda por venta ambulante no autorizada. Infractor: mayor de edad.<br>Se secuestr\u00f3 tambi\u00e9n una pick up conducida por un menor de edad sin licencia habilitante;<br>Incautaci\u00f3n de dos motoveh\u00edculos, ambos conducidos por dos masculinos mayores de edad y<br>secuestrados por escapes ruidosos y falta de documentaci\u00f3n exigible.<br>En todos los casos interviene el Juzgado Municipal de Faltas.<br>Se produjeron controles vehiculares en Subcomisar\u00eda Baiochi por la Guardia Rural Los Pumas en Ruta<br>Provincial N\u00b0 15, personal de tr\u00e1nsito colabor\u00f3 con la Comisar\u00eda III de Armstrong en zona urbana,<br>calles San Mart\u00edn y Crucianelli, y en accesos a la ciudad: Ruta Nacional N\u00b0 9 y Paraguay, y en Ruta<br>Provincial N\u00b0 15 y Schaer.<\/p>\n","protected":false},"excerpt":{"rendered":"<p>Armstrong. Informe \u00c1rea de Orden P\u00fablico 18\/06\/2024<\/p>\n","protected":false},"author":1,"featured_media":43163,"comment_status":"open","ping_status":"open","sticky":false,"template":"","format":"image","meta":{"_jetpack_memberships_contains_paid_content":false,"footnotes":"","jetpack_publicize_message":"","jetpack_publicize_feature_enabled":true,"jetpack_social_post_already_shared":true,"jetpack_social_options":{"image_generator_settings":{"template":"highway","default_image_id":0,"enabled":false},"version":2}},"categories":[8,1,2,7,3],"tags":[903,20,19,5030,8653,8777,1570,8773],"class_list":["post-43162","post","type-post","status-publish","format-image","has-post-thumbnail","hentry","category-deliberando","category-diario-armstrong","category-locales","category-politica","category-region","tag-area","tag-armstrong","tag-de","tag-diario-armstrong","tag-informe-2","tag-lic-graciela-de-la-casa","tag-orden","tag-publico-3","post_format-post-format-image"],"jetpack_publicize_connections":[],"jetpack_featured_media_url":"https:\/\/armstrongyregion.com.ar\/diario\/wp-content\/uploads\/2024\/06\/orden-p-18-06-14.jpg","jetpack_shortlink":"https:\/\/wp.me\/p62QDO-bea","jetpack_sharing_enabled":true,"amp_enabled":true,"_links":{"self":[{"href":"https:\/\/armstrongyregion.com.ar\/diario\/wp-json\/wp\/v2\/posts\/43162","targetHints":{"allow":["GET"]}}],"collection":[{"href":"https:\/\/armstrongyregion.com.ar\/diario\/wp-json\/wp\/v2\/posts"}],"about":[{"href":"https:\/\/armstrongyregion.com.ar\/diario\/wp-json\/wp\/v2\/types\/post"}],"author":[{"embeddable":true,"href":"https:\/\/armstrongyregion.com.ar\/diario\/wp-json\/wp\/v2\/users\/1"}],"replies":[{"embeddable":true,"href":"https:\/\/armstrongyregion.com.ar\/diario\/wp-json\/wp\/v2\/comments?post=43162"}],"version-history":[{"count":1,"href":"https:\/\/armstrongyregion.com.ar\/diario\/wp-json\/wp\/v2\/posts\/43162\/revisions"}],"predecessor-version":[{"id":43166,"href":"https:\/\/armstrongyregion.com.ar\/diario\/wp-json\/wp\/v2\/posts\/43162\/revisions\/43166"}],"wp:featuredmedia":[{"embeddable":true,"href":"https:\/\/armstrongyregion.com.ar\/diario\/wp-json\/wp\/v2\/media\/43163"}],"wp:attachment":[{"href":"https:\/\/armstrongyregion.com.ar\/diario\/wp-json\/wp\/v2\/media?parent=43162"}],"wp:term":[{"taxonomy":"category","embeddable":true,"href":"https:\/\/armstrongyregion.com.ar\/diario\/wp-json\/wp\/v2\/categories?post=43162"},{"taxonomy":"post_tag","embeddable":true,"href":"https:\/\/armstrongyregion.com.ar\/diario\/wp-json\/wp\/v2\/tags?post=43162"}],"curies":[{"name":"wp","href":"https:\/\/api.w.org\/{rel}","templated":true}]}}