{"id":43140,"date":"2024-06-16T01:45:30","date_gmt":"2024-06-16T01:45:30","guid":{"rendered":"https:\/\/armstrongyregion.com.ar\/diario\/?p=43140"},"modified":"2024-06-16T01:45:33","modified_gmt":"2024-06-16T01:45:33","slug":"clara-garcia-celebro-la-continuidad-del-fondo-de-electrificacion-rural-que-seguira-generando-arraigo-y-desarrollo-en-la-provincia","status":"publish","type":"post","link":"https:\/\/armstrongyregion.com.ar\/diario\/clara-garcia-celebro-la-continuidad-del-fondo-de-electrificacion-rural-que-seguira-generando-arraigo-y-desarrollo-en-la-provincia\/","title":{"rendered":"Clara Garc\u00eda celebr\u00f3 la continuidad del Fondo de Electrificaci\u00f3n Rural, \u201cque seguir\u00e1 generando arraigo y desarrollo en la provincia\u00bb"},"content":{"rendered":"\n<figure class=\"wp-block-image size-full\"><a href=\"http:\/\/armstrongyregion.com.ar\/diario\/wp-content\/uploads\/2024\/06\/Clara-Garcia-15-6-24.jpg\"><img loading=\"lazy\" decoding=\"async\" width=\"800\" height=\"535\" src=\"http:\/\/armstrongyregion.com.ar\/diario\/wp-content\/uploads\/2024\/06\/Clara-Garcia-15-6-24.jpg\" alt=\"\" class=\"wp-image-43141\" srcset=\"https:\/\/armstrongyregion.com.ar\/diario\/wp-content\/uploads\/2024\/06\/Clara-Garcia-15-6-24.jpg 800w, https:\/\/armstrongyregion.com.ar\/diario\/wp-content\/uploads\/2024\/06\/Clara-Garcia-15-6-24-300x201.jpg 300w, https:\/\/armstrongyregion.com.ar\/diario\/wp-content\/uploads\/2024\/06\/Clara-Garcia-15-6-24-768x514.jpg 768w\" sizes=\"auto, (max-width: 800px) 100vw, 800px\" \/><\/a><\/figure>\n\n\n\n<h2 class=\"wp-block-heading\"><em>La C\u00e1mara de Diputadas y Diputados sancion\u00f3 la ley para mantener hasta 2036 el r\u00e9gimen que impulsa tanto el mantenimiento de la red como la ejecuci\u00f3n de nuevas obras para mejorar la calidad de vida en peque\u00f1as localidades o zonas alejadas, adem\u00e1s de posibilitar proyectos productivos e industriales.<\/em><\/h2>\n\n\n\n<p>La C\u00e1mara de Diputadas y Diputados sancion\u00f3 el proyecto de ley para mantener el Fondo de Electrificaci\u00f3n Rural (FER), vigente desde 2015, por 12 a\u00f1os m\u00e1s a partir del pr\u00f3ximo mes de julio. En su momento fue creado para el mantenimiento y modernizaci\u00f3n de la red y la ejecuci\u00f3n de nuevas obras el\u00e9ctricas tendientes a mejorar la calidad de vida de la poblaci\u00f3n rural, adem\u00e1s de posibilitar proyectos productivos e industriales y favorecer el arraigo en peque\u00f1as localidades o zonas alejadas de los principales n\u00facleos urbanos. El FER se compone del 1,5% sobre lo facturado por la EPE en concepto de distribuci\u00f3n de la energ\u00eda y un monto id\u00e9ntico aportado por el gobierno provincial.<\/p>\n\n\n\n<p>La presidenta de la C\u00e1mara baja, Clara Garc\u00eda, resalt\u00f3 que se trata de \u201cuna pol\u00edtica p\u00fablica que ya lleva diez a\u00f1os, en los cuales los habitantes de muchas zonas rurales y pueblos peque\u00f1os han logrado acceder al suministro el\u00e9ctrico. Ahora renovamos por otros 12 a\u00f1os un fondo que es solidario desde el momento que todos pagamos en nuestra boleta de luz un importe destinado a la electrificaci\u00f3n rural, y al que el gobierno provincial aporta un monto similar. Es un programa virtuoso que continuar\u00e1 generando arraigo y desarrollo en toda la provincia\u201d.<\/p>\n\n\n\n<p>Adem\u00e1s de la pr\u00f3rroga, se estableci\u00f3 que alcance a localidades de hasta 5.000 habitantes; hasta ahora preve\u00eda asistencia a poblaciones de menos de 3.000. Asimismo, est\u00e1 previsto que puedan adherirse al r\u00e9gimen de promoci\u00f3n de la electrificaci\u00f3n rural las cooperativas el\u00e9ctricas de la provincia e inclusive comunas que presten servicio de distribuci\u00f3n de energ\u00eda.<\/p>\n\n\n\n<p>Garc\u00eda destac\u00f3 \u201clas nuevas funcionalidades\u201d establecidas en la norma aprobada: \u201cNo solo se contemplan obras de infraestructura sino convenios con municipios y comunas que muchas veces son los que pueden ayudar porque son los que est\u00e1n cerca de los vecinos que requieren de la energ\u00eda. Tambi\u00e9n est\u00e1 incluida la adquisici\u00f3n de veh\u00edculos para realizar reparaciones en zonas alejadas a las que, por las inclemencias del tiempo, muchas veces es dif\u00edcil llegar\u201d.<\/p>\n\n\n\n<p>Inclusive, est\u00e1 previsto que industrias o productores que requieren de una obra para llevar la energ\u00eda hasta sus locaciones rurales puedan suscribir un convenio para co-financiar dichos proyectos con fondos del FER. De hecho, desde la Secretar\u00eda de Energ\u00eda se\u00f1alaron que hay m\u00e1s 80 proyectos que se ir\u00e1n priorizando a partir de la pr\u00f3rroga de esta herramienta, no solo en lo que es mantenimiento y tendido de l\u00edneas sino de nuevas iniciativas de producci\u00f3n primaria e industrias que van a poder cubrir la inversi\u00f3n inicial con este mecanismo.<\/p>\n\n\n\n<p>Garc\u00eda apunt\u00f3 que la iniciativa tambi\u00e9n prev\u00e9 incorporar proyectos de energ\u00edas renovables en zonas rurales que ser\u00e1n financiados con recursos provenientes de este fondo.<\/p>\n\n\n\n<p>En los primeros a\u00f1os de vigencia del FER, sancionado en 2014 durante la gesti\u00f3n del exgobernador Antonio Bonfatti, los recursos se destinaron a la realizaci\u00f3n de obras de nuevo tendido el\u00e9ctrico en sitios que nunca hab\u00edan contado con suministro de energ\u00eda. Fue en el marco del Plan del Norte, impulsado por el exgobernador Miguel Lifschitz en los departamentos 9 de Julio, Vera y General Obligado. M\u00e1s adelante, la inversi\u00f3n de lo recaudado se extendi\u00f3 a los departamentos que contaban con m\u00e1s l\u00edneas de electrificaci\u00f3n en las zonas rurales.<\/p>\n","protected":false},"excerpt":{"rendered":"<p>Clara Garc\u00eda celebr\u00f3 la continuidad del Fondo de Electrificaci\u00f3n Rural, \u201cque seguir\u00e1 generando arraigo y desarrollo en la provincia\u00bb<\/p>\n","protected":false},"author":1,"featured_media":43141,"comment_status":"open","ping_status":"open","sticky":false,"template":"","format":"image","meta":{"_jetpack_memberships_contains_paid_content":false,"footnotes":"","jetpack_publicize_message":"","jetpack_publicize_feature_enabled":true,"jetpack_social_post_already_shared":true,"jetpack_social_options":{"image_generator_settings":{"template":"highway","default_image_id":0,"enabled":false},"version":2}},"categories":[8,1,2,7,3],"tags":[9196,822,9924,10766,8777],"class_list":["post-43140","post","type-post","status-publish","format-image","has-post-thumbnail","hentry","category-deliberando","category-diario-armstrong","category-locales","category-politica","category-region","tag-clara-garcia","tag-continuidad","tag-diario-armstrong-y-region-2","tag-fondo-de-electrificacion-rural","tag-lic-graciela-de-la-casa","post_format-post-format-image"],"jetpack_publicize_connections":[],"jetpack_featured_media_url":"https:\/\/armstrongyregion.com.ar\/diario\/wp-content\/uploads\/2024\/06\/Clara-Garcia-15-6-24.jpg","jetpack_shortlink":"https:\/\/wp.me\/p62QDO-bdO","jetpack_sharing_enabled":true,"amp_enabled":true,"_links":{"self":[{"href":"https:\/\/armstrongyregion.com.ar\/diario\/wp-json\/wp\/v2\/posts\/43140","targetHints":{"allow":["GET"]}}],"collection":[{"href":"https:\/\/armstrongyregion.com.ar\/diario\/wp-json\/wp\/v2\/posts"}],"about":[{"href":"https:\/\/armstrongyregion.com.ar\/diario\/wp-json\/wp\/v2\/types\/post"}],"author":[{"embeddable":true,"href":"https:\/\/armstrongyregion.com.ar\/diario\/wp-json\/wp\/v2\/users\/1"}],"replies":[{"embeddable":true,"href":"https:\/\/armstrongyregion.com.ar\/diario\/wp-json\/wp\/v2\/comments?post=43140"}],"version-history":[{"count":1,"href":"https:\/\/armstrongyregion.com.ar\/diario\/wp-json\/wp\/v2\/posts\/43140\/revisions"}],"predecessor-version":[{"id":43142,"href":"https:\/\/armstrongyregion.com.ar\/diario\/wp-json\/wp\/v2\/posts\/43140\/revisions\/43142"}],"wp:featuredmedia":[{"embeddable":true,"href":"https:\/\/armstrongyregion.com.ar\/diario\/wp-json\/wp\/v2\/media\/43141"}],"wp:attachment":[{"href":"https:\/\/armstrongyregion.com.ar\/diario\/wp-json\/wp\/v2\/media?parent=43140"}],"wp:term":[{"taxonomy":"category","embeddable":true,"href":"https:\/\/armstrongyregion.com.ar\/diario\/wp-json\/wp\/v2\/categories?post=43140"},{"taxonomy":"post_tag","embeddable":true,"href":"https:\/\/armstrongyregion.com.ar\/diario\/wp-json\/wp\/v2\/tags?post=43140"}],"curies":[{"name":"wp","href":"https:\/\/api.w.org\/{rel}","templated":true}]}}