{"id":43129,"date":"2024-06-14T01:53:05","date_gmt":"2024-06-14T01:53:05","guid":{"rendered":"https:\/\/armstrongyregion.com.ar\/diario\/?p=43129"},"modified":"2024-06-14T01:53:07","modified_gmt":"2024-06-14T01:53:07","slug":"fogon-y-pena-con-motivo-de-conmemorar-un-nuevo-aniversario-del-fallecimiento-del-gral-martin-miguel-de-guemes","status":"publish","type":"post","link":"https:\/\/armstrongyregion.com.ar\/diario\/fogon-y-pena-con-motivo-de-conmemorar-un-nuevo-aniversario-del-fallecimiento-del-gral-martin-miguel-de-guemes\/","title":{"rendered":"Fog\u00f3n y Pe\u00f1a con motivo de conmemorar un nuevo aniversario del fallecimiento del Gral. Mart\u00edn Miguel de G\u00fcemes."},"content":{"rendered":"\n<figure class=\"wp-block-image size-full\"><a href=\"http:\/\/armstrongyregion.com.ar\/diario\/wp-content\/uploads\/2024\/06\/guemes-24.jpg\"><img loading=\"lazy\" decoding=\"async\" width=\"634\" height=\"634\" src=\"http:\/\/armstrongyregion.com.ar\/diario\/wp-content\/uploads\/2024\/06\/guemes-24.jpg\" alt=\"\" class=\"wp-image-43130\" srcset=\"https:\/\/armstrongyregion.com.ar\/diario\/wp-content\/uploads\/2024\/06\/guemes-24.jpg 634w, https:\/\/armstrongyregion.com.ar\/diario\/wp-content\/uploads\/2024\/06\/guemes-24-300x300.jpg 300w, https:\/\/armstrongyregion.com.ar\/diario\/wp-content\/uploads\/2024\/06\/guemes-24-150x150.jpg 150w\" sizes=\"auto, (max-width: 634px) 100vw, 634px\" \/><\/a><\/figure>\n\n\n\n<p>Municipalidad de Armstrong junto a \u201cEl Tropero\u201d invitan a participar de un fog\u00f3n y posterior pe\u00f1a<br>con motivo de conmemorar un nuevo aniversario del fallecimiento del Gral. Mart\u00edn Miguel de<br>G\u00fcemes.<br>Ser\u00e1 el s\u00e1bado 15 de junio a las 20:30 hs. en las instalaciones del centro tradicionalista donde se<br>encender\u00e1 el fog\u00f3n, se podr\u00e1 escuchar un recitado e integrantes de diferentes grupos de danzas de<br>la ciudad bailar\u00e1n una chacarera.<br>Una vez finalizado el acto se iniciar\u00e1 una pe\u00f1a con la participaci\u00f3n de los ballets infantil y juvenil del<br>C. T. El Tropero dirigidos por Alejandra Cabrera, Franco Ariza y Micaela Gonz\u00e1lez, el ballet de adultos<br>de la instituci\u00f3n a cargo de la Prof. Mercedes Bilo, el grupo de danzas folcl\u00f3ricas argentinas<br>\u201cFrancisco Maldonado\u201d que dirige Nuny Maldonado, el taller de folclore \u201cAires de Tradici\u00f3n\u201d junto a<br>la Prof. Glenda Pieve, Daniel Olmos, V\u00edctor Barrera, el Ensamble Folcl\u00f3rico del Conservatorio<br>Municipal de M\u00fasica, Vanesa Ledesma (Correa), y Alma de Chacarera (Las Parejas).<br>Tradicional servicio de buffet con empanadas, choripanes y guiso carrero. Entrada libre y gratuita, se<br>abona la silla.<\/p>\n","protected":false},"excerpt":{"rendered":"<p>Fog\u00f3n y Pe\u00f1a con motivo de conmemorar un nuevo aniversario del fallecimiento del Gral. Mart\u00edn Miguel de G\u00fcemes.<\/p>\n","protected":false},"author":1,"featured_media":43130,"comment_status":"open","ping_status":"open","sticky":false,"template":"","format":"image","meta":{"_jetpack_memberships_contains_paid_content":false,"footnotes":"","jetpack_publicize_message":"","jetpack_publicize_feature_enabled":true,"jetpack_social_post_already_shared":true,"jetpack_social_options":{"image_generator_settings":{"template":"highway","default_image_id":0,"enabled":false},"version":2}},"categories":[8,1,2,7,3],"tags":[18,100,10721,2356,3130,10762,8777,10761,1716,13],"class_list":["post-43129","post","type-post","status-publish","format-image","has-post-thumbnail","hentry","category-deliberando","category-diario-armstrong","category-locales","category-politica","category-region","tag-aniversario","tag-con","tag-diario-armstrong-region","tag-fallecimiento","tag-fogon","tag-gral-martin-miguel-de-guemes","tag-lic-graciela-de-la-casa","tag-motivos","tag-pena","tag-y","post_format-post-format-image"],"jetpack_publicize_connections":[],"jetpack_featured_media_url":"https:\/\/armstrongyregion.com.ar\/diario\/wp-content\/uploads\/2024\/06\/guemes-24.jpg","jetpack_shortlink":"https:\/\/wp.me\/p62QDO-bdD","jetpack_sharing_enabled":true,"amp_enabled":true,"_links":{"self":[{"href":"https:\/\/armstrongyregion.com.ar\/diario\/wp-json\/wp\/v2\/posts\/43129","targetHints":{"allow":["GET"]}}],"collection":[{"href":"https:\/\/armstrongyregion.com.ar\/diario\/wp-json\/wp\/v2\/posts"}],"about":[{"href":"https:\/\/armstrongyregion.com.ar\/diario\/wp-json\/wp\/v2\/types\/post"}],"author":[{"embeddable":true,"href":"https:\/\/armstrongyregion.com.ar\/diario\/wp-json\/wp\/v2\/users\/1"}],"replies":[{"embeddable":true,"href":"https:\/\/armstrongyregion.com.ar\/diario\/wp-json\/wp\/v2\/comments?post=43129"}],"version-history":[{"count":1,"href":"https:\/\/armstrongyregion.com.ar\/diario\/wp-json\/wp\/v2\/posts\/43129\/revisions"}],"predecessor-version":[{"id":43131,"href":"https:\/\/armstrongyregion.com.ar\/diario\/wp-json\/wp\/v2\/posts\/43129\/revisions\/43131"}],"wp:featuredmedia":[{"embeddable":true,"href":"https:\/\/armstrongyregion.com.ar\/diario\/wp-json\/wp\/v2\/media\/43130"}],"wp:attachment":[{"href":"https:\/\/armstrongyregion.com.ar\/diario\/wp-json\/wp\/v2\/media?parent=43129"}],"wp:term":[{"taxonomy":"category","embeddable":true,"href":"https:\/\/armstrongyregion.com.ar\/diario\/wp-json\/wp\/v2\/categories?post=43129"},{"taxonomy":"post_tag","embeddable":true,"href":"https:\/\/armstrongyregion.com.ar\/diario\/wp-json\/wp\/v2\/tags?post=43129"}],"curies":[{"name":"wp","href":"https:\/\/api.w.org\/{rel}","templated":true}]}}