{"id":43126,"date":"2024-06-14T01:46:42","date_gmt":"2024-06-14T01:46:42","guid":{"rendered":"https:\/\/armstrongyregion.com.ar\/diario\/?p=43126"},"modified":"2024-06-14T02:18:56","modified_gmt":"2024-06-14T02:18:56","slug":"facundo-amil-se-reunio-con-el-gerente-de-la-cooperativa-de-obras-y-servicios-publicos","status":"publish","type":"post","link":"https:\/\/armstrongyregion.com.ar\/diario\/facundo-amil-se-reunio-con-el-gerente-de-la-cooperativa-de-obras-y-servicios-publicos\/","title":{"rendered":"Facundo Amil, se reuni\u00f3 con el Gerente de la Cooperativa de Obras y Servicios P\u00fablicos."},"content":{"rendered":"\n<figure class=\"wp-block-image size-full\"><a href=\"http:\/\/armstrongyregion.com.ar\/diario\/wp-content\/uploads\/2024\/06\/facundo-Amil-Ing.-Ricardo-Airasca.jpg\"><img loading=\"lazy\" decoding=\"async\" width=\"540\" height=\"606\" src=\"http:\/\/armstrongyregion.com.ar\/diario\/wp-content\/uploads\/2024\/06\/facundo-Amil-Ing.-Ricardo-Airasca.jpg\" alt=\"\" class=\"wp-image-43127\" srcset=\"https:\/\/armstrongyregion.com.ar\/diario\/wp-content\/uploads\/2024\/06\/facundo-Amil-Ing.-Ricardo-Airasca.jpg 540w, https:\/\/armstrongyregion.com.ar\/diario\/wp-content\/uploads\/2024\/06\/facundo-Amil-Ing.-Ricardo-Airasca-267x300.jpg 267w\" sizes=\"auto, (max-width: 540px) 100vw, 540px\" \/><\/a><\/figure>\n\n\n\n<p>Uno de los temas consultados por Facundo Amil (Somos Armstrong) en reuni\u00f3n con el Ing. Ricardo Airasca, Gerente de la Coop. de Provisi\u00f3n de Obras y Servicios P\u00fablicos de Armstrong, fue sobre la presi\u00f3n de la red de agua potable.<\/p>\n\n\n\n<p>\u00abEl Ing. Ricardo Airasca dej\u00f3 en claro que la cooperativa brinda el Servicio de Agua Potable en las zonas urbanas y suburbanas de la ciudad a una presi\u00f3n de 700gr por cm2 de acuerdo a las reglamentaciones vigentes, por la Ley 11.220. Esto GARANTIZA la PRESI\u00d3N necesaria para que la misma llegue con forma efectiva a 6,5 m de altura, distribuy\u00e9ndola por medio de redes de ca\u00f1er\u00edas subterr\u00e1neas\u00bb. Explicaba Amil luego del encuentro.<\/p>\n\n\n\n<p>El Candidato a Intendente de Somos Armstrong a\u00f1adi\u00f3: \u00abLas edificaciones que posean alturas mayores del tanque de agua, deber\u00e1n prever colocar cisterna a nivel y equipo de bombeo, como es normal y habitual en estos casos\u00bb.<\/p>\n","protected":false},"excerpt":{"rendered":"<p>Facundo Amil, se reuni\u00f3 con el Gerente de la Cooperativa de Obras y Servicios P\u00fablicos.<\/p>\n","protected":false},"author":1,"featured_media":43127,"comment_status":"open","ping_status":"open","sticky":false,"template":"","format":"image","meta":{"_jetpack_memberships_contains_paid_content":false,"footnotes":"","jetpack_publicize_message":"","jetpack_publicize_feature_enabled":true,"jetpack_social_post_already_shared":true,"jetpack_social_options":{"image_generator_settings":{"template":"highway","default_image_id":0,"enabled":false},"version":2}},"categories":[8,1,2,7,3],"tags":[5030,9515,10760,10759,8777,10364],"class_list":["post-43126","post","type-post","status-publish","format-image","has-post-thumbnail","hentry","category-deliberando","category-diario-armstrong","category-locales","category-politica","category-region","tag-diario-armstrong","tag-facundo-amil","tag-gerente-de-cooperativa","tag-ing-rocardo-airasca","tag-lic-graciela-de-la-casa","tag-somos-armstrong","post_format-post-format-image"],"jetpack_publicize_connections":[],"jetpack_featured_media_url":"https:\/\/armstrongyregion.com.ar\/diario\/wp-content\/uploads\/2024\/06\/facundo-Amil-Ing.-Ricardo-Airasca.jpg","jetpack_shortlink":"https:\/\/wp.me\/p62QDO-bdA","jetpack_sharing_enabled":true,"amp_enabled":true,"_links":{"self":[{"href":"https:\/\/armstrongyregion.com.ar\/diario\/wp-json\/wp\/v2\/posts\/43126","targetHints":{"allow":["GET"]}}],"collection":[{"href":"https:\/\/armstrongyregion.com.ar\/diario\/wp-json\/wp\/v2\/posts"}],"about":[{"href":"https:\/\/armstrongyregion.com.ar\/diario\/wp-json\/wp\/v2\/types\/post"}],"author":[{"embeddable":true,"href":"https:\/\/armstrongyregion.com.ar\/diario\/wp-json\/wp\/v2\/users\/1"}],"replies":[{"embeddable":true,"href":"https:\/\/armstrongyregion.com.ar\/diario\/wp-json\/wp\/v2\/comments?post=43126"}],"version-history":[{"count":3,"href":"https:\/\/armstrongyregion.com.ar\/diario\/wp-json\/wp\/v2\/posts\/43126\/revisions"}],"predecessor-version":[{"id":43135,"href":"https:\/\/armstrongyregion.com.ar\/diario\/wp-json\/wp\/v2\/posts\/43126\/revisions\/43135"}],"wp:featuredmedia":[{"embeddable":true,"href":"https:\/\/armstrongyregion.com.ar\/diario\/wp-json\/wp\/v2\/media\/43127"}],"wp:attachment":[{"href":"https:\/\/armstrongyregion.com.ar\/diario\/wp-json\/wp\/v2\/media?parent=43126"}],"wp:term":[{"taxonomy":"category","embeddable":true,"href":"https:\/\/armstrongyregion.com.ar\/diario\/wp-json\/wp\/v2\/categories?post=43126"},{"taxonomy":"post_tag","embeddable":true,"href":"https:\/\/armstrongyregion.com.ar\/diario\/wp-json\/wp\/v2\/tags?post=43126"}],"curies":[{"name":"wp","href":"https:\/\/api.w.org\/{rel}","templated":true}]}}