{"id":43123,"date":"2024-06-14T01:37:25","date_gmt":"2024-06-14T01:37:25","guid":{"rendered":"https:\/\/armstrongyregion.com.ar\/diario\/?p=43123"},"modified":"2024-06-14T01:37:28","modified_gmt":"2024-06-14T01:37:28","slug":"pullaro-valoro-de-manera-positiva-la-sancion-de-la-ley-de-bases","status":"publish","type":"post","link":"https:\/\/armstrongyregion.com.ar\/diario\/pullaro-valoro-de-manera-positiva-la-sancion-de-la-ley-de-bases\/","title":{"rendered":"Pullaro valor\u00f3 de manera positiva la sanci\u00f3n de la Ley de Bases."},"content":{"rendered":"\n<figure class=\"wp-block-image size-full\"><a href=\"http:\/\/armstrongyregion.com.ar\/diario\/wp-content\/uploads\/2024\/06\/Maxi-Pullaro-13-6-24-.jpg\"><img loading=\"lazy\" decoding=\"async\" width=\"640\" height=\"427\" src=\"http:\/\/armstrongyregion.com.ar\/diario\/wp-content\/uploads\/2024\/06\/Maxi-Pullaro-13-6-24-.jpg\" alt=\"\" class=\"wp-image-43124\" srcset=\"https:\/\/armstrongyregion.com.ar\/diario\/wp-content\/uploads\/2024\/06\/Maxi-Pullaro-13-6-24-.jpg 640w, https:\/\/armstrongyregion.com.ar\/diario\/wp-content\/uploads\/2024\/06\/Maxi-Pullaro-13-6-24--300x200.jpg 300w\" sizes=\"auto, (max-width: 640px) 100vw, 640px\" \/><\/a><\/figure>\n\n\n\n<p>El gobernador dijo que la norma permitir\u00e1 al Gobierno nacional \u201ctener un impulso, nos va a permitir recibir inversiones del exterior\u201d. Tambi\u00e9n reiter\u00f3 el reclamo de recursos de la Provincia, que Naci\u00f3n no env\u00eda.<\/p>\n\n\n\n<p>El gobernador Maximiliano Pullaro se refiri\u00f3 este jueves a la sanci\u00f3n de la Ley de Bases en la C\u00e1mara de Senadores de la Naci\u00f3n, aprobada luego de un extenso debate. El mandatario santafesino dijo que la norma \u201ces importante para que el Gobierno nacional pueda comenzar a tener un impulso; es un mensaje tambi\u00e9n a los mercados, y que nos va a permitir recibir inversiones, fundamentalmente del exterior, y que nuestras econom\u00edas puedan comenzar, as\u00ed que lo valoro de manera positiva\u201d.<\/p>\n\n\n\n<p>Asimismo, Pullaro insisti\u00f3 en su reclamo a la Naci\u00f3n: \u201cQuisi\u00e9ramos tener el acompa\u00f1amiento del Gobierno nacional; que nos d\u00e9 los recursos que antes ven\u00edan, los subsidios al transporte, al sistema educativo, a la obra p\u00fablica cortada, a medicamentos de alto costo, en alimentos. Eso lo estamos sosteniendo nosotros, hasta estamos reparando rutas nacionales con fondos propios, cosa que no nos corresponde, cuando la Provincia sigue aportando tres veces m\u00e1s al Estado Nacional de lo que vuelve\u201d.<\/p>\n\n\n\n<p>No obstante, aclar\u00f3 que \u201cnos vamos a dejar nunca de gestionar ni de defender a la provincia de Santa Fe, ni de pelear por los recursos que que entendemos que merecemos y que son nuestros, pero la provincia de Santa Fe no se va a arrodillar ante nadie, porque es una provincia fuerte, que tiene una capacidad productiva \u00fanica, que tiene universidades y conocimiento, es una provincia que logra salir adelante m\u00e1s all\u00e1 de las dificultades, con lo cual vamos a seguir gestionando y reclamando, pero nosotros vamos a cumplir el objetivo que se ha planteado nuestro gobierno y que lo vamos logrando de a poco, d\u00eda a d\u00eda: nuestro gobierno es austeridad, eficiencia y orden, y en ese sentido vamos a salir adelante\u201d.<\/p>\n\n\n\n<p><strong>Caja de Jubilaciones<\/strong><\/p>\n\n\n\n<p>Por otro lado, el gobernador se refiri\u00f3 a la posibilidad de reformar el r\u00e9gimen previsional en la Provincia de Santa Fe para dar una soluci\u00f3n al d\u00e9ficit de Caja de Jubilaciones. Al respecto, sostuvo que \u201csomos claros y ponemos los n\u00fameros arriba de la mesa, no ocultamos ning\u00fan problema, para que la sociedad tambi\u00e9n lo pueda comprender: la Caja este mes va a tener 40.000 millones de pesos de d\u00e9ficit con lo que es el pago de aguinaldos\u201d, y grafic\u00f3 que el impacto del d\u00e9ficit es el equivalente a \u201c40 kil\u00f3metros de ruta, son ocho escuelas que no vamos a construir en la provincia, son m\u00e1s de los 840 patrulleros que estamos comprando\u201d.<\/p>\n\n\n\n<p>\u201cYo entiendo que esto no es justo -continu\u00f3 Pullaro-, porque yo no tengo que gobernar solamente para los empleados p\u00fablicos, tengo que hacerlo para toda la sociedad. Lamentablemente la Caja tuvo muchos desfasajes, porque es una ley sumamente vieja. Pero no significa que le vamos a sacar derechos a ning\u00fan trabajador; al contrario, estamos defendiendo los derechos de los futuros jubilados de la provincia de Santa Fe, porque el problema de la Caja es cada vez m\u00e1s grande, y es una injusticia que quienes no son empleados p\u00fablicos sostengan el sistema\u201d, complet\u00f3.<\/p>\n","protected":false},"excerpt":{"rendered":"<p>Pullaro valor\u00f3 de manera positiva la sanci\u00f3n de la Ley de Bases.<\/p>\n","protected":false},"author":1,"featured_media":43124,"comment_status":"open","ping_status":"open","sticky":false,"template":"","format":"image","meta":{"_jetpack_memberships_contains_paid_content":false,"footnotes":"","jetpack_publicize_message":"","jetpack_publicize_feature_enabled":true,"jetpack_social_post_already_shared":true,"jetpack_social_options":{"image_generator_settings":{"template":"highway","default_image_id":0,"enabled":false},"version":2}},"categories":[8,1,2,7,3],"tags":[19,5030,31,10755,8777,1973,2465,2846,10758],"class_list":["post-43123","post","type-post","status-publish","format-image","has-post-thumbnail","hentry","category-deliberando","category-diario-armstrong","category-locales","category-politica","category-region","tag-de","tag-diario-armstrong","tag-la","tag-ley-de-bases","tag-lic-graciela-de-la-casa","tag-manera","tag-positiva","tag-pullaro","tag-sancion-2","post_format-post-format-image"],"jetpack_publicize_connections":[],"jetpack_featured_media_url":"https:\/\/armstrongyregion.com.ar\/diario\/wp-content\/uploads\/2024\/06\/Maxi-Pullaro-13-6-24-.jpg","jetpack_shortlink":"https:\/\/wp.me\/p62QDO-bdx","jetpack_sharing_enabled":true,"amp_enabled":true,"_links":{"self":[{"href":"https:\/\/armstrongyregion.com.ar\/diario\/wp-json\/wp\/v2\/posts\/43123","targetHints":{"allow":["GET"]}}],"collection":[{"href":"https:\/\/armstrongyregion.com.ar\/diario\/wp-json\/wp\/v2\/posts"}],"about":[{"href":"https:\/\/armstrongyregion.com.ar\/diario\/wp-json\/wp\/v2\/types\/post"}],"author":[{"embeddable":true,"href":"https:\/\/armstrongyregion.com.ar\/diario\/wp-json\/wp\/v2\/users\/1"}],"replies":[{"embeddable":true,"href":"https:\/\/armstrongyregion.com.ar\/diario\/wp-json\/wp\/v2\/comments?post=43123"}],"version-history":[{"count":1,"href":"https:\/\/armstrongyregion.com.ar\/diario\/wp-json\/wp\/v2\/posts\/43123\/revisions"}],"predecessor-version":[{"id":43125,"href":"https:\/\/armstrongyregion.com.ar\/diario\/wp-json\/wp\/v2\/posts\/43123\/revisions\/43125"}],"wp:featuredmedia":[{"embeddable":true,"href":"https:\/\/armstrongyregion.com.ar\/diario\/wp-json\/wp\/v2\/media\/43124"}],"wp:attachment":[{"href":"https:\/\/armstrongyregion.com.ar\/diario\/wp-json\/wp\/v2\/media?parent=43123"}],"wp:term":[{"taxonomy":"category","embeddable":true,"href":"https:\/\/armstrongyregion.com.ar\/diario\/wp-json\/wp\/v2\/categories?post=43123"},{"taxonomy":"post_tag","embeddable":true,"href":"https:\/\/armstrongyregion.com.ar\/diario\/wp-json\/wp\/v2\/tags?post=43123"}],"curies":[{"name":"wp","href":"https:\/\/api.w.org\/{rel}","templated":true}]}}