{"id":43120,"date":"2024-06-12T23:42:54","date_gmt":"2024-06-12T23:42:54","guid":{"rendered":"https:\/\/armstrongyregion.com.ar\/diario\/?p=43120"},"modified":"2024-06-12T23:42:56","modified_gmt":"2024-06-12T23:42:56","slug":"agroactiva-2024-emi-gramigna-de-recorrida-con-intendentes-de-santa-fe-y-cordoba","status":"publish","type":"post","link":"https:\/\/armstrongyregion.com.ar\/diario\/agroactiva-2024-emi-gramigna-de-recorrida-con-intendentes-de-santa-fe-y-cordoba\/","title":{"rendered":"Agroactiva 2024: Emi Gramigna de recorrida con intendentes de Santa Fe y C\u00f3rdoba."},"content":{"rendered":"\n<figure class=\"wp-block-image size-full\"><a href=\"http:\/\/armstrongyregion.com.ar\/diario\/wp-content\/uploads\/2024\/06\/Emi-Agro-2.jpg\"><img loading=\"lazy\" decoding=\"async\" width=\"645\" height=\"425\" src=\"http:\/\/armstrongyregion.com.ar\/diario\/wp-content\/uploads\/2024\/06\/Emi-Agro-2.jpg\" alt=\"\" class=\"wp-image-43121\" srcset=\"https:\/\/armstrongyregion.com.ar\/diario\/wp-content\/uploads\/2024\/06\/Emi-Agro-2.jpg 645w, https:\/\/armstrongyregion.com.ar\/diario\/wp-content\/uploads\/2024\/06\/Emi-Agro-2-300x198.jpg 300w\" sizes=\"auto, (max-width: 645px) 100vw, 645px\" \/><\/a><\/figure>\n\n\n\n<h2 class=\"wp-block-heading\"><strong>En el 30 aniversario de la muestra con mayor trayectoria de la Argentina<\/strong>.<\/h2>\n\n\n\n<p>Emiliano Gramigna, candidato a intendente por Cambia Armstrong, recorri\u00f3 la muestra<br>junto a intendentes y presidentes comunales de Santa Fe y C\u00f3rdoba. Durante la visita,<br>Gramigna subray\u00f3 la importancia de mostrar el potencial productivo de Armstrong.<br>\u00abCreemos que uniendo esfuerzos se impulsan los cambios en nuestras comunidades\u00bb,<br>afirm\u00f3, mientras dialogaba con expositores y productores. Gramigna destac\u00f3 la labor<br>de los municipios locales y c\u00f3mo las gestiones exitosas han contribuido al desarrollo<br>regional.<\/p>\n\n\n\n<p>En el tercer d\u00eda de Agroactiva 2024, el esfuerzo organizativo de la empresa se destac\u00f3 como el punto principal del evento. La muestra, que ha consolidado su relevancia en el sector agropecuario, ha sido fundamental para el movimiento econ\u00f3mico de la regi\u00f3n, atrayendo a inversores y compradores del exterior. Este esfuerzo ha permitido que Agroactiva se convierta en un referente de innovaci\u00f3n y desarrollo en el campo, proporcionando una plataforma esencial para el crecimiento del sector.<\/p>\n\n\n\n<figure class=\"wp-block-image\"><img decoding=\"async\" src=\"https:\/\/lh7-us.googleusercontent.com\/docsz\/AD_4nXeK7vZzg6200WH78Tl3HLDWHgXGai6EJdCPIRtEtb3sTIvNwkrfiKktNzGrtQKkQbzmyPYmX2wWi5qtxb-ZnYypyWGtWR-FnxnYwMNZsMJ0TWLomktWJ1mUHyGvm3JXNnLKIZ5jXmMk4AYLczCQgu2Wcs6KmLKcQhFritwuxUkP--EwIBjuwzI?key=EosP3Cn_51QZhg727btwuQ\" alt=\"\"\/><\/figure>\n\n\n\n<p>La organizaci\u00f3n de Agroactiva no solo brinda una plataforma para los productores locales, sino que tambi\u00e9n representa un motor econ\u00f3mico significativo para las ciudades de la regi\u00f3n. La visita de inversores y compradores internacionales refuerza el impacto positivo del evento en la econom\u00eda local. Los expositores tuvieron la oportunidad de mostrar sus productos y servicios a un p\u00fablico amplio y diverso, lo que facilita nuevas oportunidades de negocio y colaboraci\u00f3n.<\/p>\n\n\n\n<figure class=\"wp-block-image\"><img decoding=\"async\" src=\"https:\/\/lh7-us.googleusercontent.com\/docsz\/AD_4nXefQR01Gvyepku-NzOSimKwB5tctn9RIMZ9puFPDOpuA1jh8swVKI0OZzB2DpzQBGV2O1Q6mA-oykutF4iVpF5UFim6NTiXiRdTCaTG_sBA-gHxvJxn1rkZUxtxc2EIgk-i0hQYPt7pKJj7qwvd-9umfCD2XosbOqfxm4LqIbWLfcFusCW02A4?key=EosP3Cn_51QZhg727btwuQ\" alt=\"\"\/><\/figure>\n\n\n\n<p>La muestra tambi\u00e9n ofreci\u00f3 una serie de charlas y conferencias sobre las \u00faltimas tendencias y tecnolog\u00edas en el sector agropecuario, promoviendo el intercambio de conocimientos y experiencias entre los asistentes. Esto ha fomentado un ambiente de aprendizaje y cooperaci\u00f3n que beneficia a todos los actores involucrados.<\/p>\n\n\n\n<figure class=\"wp-block-image\"><img decoding=\"async\" src=\"https:\/\/lh7-us.googleusercontent.com\/docsz\/AD_4nXcf7NqyS6lWFNjBcDrgv5FmrEOzo-M07XKNpewi_x5NhVZF24wmqM9fQX_Lq-xr8LaIe4WYBavnUQGlyg1GXijIp_0kn1-hgPKAZXiooRKlroCh1ZjjUZtqZHw-Oe3IaM1FjRrPgF26LUhXEUIDJeJ2bVf2PIbQPel7OscQmMRJntqII1SUbFA?key=EosP3Cn_51QZhg727btwuQ\" alt=\"\"\/><\/figure>\n\n\n\n<p>Agroactiva contin\u00faa siendo un punto de encuentro esencial para el intercambio de ideas y la promoci\u00f3n de la innovaci\u00f3n en el sector agroindustrial, demostrando que el esfuerzo conjunto y la colaboraci\u00f3n son clave para el progreso y la prosperidad de las comunidades rurales.<\/p>\n\n\n\n<figure class=\"wp-block-image\"><img decoding=\"async\" src=\"https:\/\/lh7-us.googleusercontent.com\/docsz\/AD_4nXf3BvvjzApVybK5-L-22N8YeVhvYghPxG8-RxHW3qJlZ5BJhiUStR5P3i4cJjF4Q_Yw8QKgUq3ojP_rQk4dnFQrznJO8KMpV5nSueFEES9mG93Sd-QDOhe6XnTW8lWS_JVbOI6xqufscRnlBM8dFsjOaKsjIe74wbPPy2JvGT8UwifdMlKa44E?key=EosP3Cn_51QZhg727btwuQ\" alt=\"\"\/><\/figure>\n\n\n\n<p><\/p>\n","protected":false},"excerpt":{"rendered":"<p>Agroactiva 2024: Emi Gramigna de recorrida con intendentes de Santa Fe y C\u00f3rdoba.<\/p>\n","protected":false},"author":1,"featured_media":43121,"comment_status":"open","ping_status":"open","sticky":false,"template":"","format":"image","meta":{"_jetpack_memberships_contains_paid_content":false,"footnotes":"","jetpack_publicize_message":"","jetpack_publicize_feature_enabled":true,"jetpack_social_post_already_shared":true,"jetpack_social_options":{"image_generator_settings":{"template":"highway","default_image_id":0,"enabled":false},"version":2}},"categories":[8,1,2,7],"tags":[8750,100,19,5030,10617,10756,8777,2434,4999],"class_list":["post-43120","post","type-post","status-publish","format-image","has-post-thumbnail","hentry","category-deliberando","category-diario-armstrong","category-locales","category-politica","tag-agroactiva-2","tag-con","tag-de","tag-diario-armstrong","tag-emi-gramigna","tag-intentendentes","tag-lic-graciela-de-la-casa","tag-recorrida","tag-santa-fe-y-cordoba","post_format-post-format-image"],"jetpack_publicize_connections":[],"jetpack_featured_media_url":"https:\/\/armstrongyregion.com.ar\/diario\/wp-content\/uploads\/2024\/06\/Emi-Agro-2.jpg","jetpack_shortlink":"https:\/\/wp.me\/p62QDO-bdu","jetpack_sharing_enabled":true,"amp_enabled":true,"_links":{"self":[{"href":"https:\/\/armstrongyregion.com.ar\/diario\/wp-json\/wp\/v2\/posts\/43120","targetHints":{"allow":["GET"]}}],"collection":[{"href":"https:\/\/armstrongyregion.com.ar\/diario\/wp-json\/wp\/v2\/posts"}],"about":[{"href":"https:\/\/armstrongyregion.com.ar\/diario\/wp-json\/wp\/v2\/types\/post"}],"author":[{"embeddable":true,"href":"https:\/\/armstrongyregion.com.ar\/diario\/wp-json\/wp\/v2\/users\/1"}],"replies":[{"embeddable":true,"href":"https:\/\/armstrongyregion.com.ar\/diario\/wp-json\/wp\/v2\/comments?post=43120"}],"version-history":[{"count":1,"href":"https:\/\/armstrongyregion.com.ar\/diario\/wp-json\/wp\/v2\/posts\/43120\/revisions"}],"predecessor-version":[{"id":43122,"href":"https:\/\/armstrongyregion.com.ar\/diario\/wp-json\/wp\/v2\/posts\/43120\/revisions\/43122"}],"wp:featuredmedia":[{"embeddable":true,"href":"https:\/\/armstrongyregion.com.ar\/diario\/wp-json\/wp\/v2\/media\/43121"}],"wp:attachment":[{"href":"https:\/\/armstrongyregion.com.ar\/diario\/wp-json\/wp\/v2\/media?parent=43120"}],"wp:term":[{"taxonomy":"category","embeddable":true,"href":"https:\/\/armstrongyregion.com.ar\/diario\/wp-json\/wp\/v2\/categories?post=43120"},{"taxonomy":"post_tag","embeddable":true,"href":"https:\/\/armstrongyregion.com.ar\/diario\/wp-json\/wp\/v2\/tags?post=43120"}],"curies":[{"name":"wp","href":"https:\/\/api.w.org\/{rel}","templated":true}]}}