{"id":43117,"date":"2024-06-12T22:31:26","date_gmt":"2024-06-12T22:31:26","guid":{"rendered":"https:\/\/armstrongyregion.com.ar\/diario\/?p=43117"},"modified":"2024-06-12T22:31:29","modified_gmt":"2024-06-12T22:31:29","slug":"lewandowski-necesitamos-resolver-los-graves-problemas-de-argentina-pero-esta-ley-bases-no-es-el-camino","status":"publish","type":"post","link":"https:\/\/armstrongyregion.com.ar\/diario\/lewandowski-necesitamos-resolver-los-graves-problemas-de-argentina-pero-esta-ley-bases-no-es-el-camino\/","title":{"rendered":"Lewandowski: \u00abNecesitamos resolver los graves problemas de Argentina, pero esta Ley Bases no es el camino\u00bb"},"content":{"rendered":"\n<figure class=\"wp-block-image size-full\"><a href=\"http:\/\/armstrongyregion.com.ar\/diario\/wp-content\/uploads\/2024\/06\/Lewandowski-Ley-Bases.jpg\"><img loading=\"lazy\" decoding=\"async\" width=\"750\" height=\"500\" src=\"http:\/\/armstrongyregion.com.ar\/diario\/wp-content\/uploads\/2024\/06\/Lewandowski-Ley-Bases.jpg\" alt=\"\" class=\"wp-image-43118\" srcset=\"https:\/\/armstrongyregion.com.ar\/diario\/wp-content\/uploads\/2024\/06\/Lewandowski-Ley-Bases.jpg 750w, https:\/\/armstrongyregion.com.ar\/diario\/wp-content\/uploads\/2024\/06\/Lewandowski-Ley-Bases-300x200.jpg 300w\" sizes=\"auto, (max-width: 750px) 100vw, 750px\" \/><\/a><figcaption class=\"wp-element-caption\">Sesi\u0097n P\u009cblica Especial en el Senado de la Naci\u0097n, el 12 de Junio del 2024, en Buenos Aires; Argentina. Fotos:  Charly Diaz Azcue \/ Comunicaci\u0097n Senado.-<\/figcaption><\/figure>\n\n\n\n<h2 class=\"wp-block-heading\">El senador nacional Marcelo Lewandowski particip\u00f3 de la sesi\u00f3n en la C\u00e1mara Alta donde se debati\u00f3 la Ley de Bases, impulsada por el Gobierno nacional. Durante su discurso asegur\u00f3: \u00ab<strong>Voy a votar en contra de la Ley<\/strong>. Yo no estoy para frenar nada. Lo que necesitamos es resolver los graves problemas de Argentina, pero esta Ley Bases no es el camino\u00bb .<\/h2>\n\n\n\n<p>En ese sentido sostuvo: \u00abEs cierto que nos debemos una Ley Bases y nos debemos pol\u00edticas de Estado que perduren en el tiempo. Que haya previsibilidad, pero no solamente para los que quieran venir a invertir; previsibilidad para los que vivimos en Argentina y no solamente en cuestiones econ\u00f3micas, sino que tambi\u00e9n para la educaci\u00f3n, para la salud, para el medio ambiente\u00bb.<\/p>\n\n\n\n<p>\u00abUna de las tantas frases que hemos escuchado fue que \u2018hay que darle las herramientas al Presidente\u2019. A m\u00ed me encantar\u00eda darle herramientas efectivas.&nbsp;<strong>Ahora, lo que le estamos dando, a como est\u00e1n gobernando, es como una masa y un cortafierro para seguir rompiendo<\/strong>\u00ab, para alguien que \u00abcomo \u00e9l mismo lo dijo, vino a destruir el Estado\u00bb, remarc\u00f3.<\/p>\n\n\n\n<p>Adem\u00e1s record\u00f3 las presentaciones de \u00abaquellos integrantes del INTI, del INTA, del CONICET, que ven\u00edan a expresarse en estos d\u00edas para que no sean desmantelados esos organismos\u00bb y pensaba que \u00abdeber\u00edan ellos estar redactando la Ley, porque son los que tienen la capacidad y conocimientos necesarios, porque saben de qu\u00e9 se trata el desarrollo de nuestra Argentina\u201d. \u201cNo solamente necesitamos capitales, sino tambi\u00e9n cerebros y brazos. Y&nbsp;<strong>esos cerebros hoy est\u00e1n pidiendo que no les desguacen esos organismos que son tan importantes en cualquier desarrollo de un pa\u00eds que se precie, con crecimiento y con desarrollo<\/strong>\u00ab, subray\u00f3.<\/p>\n\n\n\n<p>Sobre la industria y espec\u00edficamente sobre el R\u00e9gimen de Incentivos para Grandes Inversiones (RIGI), el senador cit\u00f3 el ejemplo de Santa Fe -que integra la Regi\u00f3n Centro con el centro norte de Buenos Aires, C\u00f3rdoba y Entre R\u00edos-: \u201cConcentramos el 44 por ciento de las f\u00e1bricas de maquinaria agr\u00edcola y el 22 por ciento de las exportaciones nacionales\u201d. \u201cTenemos 6 mil peque\u00f1as, medianas y grandes empresas; 140 mil trabajadores directos y 350 mil trabajadores de forma indirecta a esas empresas. \u00bfY sabe qu\u00e9 ha pasado en estos seis meses?&nbsp;<strong>El 18,8 por ciento de retracci\u00f3n interanual en la industria, en la rama de manufactura<\/strong>. Las exportaciones a Brasil disminuyeron un 35 por ciento. \u00bfSabe por qu\u00e9? Porque fundamentalmente las manufacturas cayeron en ese nivel y crecieron aquellos destinos que demandan materia prima como en el caso de India. En el rubro electrodom\u00e9sticos y la l\u00ednea blanca, freezers y heladeras se bajaron los aranceles de importaci\u00f3n. \u00bfY qu\u00e9 est\u00e1 pasando con esas f\u00e1bricas?&nbsp;<strong>Est\u00e1n suspendiendo y echando gente<\/strong>. Este modelo ya est\u00e1 funcionando as\u00ed como lo quieren. De los empresarios de distintas c\u00e1maras vinieron aqu\u00ed a exponer no hubo uno que no planteara los cambios y los inconvenientes que el RIGI iba a traer a esas empresas\u00bb.<br><br>\u00abNosotros tenemos en la regi\u00f3n de Las Parejas, de Armstrong, de Las Rosas, el n\u00facleo de maquinarias agr\u00edcolas.<strong>&nbsp;Si ma\u00f1ana viene una empresa, se instala all\u00ed con el RIGI, autom\u00e1ticamente pasa a competir con muchas ventajas frente a aquellas que hace 50, 60 a\u00f1os est\u00e1n instaladas d\u00e1ndole mano de obra a la gente<\/strong>. Le pegamos y las hundimos\u201d, asegur\u00f3.<\/p>\n\n\n\n<p>Sosteniendo su postura frente a la iniciativa, el senador nacional expres\u00f3: \u00ab\u00bfQueremos que vengan inversiones?, \u00a1C\u00f3mo no vamos a querer! \u00bfQueremos que se exploten los minerales? Pero por supuesto. \u00bfQueremos que se explote el gas? Claro que s\u00ed. Queremos que vengan a invertir pero en igualdad de condiciones. Nosotros tenemos una de las reservas gas\u00edferas m\u00e1s importantes. Qued\u00f3 a medio terminar el gasoducto que va a cruzar por mi provincia y va a ir al norte para exportar a Brasil. \u00bfHay que exportar? Claro que hay que exportar. Pero&nbsp;<strong>tenemos una ventaja enorme para pensar que ese gas sirva a nuestra matriz de desarrollo industrial y tambi\u00e9n para que nuestra gente pueda consumir gas a un precio m\u00e1s acorde<\/strong>\u201d, plante\u00f3. \u201c\u00bfO estamos pensando solamente en el extractivismo, que se lo lleven y punto? \u00bfPero c\u00f3mo no vamos a querer el desarrollo de Argentina? \u00bfPero c\u00f3mo no vamos a querer que traigan los d\u00f3lares? Que los traigan, pero en el nivel que tenemos y estamos exponiendo, solamente hay dos pa\u00edses en el mundo con ventajas tan fabulosas para los que vienen a extraer, Angola y Nigeria. Ni siquiera los modelos chilenos y peruanos que nos ponen como ejemplo dan tantas ventajas como lo tenemos nosotros\u00bb, se\u00f1al\u00f3.<br><br>Lewandowski tambi\u00e9n fue cr\u00edtico en materia de pol\u00edtica exterior y manifest\u00f3: \u00abEst\u00e1 la famosa frase de que debemos entrar al mundo, de que el mundo no nos ve o no nos considera. En materia de pol\u00edtica exterior nos peleamos con Brasil, socio y vecino estrat\u00e9gico. Est\u00e1bamos a punto de ingresar a los BRICS, la mesa donde est\u00e1n las econom\u00edas que m\u00e1s est\u00e1n creciendo en el mundo, econom\u00edas emergentes. Por ejemplo India, que es un gran inversor de una de las empresas m\u00e1s importantes que tiene Santa Fe, Acindar. Nos quedamos afuera, decidimos salir porque no nos interesa sentarnos a esa mesa que podr\u00eda servir.&nbsp;<strong>No es lo mismo estar sentados para intercambiar relaciones comerciales que golpear la puerta para ver cu\u00e1ndo nos dejan entrar<\/strong>. Nos peleamos con China. Queremos exportar a la Uni\u00f3n Europea, pero dicen que no estamos con el cambio clim\u00e1tico, que el acuerdo de Par\u00eds no es importante\u00bb, critic\u00f3.<\/p>\n\n\n\n<p>Por \u00faltimo record\u00f3 el debate en el Senado del tratado Roca &#8211; Runciman, en donde el entonces senador por Santa Fe, Don Lisandro De la Torre, investig\u00f3 y denunci\u00f3 aquel acuerdo que favorec\u00eda a los grandes capitales del mundo en detrimento de la Naci\u00f3n. \u201cPor supuesto que no es la carne y no son los frigor\u00edficos, pero no pensemos que la llegada de d\u00f3lares nos tiene que impedir ver el desarrollo integral y entregar el desarrollo de nuestras Pymes, que son las que mayor desarrollo de mano de obra necesitan, a los designios extranjeros para que tengamos un desarrollo que solamente le sirva a una porci\u00f3n muy peque\u00f1a de la poblaci\u00f3n\u201d, remarc\u00f3.<\/p>\n","protected":false},"excerpt":{"rendered":"<p>Lewandowski: \u00abNecesitamos resolver los graves problemas de Argentina, pero esta Ley Bases no es el camino\u00bb<\/p>\n","protected":false},"author":1,"featured_media":43118,"comment_status":"open","ping_status":"open","sticky":false,"template":"","format":"image","meta":{"_jetpack_memberships_contains_paid_content":false,"footnotes":"","jetpack_publicize_message":"","jetpack_publicize_feature_enabled":true,"jetpack_social_post_already_shared":true,"jetpack_social_options":{"image_generator_settings":{"template":"highway","default_image_id":0,"enabled":false},"version":2}},"categories":[8,1,2,7],"tags":[5030,9957,10755,8777],"class_list":["post-43117","post","type-post","status-publish","format-image","has-post-thumbnail","hentry","category-deliberando","category-diario-armstrong","category-locales","category-politica","tag-diario-armstrong","tag-lewandoski","tag-ley-de-bases","tag-lic-graciela-de-la-casa","post_format-post-format-image"],"jetpack_publicize_connections":[],"jetpack_featured_media_url":"https:\/\/armstrongyregion.com.ar\/diario\/wp-content\/uploads\/2024\/06\/Lewandowski-Ley-Bases.jpg","jetpack_shortlink":"https:\/\/wp.me\/p62QDO-bdr","jetpack_sharing_enabled":true,"amp_enabled":true,"_links":{"self":[{"href":"https:\/\/armstrongyregion.com.ar\/diario\/wp-json\/wp\/v2\/posts\/43117","targetHints":{"allow":["GET"]}}],"collection":[{"href":"https:\/\/armstrongyregion.com.ar\/diario\/wp-json\/wp\/v2\/posts"}],"about":[{"href":"https:\/\/armstrongyregion.com.ar\/diario\/wp-json\/wp\/v2\/types\/post"}],"author":[{"embeddable":true,"href":"https:\/\/armstrongyregion.com.ar\/diario\/wp-json\/wp\/v2\/users\/1"}],"replies":[{"embeddable":true,"href":"https:\/\/armstrongyregion.com.ar\/diario\/wp-json\/wp\/v2\/comments?post=43117"}],"version-history":[{"count":1,"href":"https:\/\/armstrongyregion.com.ar\/diario\/wp-json\/wp\/v2\/posts\/43117\/revisions"}],"predecessor-version":[{"id":43119,"href":"https:\/\/armstrongyregion.com.ar\/diario\/wp-json\/wp\/v2\/posts\/43117\/revisions\/43119"}],"wp:featuredmedia":[{"embeddable":true,"href":"https:\/\/armstrongyregion.com.ar\/diario\/wp-json\/wp\/v2\/media\/43118"}],"wp:attachment":[{"href":"https:\/\/armstrongyregion.com.ar\/diario\/wp-json\/wp\/v2\/media?parent=43117"}],"wp:term":[{"taxonomy":"category","embeddable":true,"href":"https:\/\/armstrongyregion.com.ar\/diario\/wp-json\/wp\/v2\/categories?post=43117"},{"taxonomy":"post_tag","embeddable":true,"href":"https:\/\/armstrongyregion.com.ar\/diario\/wp-json\/wp\/v2\/tags?post=43117"}],"curies":[{"name":"wp","href":"https:\/\/api.w.org\/{rel}","templated":true}]}}