{"id":43107,"date":"2024-06-12T16:20:50","date_gmt":"2024-06-12T16:20:50","guid":{"rendered":"https:\/\/armstrongyregion.com.ar\/diario\/?p=43107"},"modified":"2024-06-12T16:21:38","modified_gmt":"2024-06-12T16:21:38","slug":"armstrong-se-realizara-una-nueva-jornada-sobre-capacitacion-en-diabetes","status":"publish","type":"post","link":"https:\/\/armstrongyregion.com.ar\/diario\/armstrong-se-realizara-una-nueva-jornada-sobre-capacitacion-en-diabetes\/","title":{"rendered":"Armstrong. Se realizar\u00e1 una nueva jornada sobre Capacitaci\u00f3n en Diabetes."},"content":{"rendered":"\n<figure class=\"wp-block-image size-full\"><a href=\"http:\/\/armstrongyregion.com.ar\/diario\/wp-content\/uploads\/2024\/06\/EDGARDO-MONSALVO-.jpg\"><img loading=\"lazy\" decoding=\"async\" width=\"800\" height=\"450\" src=\"http:\/\/armstrongyregion.com.ar\/diario\/wp-content\/uploads\/2024\/06\/EDGARDO-MONSALVO-.jpg\" alt=\"\" class=\"wp-image-43108\" srcset=\"https:\/\/armstrongyregion.com.ar\/diario\/wp-content\/uploads\/2024\/06\/EDGARDO-MONSALVO-.jpg 800w, https:\/\/armstrongyregion.com.ar\/diario\/wp-content\/uploads\/2024\/06\/EDGARDO-MONSALVO--300x169.jpg 300w, https:\/\/armstrongyregion.com.ar\/diario\/wp-content\/uploads\/2024\/06\/EDGARDO-MONSALVO--768x432.jpg 768w\" sizes=\"auto, (max-width: 800px) 100vw, 800px\" \/><\/a><\/figure>\n\n\n\n<p><strong>Destinada a profesionales de la salud el 14 y 15 de junio.<\/strong><\/p>\n\n\n\n<p>El Dr. Edgardo Monsalvo\u00a0realiz\u00f3 la invitaci\u00f3n para esta jornada de Capacitaci\u00f3n de Diabetes. Dio detalles de cu\u00e1ndo ser\u00e1 y para quien est\u00e1 destinada:<\/p>\n\n\n\n<p>\u201cTomamos este desaf\u00edo y lo vamos a concretar en Armstrong el viernes 14 y el s\u00e1bado 15 de junio, es la 8va Capacitaci\u00f3n de Diabetes. Vamos a recibir gente de distintos lugares, siempre relacionados con el sector salud, no solamente m\u00e9dicos\u201d.<\/p>\n\n\n\n<p>Luego a\u00f1adi\u00f3, \u201cEs para profesionales, porque la diabetes es una enfermedad sist\u00e9mica porque afecta a distintos \u00f3rganos, tiene que ser abordada de diferentes puntos de vistas. Y no solamente por m\u00e9dicos, sino que por enfermeros, por educadores, psic\u00f3logos, esta enfermedad hace que necesitemos de todas las especialidades: cardi\u00f3logos, nefr\u00f3logos, nutricionistas, etc\u201d.<\/p>\n\n\n\n<p>\u201cEsta capacitaci\u00f3n es avalada cient\u00edficamente por la Sociedad Argentina de Diabetes, tenemos muy buenos auspicios, lo declaro de inter\u00e9s la C\u00e1mara de Senadores de la Provincia, el auspicio del Ministerio de Salud de la Provincia, tenemos tambi\u00e9n el acompa\u00f1amiento del Colegio de M\u00e9dicos. Tambi\u00e9n nos acompa\u00f1a la Asociaci\u00f3n M\u00e9dica del Departamento Belgrano. Todo realza la jornada en su dictado que va a ser desde las 16hs. del viernes, muy intensivo donde va haber educaci\u00f3n para personal de salud en diabetes, despu\u00e9s se va a trabajar en heridas, a las 20hs. se va a trabajar en cirug\u00eda bari\u00e1trica, obesidad y sus indicaciones. Y al d\u00eda siguiente, el s\u00e1bado, empieza a disertar el ex Presidente de la Asociaci\u00f3n Argentina de Diabetes y el actual jefe de c\u00e1tedra de la Facultad de Medicina, donde se van abordar temas de medicina, fisiolog\u00eda, y otros profesionales\u201d. expres\u00f3 Monsalvo.<\/p>\n","protected":false},"excerpt":{"rendered":"<p>Armstrong. Se realizar\u00e1 una nueva jornada sobre Capacitaci\u00f3n en Diabetes.<\/p>\n","protected":false},"author":1,"featured_media":43108,"comment_status":"open","ping_status":"open","sticky":false,"template":"","format":"image","meta":{"_jetpack_memberships_contains_paid_content":false,"footnotes":"","jetpack_publicize_message":"","jetpack_publicize_feature_enabled":true,"jetpack_social_post_already_shared":true,"jetpack_social_options":{"image_generator_settings":{"template":"highway","default_image_id":0,"enabled":false},"version":2}},"categories":[8,1,2,4,3],"tags":[10749,2295,10721,10748,1291,8777],"class_list":["post-43107","post","type-post","status-publish","format-image","has-post-thumbnail","hentry","category-deliberando","category-diario-armstrong","category-locales","category-prevencion-salud","category-region","tag-capacitacion-en-deportes","tag-diabetes","tag-diario-armstrong-region","tag-edgardo-monsalvo","tag-jornada","tag-lic-graciela-de-la-casa","post_format-post-format-image"],"jetpack_publicize_connections":[],"jetpack_featured_media_url":"https:\/\/armstrongyregion.com.ar\/diario\/wp-content\/uploads\/2024\/06\/EDGARDO-MONSALVO-.jpg","jetpack_shortlink":"https:\/\/wp.me\/p62QDO-bdh","jetpack_sharing_enabled":true,"amp_enabled":true,"_links":{"self":[{"href":"https:\/\/armstrongyregion.com.ar\/diario\/wp-json\/wp\/v2\/posts\/43107","targetHints":{"allow":["GET"]}}],"collection":[{"href":"https:\/\/armstrongyregion.com.ar\/diario\/wp-json\/wp\/v2\/posts"}],"about":[{"href":"https:\/\/armstrongyregion.com.ar\/diario\/wp-json\/wp\/v2\/types\/post"}],"author":[{"embeddable":true,"href":"https:\/\/armstrongyregion.com.ar\/diario\/wp-json\/wp\/v2\/users\/1"}],"replies":[{"embeddable":true,"href":"https:\/\/armstrongyregion.com.ar\/diario\/wp-json\/wp\/v2\/comments?post=43107"}],"version-history":[{"count":2,"href":"https:\/\/armstrongyregion.com.ar\/diario\/wp-json\/wp\/v2\/posts\/43107\/revisions"}],"predecessor-version":[{"id":43110,"href":"https:\/\/armstrongyregion.com.ar\/diario\/wp-json\/wp\/v2\/posts\/43107\/revisions\/43110"}],"wp:featuredmedia":[{"embeddable":true,"href":"https:\/\/armstrongyregion.com.ar\/diario\/wp-json\/wp\/v2\/media\/43108"}],"wp:attachment":[{"href":"https:\/\/armstrongyregion.com.ar\/diario\/wp-json\/wp\/v2\/media?parent=43107"}],"wp:term":[{"taxonomy":"category","embeddable":true,"href":"https:\/\/armstrongyregion.com.ar\/diario\/wp-json\/wp\/v2\/categories?post=43107"},{"taxonomy":"post_tag","embeddable":true,"href":"https:\/\/armstrongyregion.com.ar\/diario\/wp-json\/wp\/v2\/tags?post=43107"}],"curies":[{"name":"wp","href":"https:\/\/api.w.org\/{rel}","templated":true}]}}