{"id":43103,"date":"2024-06-12T15:50:57","date_gmt":"2024-06-12T15:50:57","guid":{"rendered":"https:\/\/armstrongyregion.com.ar\/diario\/?p=43103"},"modified":"2024-06-12T15:51:00","modified_gmt":"2024-06-12T15:51:00","slug":"armstrong-se-llevan-adelante-trabajos-de-poda","status":"publish","type":"post","link":"https:\/\/armstrongyregion.com.ar\/diario\/armstrong-se-llevan-adelante-trabajos-de-poda\/","title":{"rendered":"Armstrong. Se llevan adelante trabajos de poda."},"content":{"rendered":"\n<figure class=\"wp-block-image size-full\"><a href=\"http:\/\/armstrongyregion.com.ar\/diario\/wp-content\/uploads\/2024\/06\/BACCONO-2.jpg\"><img loading=\"lazy\" decoding=\"async\" width=\"1000\" height=\"750\" src=\"http:\/\/armstrongyregion.com.ar\/diario\/wp-content\/uploads\/2024\/06\/BACCONO-2.jpg\" alt=\"\" class=\"wp-image-43104\" srcset=\"https:\/\/armstrongyregion.com.ar\/diario\/wp-content\/uploads\/2024\/06\/BACCONO-2.jpg 1000w, https:\/\/armstrongyregion.com.ar\/diario\/wp-content\/uploads\/2024\/06\/BACCONO-2-300x225.jpg 300w, https:\/\/armstrongyregion.com.ar\/diario\/wp-content\/uploads\/2024\/06\/BACCONO-2-768x576.jpg 768w\" sizes=\"auto, (max-width: 1000px) 100vw, 1000px\" \/><\/a><\/figure>\n\n\n\n<p>La temporada de poda se extiende desde el mes de mayo hasta agosto inclusive, es por ello que<br>personal de maestranza de la Municipalidad de Armstrong lleva adelante estos trabajos en distintos<br>puntos de la ciudad.<\/p>\n\n\n\n<figure class=\"wp-block-image size-full\"><a href=\"http:\/\/armstrongyregion.com.ar\/diario\/wp-content\/uploads\/2024\/06\/BACCONO-1.jpg\"><img loading=\"lazy\" decoding=\"async\" width=\"1000\" height=\"750\" src=\"http:\/\/armstrongyregion.com.ar\/diario\/wp-content\/uploads\/2024\/06\/BACCONO-1.jpg\" alt=\"\" class=\"wp-image-43105\" srcset=\"https:\/\/armstrongyregion.com.ar\/diario\/wp-content\/uploads\/2024\/06\/BACCONO-1.jpg 1000w, https:\/\/armstrongyregion.com.ar\/diario\/wp-content\/uploads\/2024\/06\/BACCONO-1-300x225.jpg 300w, https:\/\/armstrongyregion.com.ar\/diario\/wp-content\/uploads\/2024\/06\/BACCONO-1-768x576.jpg 768w\" sizes=\"auto, (max-width: 1000px) 100vw, 1000px\" \/><\/a><\/figure>\n\n\n\n<p><br>Existen distintos tipos de poda como la escamonda, poda correctiva o poda para extracci\u00f3n.<br>El municipio est\u00e1 a cargo de lo referido al arbolado p\u00fablico de parques, paseos y las distintas calles, y<br>atiende reclamos y pedidos puntuales de los vecinos.<br>El proceso administrativo que tiene que seguir un vecino para extraer o podar un ejemplar arb\u00f3reo<br>es completar la solicitud correspondiente que se encuentra en mesa de entrada del municipio,<br>detallando lugar, especie y motivo, y luego se env\u00eda a un profesional para verificar el estado del<br>mismo. Ese informe debe enviarse a la Provincia que es quien autoriza o no la extracci\u00f3n.<br>Personal municipal s\u00f3lo extrae sin consultar en casos particulares como cuando la planta est\u00e1 seca \u00f3<br>el ejemplar est\u00e1 por caer por diversas cuestiones como inclinaci\u00f3n por vientos fuertes \u00f3 ra\u00edces en<br>mal estado.<br>Asimismo, en el caso de extracci\u00f3n, se solicita a los vecinos reemplazarlo por otro \u00e1rbol, y se le<br>informa cu\u00e1les son las especies sugeridas y autorizadas para cada lugar.<br>Antes del inicio de esta temporada, el Ministerio de Ambiente y Cambio Clim\u00e1tico y el Ministerio de<br>Desarrollo Productivo de la Provincia de Santa Fe ofreci\u00f3 una capacitaci\u00f3n para autoridades<br>municipales y comunales de los Departamentos Belgrano e Iriondo, t\u00e9cnicos del \u00e1rea Arbolado y<br>\u00e1reas afines, personal municipal encargado del cuidado y mantenimiento del arbolado.<br>Esta capacitaci\u00f3n tuvo como objetivo preparar a los trabajadores y funcionarios a la hora de accionar<br>sobre esta tem\u00e1tica ambiental, con asesoramiento legal y t\u00e9cnico.<\/p>\n","protected":false},"excerpt":{"rendered":"<p>Armstrong. Se llevan adelante trabajos de poda.<\/p>\n","protected":false},"author":1,"featured_media":43105,"comment_status":"open","ping_status":"open","sticky":false,"template":"","format":"image","meta":{"_jetpack_memberships_contains_paid_content":false,"footnotes":"","jetpack_publicize_message":"","jetpack_publicize_feature_enabled":true,"jetpack_social_post_already_shared":true,"jetpack_social_options":{"image_generator_settings":{"template":"highway","default_image_id":0,"enabled":false},"version":2}},"categories":[8,1,2,7,3],"tags":[20,19,10721,8777,10747,422],"class_list":["post-43103","post","type-post","status-publish","format-image","has-post-thumbnail","hentry","category-deliberando","category-diario-armstrong","category-locales","category-politica","category-region","tag-armstrong","tag-de","tag-diario-armstrong-region","tag-lic-graciela-de-la-casa","tag-poda","tag-trabajos","post_format-post-format-image"],"jetpack_publicize_connections":[],"jetpack_featured_media_url":"https:\/\/armstrongyregion.com.ar\/diario\/wp-content\/uploads\/2024\/06\/BACCONO-1.jpg","jetpack_shortlink":"https:\/\/wp.me\/p62QDO-bdd","jetpack_sharing_enabled":true,"amp_enabled":true,"_links":{"self":[{"href":"https:\/\/armstrongyregion.com.ar\/diario\/wp-json\/wp\/v2\/posts\/43103","targetHints":{"allow":["GET"]}}],"collection":[{"href":"https:\/\/armstrongyregion.com.ar\/diario\/wp-json\/wp\/v2\/posts"}],"about":[{"href":"https:\/\/armstrongyregion.com.ar\/diario\/wp-json\/wp\/v2\/types\/post"}],"author":[{"embeddable":true,"href":"https:\/\/armstrongyregion.com.ar\/diario\/wp-json\/wp\/v2\/users\/1"}],"replies":[{"embeddable":true,"href":"https:\/\/armstrongyregion.com.ar\/diario\/wp-json\/wp\/v2\/comments?post=43103"}],"version-history":[{"count":1,"href":"https:\/\/armstrongyregion.com.ar\/diario\/wp-json\/wp\/v2\/posts\/43103\/revisions"}],"predecessor-version":[{"id":43106,"href":"https:\/\/armstrongyregion.com.ar\/diario\/wp-json\/wp\/v2\/posts\/43103\/revisions\/43106"}],"wp:featuredmedia":[{"embeddable":true,"href":"https:\/\/armstrongyregion.com.ar\/diario\/wp-json\/wp\/v2\/media\/43105"}],"wp:attachment":[{"href":"https:\/\/armstrongyregion.com.ar\/diario\/wp-json\/wp\/v2\/media?parent=43103"}],"wp:term":[{"taxonomy":"category","embeddable":true,"href":"https:\/\/armstrongyregion.com.ar\/diario\/wp-json\/wp\/v2\/categories?post=43103"},{"taxonomy":"post_tag","embeddable":true,"href":"https:\/\/armstrongyregion.com.ar\/diario\/wp-json\/wp\/v2\/tags?post=43103"}],"curies":[{"name":"wp","href":"https:\/\/api.w.org\/{rel}","templated":true}]}}