{"id":43098,"date":"2024-06-11T18:44:49","date_gmt":"2024-06-11T18:44:49","guid":{"rendered":"https:\/\/armstrongyregion.com.ar\/diario\/?p=43098"},"modified":"2024-06-11T18:44:51","modified_gmt":"2024-06-11T18:44:51","slug":"mirabella-presente-en-agroactiva-2024","status":"publish","type":"post","link":"https:\/\/armstrongyregion.com.ar\/diario\/mirabella-presente-en-agroactiva-2024\/","title":{"rendered":"Mirabella Presente en Agroactiva 2024."},"content":{"rendered":"\n<figure class=\"wp-block-image size-full\"><a href=\"http:\/\/armstrongyregion.com.ar\/diario\/wp-content\/uploads\/2024\/06\/RM-agroactiva.2jpeg.jpg\"><img loading=\"lazy\" decoding=\"async\" width=\"738\" height=\"615\" src=\"http:\/\/armstrongyregion.com.ar\/diario\/wp-content\/uploads\/2024\/06\/RM-agroactiva.2jpeg.jpg\" alt=\"\" class=\"wp-image-43099\" srcset=\"https:\/\/armstrongyregion.com.ar\/diario\/wp-content\/uploads\/2024\/06\/RM-agroactiva.2jpeg.jpg 738w, https:\/\/armstrongyregion.com.ar\/diario\/wp-content\/uploads\/2024\/06\/RM-agroactiva.2jpeg-300x250.jpg 300w\" sizes=\"auto, (max-width: 738px) 100vw, 738px\" \/><\/a><\/figure>\n\n\n\n<p>El Diputado Nacional por la Provincia de Santa Fe, Roberto Mirabella estuvo presente en la edici\u00f3n 2024 de Agroactiva en la localidad santafesina de Armstrong. &nbsp;<\/p>\n\n\n\n<p>El legislador se reuni\u00f3 con la presidenta de la Fundaci\u00f3n Barbechando Angeles Naveyra y luego particip\u00f3 del panel de debate \u201cLa Agenda del Agro en el Congreso: \u00bfLos consensos interpartidarios son posibles?\u201d.<\/p>\n\n\n\n<p>Mirabella expres\u00f3:&nbsp;<em>\u201cCelebro esta iniciativa, el compromiso y la participaci\u00f3n. El consenso es el esfuerzo por eliminar el disenso, es fundamental escucharnos, generar puntos de acuerdo donde podamos definir pol\u00edticas a largo plazo, reglas que sean claras y que son fundamentales para avanzar en defensa de nuestra producci\u00f3n, y de los que trabajan e invierten\u201d<\/em>.<\/p>\n\n\n\n<p>Adem\u00e1s, el legislador se refiri\u00f3 a la necesidad de retomar la agenda sobre algunas iniciativas presentadas en el Congreso como la Ley de Maquinarias Agr\u00edcolas, la Nueva Ley de semilla, modificar la Ley de Biocombustibles, debatir la Ley de Warren, la Ley de Seguro Multirriesgo Agr\u00edcola, entre otras. &nbsp;<\/p>\n\n\n\n<p>Mirabella resalt\u00f3&nbsp;<em>\u201cVeo hoy la vocaci\u00f3n de muchos actores y dirigentes de sentarse en una mesa y buscar puntos de acuerdo para avanzar\u201d<\/em>. En esta l\u00ednea, el Diputado coment\u00f3 como ejemplo que d\u00edas atr\u00e1s, junto a varios legisladores representantes de distintos partidos pol\u00edticos, presentaron un proyecto de ley para fomentar inversiones que favorezcan el desarrollo Agroindustrial argentino. &nbsp;<\/p>\n\n\n\n<p>Luego de su exposici\u00f3n, el legislador santafesino particip\u00f3 de una reuni\u00f3n con Luciano, Toldo oriundo de la localidad de Tacural, provincia de Santa Fe, y presidente de la C\u00e1mara Argentina de Contratistas Forrajeros. Esta c\u00e1mara tiene sus inicios el a\u00f1o 2003 y hoy nuclea a 195 empresas, especializadas principalmente al picado de Forrajes de Ma\u00edz, alfalfa, Sorgo, y otros cultivos espec\u00edficos. Estos se utilizan para la alimentaci\u00f3n de ganado vacuno, vacas lecheras, entre otros. En el \u00faltimo periodo se realiz\u00f3 el picado de 2.600.000 millones de hect\u00e1reas. El Legislador subray\u00f3 \u201cEsta actividad es la motorizaci\u00f3n principal en la producci\u00f3n de leche y Carne de nuestro pa\u00eds\u201d. &nbsp;<\/p>\n\n\n\n<p>Para finalizar la jornada en Agroactiva, Mirabella manifest\u00f3&nbsp;<em>\u201cEstar ac\u00e1 me motiva mucho, porque veo donde se sustenta el desarrollo productivo econ\u00f3mico santafesino y argentino\u00bb<\/em>&nbsp;y agreg\u00f3&nbsp;<em>\u201cLa provincia de Santa Fe lidera la fabricaci\u00f3n nacional de maquinaria agr\u00edcola, por lo que consideramos que apuntalar al sector es estrat\u00e9gico, y ya que representa la conjugaci\u00f3n m\u00e1s importante entre campo e industria\u201d.<\/em>&nbsp;Por \u00faltimo, denunci\u00f3&nbsp;<strong>\u201cTodas las crisis se generan en Buenos Aires, ac\u00e1 desde el interior siempre est\u00e1n las soluciones\u201d.<\/strong><\/p>\n","protected":false},"excerpt":{"rendered":"<p>Mirabella Presente en Agroactiva 2024.<\/p>\n","protected":false},"author":1,"featured_media":43099,"comment_status":"open","ping_status":"open","sticky":false,"template":"","format":"image","meta":{"_jetpack_memberships_contains_paid_content":false,"footnotes":"","jetpack_publicize_message":"","jetpack_publicize_feature_enabled":true,"jetpack_social_post_already_shared":true,"jetpack_social_options":{"image_generator_settings":{"template":"highway","default_image_id":0,"enabled":false},"version":2}},"categories":[8,1,2,7,3],"tags":[10473,15,10744,556],"class_list":["post-43098","post","type-post","status-publish","format-image","has-post-thumbnail","hentry","category-deliberando","category-diario-armstrong","category-locales","category-politica","category-region","tag-agroactiva-2024","tag-en","tag-irabella","tag-presente","post_format-post-format-image"],"jetpack_publicize_connections":[],"jetpack_featured_media_url":"https:\/\/armstrongyregion.com.ar\/diario\/wp-content\/uploads\/2024\/06\/RM-agroactiva.2jpeg.jpg","jetpack_shortlink":"https:\/\/wp.me\/p62QDO-bd8","jetpack_sharing_enabled":true,"amp_enabled":true,"_links":{"self":[{"href":"https:\/\/armstrongyregion.com.ar\/diario\/wp-json\/wp\/v2\/posts\/43098","targetHints":{"allow":["GET"]}}],"collection":[{"href":"https:\/\/armstrongyregion.com.ar\/diario\/wp-json\/wp\/v2\/posts"}],"about":[{"href":"https:\/\/armstrongyregion.com.ar\/diario\/wp-json\/wp\/v2\/types\/post"}],"author":[{"embeddable":true,"href":"https:\/\/armstrongyregion.com.ar\/diario\/wp-json\/wp\/v2\/users\/1"}],"replies":[{"embeddable":true,"href":"https:\/\/armstrongyregion.com.ar\/diario\/wp-json\/wp\/v2\/comments?post=43098"}],"version-history":[{"count":1,"href":"https:\/\/armstrongyregion.com.ar\/diario\/wp-json\/wp\/v2\/posts\/43098\/revisions"}],"predecessor-version":[{"id":43100,"href":"https:\/\/armstrongyregion.com.ar\/diario\/wp-json\/wp\/v2\/posts\/43098\/revisions\/43100"}],"wp:featuredmedia":[{"embeddable":true,"href":"https:\/\/armstrongyregion.com.ar\/diario\/wp-json\/wp\/v2\/media\/43099"}],"wp:attachment":[{"href":"https:\/\/armstrongyregion.com.ar\/diario\/wp-json\/wp\/v2\/media?parent=43098"}],"wp:term":[{"taxonomy":"category","embeddable":true,"href":"https:\/\/armstrongyregion.com.ar\/diario\/wp-json\/wp\/v2\/categories?post=43098"},{"taxonomy":"post_tag","embeddable":true,"href":"https:\/\/armstrongyregion.com.ar\/diario\/wp-json\/wp\/v2\/tags?post=43098"}],"curies":[{"name":"wp","href":"https:\/\/api.w.org\/{rel}","templated":true}]}}