{"id":43096,"date":"2024-06-11T18:33:26","date_gmt":"2024-06-11T18:33:26","guid":{"rendered":"https:\/\/armstrongyregion.com.ar\/diario\/?p=43096"},"modified":"2024-06-11T18:33:30","modified_gmt":"2024-06-11T18:33:30","slug":"gramigna-presento-un-proyecto-para-la-creacion-de-un-fondo-para-el-financiamiento-y-promocion-de-emprendedores","status":"publish","type":"post","link":"https:\/\/armstrongyregion.com.ar\/diario\/gramigna-presento-un-proyecto-para-la-creacion-de-un-fondo-para-el-financiamiento-y-promocion-de-emprendedores\/","title":{"rendered":"Gramigna present\u00f3 un proyecto para la \u00abCreaci\u00f3n de un Fondo para el Financiamiento y Promoci\u00f3n de Emprendedores\u00bb"},"content":{"rendered":"\n<figure class=\"wp-block-image size-full\"><a href=\"http:\/\/armstrongyregion.com.ar\/diario\/wp-content\/uploads\/2024\/05\/Emi-Gramigna-20-4.24.jpg\"><img loading=\"lazy\" decoding=\"async\" width=\"756\" height=\"679\" src=\"http:\/\/armstrongyregion.com.ar\/diario\/wp-content\/uploads\/2024\/05\/Emi-Gramigna-20-4.24.jpg\" alt=\"\" class=\"wp-image-42886\" srcset=\"https:\/\/armstrongyregion.com.ar\/diario\/wp-content\/uploads\/2024\/05\/Emi-Gramigna-20-4.24.jpg 756w, https:\/\/armstrongyregion.com.ar\/diario\/wp-content\/uploads\/2024\/05\/Emi-Gramigna-20-4.24-300x269.jpg 300w\" sizes=\"auto, (max-width: 756px) 100vw, 756px\" \/><\/a><\/figure>\n\n\n\n<p>\u201cNosotros planteamos que el municipio cree un fondo dinerario para poder financiar y promocionar la actividad de los emprendedores en la ciudad, para quienes est\u00e9n arrancando o&nbsp; ya tengan un emprendimiento en marcha y necesiten de un respaldo financiero\u201d. Explicaba Gramigna.<\/p>\n\n\n\n<p>Luego a\u00f1adi\u00f3: \u201c El municipio podr\u00eda brindar a trav\u00e9s de dicho financiamiento, capacitaciones,\u00a0 compras de materiales, tambi\u00e9n\u00a0 educaci\u00f3n financiera o herramientas sobre ventas online, redes\u00a0 sociales; resultar\u00eda fundamental dar ese primer empuj\u00f3n para poder comprar la maquinaria que se necesita o los elementos, por supuesto con una devoluci\u00f3n hacia el municipio. La idea tiende a que\u00a0 el fondo sea rotario y de esa manera poder financiar a otro emprendedor\u201d.<\/p>\n","protected":false},"excerpt":{"rendered":"<p>Gramigna present\u00f3 un proyecto para la \u00abCreaci\u00f3n de un Fondo para el Financiamiento y Promoci\u00f3n de Emprendedores\u00bb<\/p>\n","protected":false},"author":1,"featured_media":42931,"comment_status":"open","ping_status":"open","sticky":false,"template":"","format":"image","meta":{"_jetpack_memberships_contains_paid_content":false,"footnotes":"","jetpack_publicize_message":"","jetpack_publicize_feature_enabled":true,"jetpack_social_post_already_shared":true,"jetpack_social_options":{"image_generator_settings":{"template":"highway","default_image_id":0,"enabled":false},"version":2}},"categories":[8,1,2,7,3],"tags":[10720,5030,499,979,8777,4546],"class_list":["post-43096","post","type-post","status-publish","format-image","has-post-thumbnail","hentry","category-deliberando","category-diario-armstrong","category-locales","category-politica","category-region","tag-cambia-armstrong","tag-diario-armstrong","tag-fondo","tag-gramigna","tag-lic-graciela-de-la-casa","tag-microemprendedores","post_format-post-format-image"],"jetpack_publicize_connections":[],"jetpack_featured_media_url":"https:\/\/armstrongyregion.com.ar\/diario\/wp-content\/uploads\/2024\/05\/EMILIANO-GRAMIGNA-21.05-24.jpg","jetpack_shortlink":"https:\/\/wp.me\/p62QDO-bd6","jetpack_sharing_enabled":true,"amp_enabled":true,"_links":{"self":[{"href":"https:\/\/armstrongyregion.com.ar\/diario\/wp-json\/wp\/v2\/posts\/43096","targetHints":{"allow":["GET"]}}],"collection":[{"href":"https:\/\/armstrongyregion.com.ar\/diario\/wp-json\/wp\/v2\/posts"}],"about":[{"href":"https:\/\/armstrongyregion.com.ar\/diario\/wp-json\/wp\/v2\/types\/post"}],"author":[{"embeddable":true,"href":"https:\/\/armstrongyregion.com.ar\/diario\/wp-json\/wp\/v2\/users\/1"}],"replies":[{"embeddable":true,"href":"https:\/\/armstrongyregion.com.ar\/diario\/wp-json\/wp\/v2\/comments?post=43096"}],"version-history":[{"count":1,"href":"https:\/\/armstrongyregion.com.ar\/diario\/wp-json\/wp\/v2\/posts\/43096\/revisions"}],"predecessor-version":[{"id":43097,"href":"https:\/\/armstrongyregion.com.ar\/diario\/wp-json\/wp\/v2\/posts\/43096\/revisions\/43097"}],"wp:featuredmedia":[{"embeddable":true,"href":"https:\/\/armstrongyregion.com.ar\/diario\/wp-json\/wp\/v2\/media\/42931"}],"wp:attachment":[{"href":"https:\/\/armstrongyregion.com.ar\/diario\/wp-json\/wp\/v2\/media?parent=43096"}],"wp:term":[{"taxonomy":"category","embeddable":true,"href":"https:\/\/armstrongyregion.com.ar\/diario\/wp-json\/wp\/v2\/categories?post=43096"},{"taxonomy":"post_tag","embeddable":true,"href":"https:\/\/armstrongyregion.com.ar\/diario\/wp-json\/wp\/v2\/tags?post=43096"}],"curies":[{"name":"wp","href":"https:\/\/api.w.org\/{rel}","templated":true}]}}