{"id":43092,"date":"2024-06-11T16:24:47","date_gmt":"2024-06-11T16:24:47","guid":{"rendered":"https:\/\/armstrongyregion.com.ar\/diario\/?p=43092"},"modified":"2024-06-11T16:24:50","modified_gmt":"2024-06-11T16:24:50","slug":"pertusati-hizo-un-balance-de-la-sesion-del-pasado-martes-4-de-junio","status":"publish","type":"post","link":"https:\/\/armstrongyregion.com.ar\/diario\/pertusati-hizo-un-balance-de-la-sesion-del-pasado-martes-4-de-junio\/","title":{"rendered":"Pertusati hizo un balance de la sesi\u00f3n del pasado martes 4 de Junio."},"content":{"rendered":"\n<figure class=\"wp-block-image size-full\"><a href=\"http:\/\/armstrongyregion.com.ar\/diario\/wp-content\/uploads\/2024\/05\/pertu-4-5-24-.jpg\"><img loading=\"lazy\" decoding=\"async\" width=\"378\" height=\"504\" src=\"http:\/\/armstrongyregion.com.ar\/diario\/wp-content\/uploads\/2024\/05\/pertu-4-5-24-.jpg\" alt=\"\" class=\"wp-image-42669\" srcset=\"https:\/\/armstrongyregion.com.ar\/diario\/wp-content\/uploads\/2024\/05\/pertu-4-5-24-.jpg 378w, https:\/\/armstrongyregion.com.ar\/diario\/wp-content\/uploads\/2024\/05\/pertu-4-5-24--225x300.jpg 225w\" sizes=\"auto, (max-width: 378px) 100vw, 378px\" \/><\/a><\/figure>\n\n\n\n<p>\u00a0El Pte. del Concejo Alejandro Pertusati, hablo sobre la sesi\u00f3n del pasado martes, ya que paso a comisi\u00f3n la modificaci\u00f3n de la partida presupuestaria por la obra \u00abMejoramiento vial de rotondas\u00bb.<\/p>\n\n\n\n<pre class=\"wp-block-preformatted\">\"Si bien este proyecto pas\u00f3 a comisi\u00f3n por unas cuestiones t\u00e9cnicas que la oposici\u00f3n quiere consultar y por supuesto est\u00e1n en todo su derecho. Vamos a invitar a la Secretaria de Obras P\u00fablicas, ya que es muy importante realizar un trabajo coordinado entre senado, municipio y provincia. Y se est\u00e1 trabajando en conjunto para  el bienestar de nuestra comunidad\". Expres\u00f3 Pertusati.<br><br> Luego a\u00f1adi\u00f3: \"No solamente se ha cumplido con lo que el gobierno provincial deb\u00eda cumplir con respecto a los fondos de obras menores atrasados de una gesti\u00f3n anterior sino que con el plan incluir ya se llev\u00f3 adelante la licitaci\u00f3n para culminar con obras en la ciudad y lo aprobamos en este concejo\".<br><br><br> <\/pre>\n","protected":false},"excerpt":{"rendered":"<p>Pertusati hizo un balance de la sesi\u00f3n del pasado martes 4 de Junio.<\/p>\n","protected":false},"author":1,"featured_media":42669,"comment_status":"open","ping_status":"open","sticky":false,"template":"","format":"image","meta":{"_jetpack_memberships_contains_paid_content":false,"footnotes":"","jetpack_publicize_message":"","jetpack_publicize_feature_enabled":true,"jetpack_social_post_already_shared":true,"jetpack_social_options":{"image_generator_settings":{"template":"highway","default_image_id":0,"enabled":false},"version":2}},"categories":[8,1,2,7,3],"tags":[237,19,53,5030,1197,8777,327,9067,6961,2534,192],"class_list":["post-43092","post","type-post","status-publish","format-image","has-post-thumbnail","hentry","category-deliberando","category-diario-armstrong","category-locales","category-politica","category-region","tag-balance","tag-de","tag-del","tag-diario-armstrong","tag-hizo","tag-lic-graciela-de-la-casa","tag-martes","tag-pasado","tag-pertusati","tag-sesion","tag-un","post_format-post-format-image"],"jetpack_publicize_connections":[],"jetpack_featured_media_url":"https:\/\/armstrongyregion.com.ar\/diario\/wp-content\/uploads\/2024\/05\/pertu-4-5-24-.jpg","jetpack_shortlink":"https:\/\/wp.me\/p62QDO-bd2","jetpack_sharing_enabled":true,"amp_enabled":true,"_links":{"self":[{"href":"https:\/\/armstrongyregion.com.ar\/diario\/wp-json\/wp\/v2\/posts\/43092","targetHints":{"allow":["GET"]}}],"collection":[{"href":"https:\/\/armstrongyregion.com.ar\/diario\/wp-json\/wp\/v2\/posts"}],"about":[{"href":"https:\/\/armstrongyregion.com.ar\/diario\/wp-json\/wp\/v2\/types\/post"}],"author":[{"embeddable":true,"href":"https:\/\/armstrongyregion.com.ar\/diario\/wp-json\/wp\/v2\/users\/1"}],"replies":[{"embeddable":true,"href":"https:\/\/armstrongyregion.com.ar\/diario\/wp-json\/wp\/v2\/comments?post=43092"}],"version-history":[{"count":1,"href":"https:\/\/armstrongyregion.com.ar\/diario\/wp-json\/wp\/v2\/posts\/43092\/revisions"}],"predecessor-version":[{"id":43093,"href":"https:\/\/armstrongyregion.com.ar\/diario\/wp-json\/wp\/v2\/posts\/43092\/revisions\/43093"}],"wp:featuredmedia":[{"embeddable":true,"href":"https:\/\/armstrongyregion.com.ar\/diario\/wp-json\/wp\/v2\/media\/42669"}],"wp:attachment":[{"href":"https:\/\/armstrongyregion.com.ar\/diario\/wp-json\/wp\/v2\/media?parent=43092"}],"wp:term":[{"taxonomy":"category","embeddable":true,"href":"https:\/\/armstrongyregion.com.ar\/diario\/wp-json\/wp\/v2\/categories?post=43092"},{"taxonomy":"post_tag","embeddable":true,"href":"https:\/\/armstrongyregion.com.ar\/diario\/wp-json\/wp\/v2\/tags?post=43092"}],"curies":[{"name":"wp","href":"https:\/\/api.w.org\/{rel}","templated":true}]}}