{"id":43080,"date":"2024-06-09T23:53:26","date_gmt":"2024-06-09T23:53:26","guid":{"rendered":"https:\/\/armstrongyregion.com.ar\/diario\/?p=43080"},"modified":"2024-06-09T23:53:29","modified_gmt":"2024-06-09T23:53:29","slug":"dora-barrancos-junto-a-agustin-rossi-en-la-facultad-de-la-militancia","status":"publish","type":"post","link":"https:\/\/armstrongyregion.com.ar\/diario\/dora-barrancos-junto-a-agustin-rossi-en-la-facultad-de-la-militancia\/","title":{"rendered":"Dora Barrancos junto a Agust\u00edn Rossi en la Facultad de la Militancia."},"content":{"rendered":"\n<figure class=\"wp-block-image size-full\"><a href=\"http:\/\/armstrongyregion.com.ar\/diario\/wp-content\/uploads\/2024\/06\/agustin-Rossi-militancia-.jpeg\"><img loading=\"lazy\" decoding=\"async\" width=\"913\" height=\"598\" src=\"http:\/\/armstrongyregion.com.ar\/diario\/wp-content\/uploads\/2024\/06\/agustin-Rossi-militancia-.jpeg\" alt=\"\" class=\"wp-image-43081\" srcset=\"https:\/\/armstrongyregion.com.ar\/diario\/wp-content\/uploads\/2024\/06\/agustin-Rossi-militancia-.jpeg 913w, https:\/\/armstrongyregion.com.ar\/diario\/wp-content\/uploads\/2024\/06\/agustin-Rossi-militancia--300x196.jpeg 300w, https:\/\/armstrongyregion.com.ar\/diario\/wp-content\/uploads\/2024\/06\/agustin-Rossi-militancia--768x503.jpeg 768w\" sizes=\"auto, (max-width: 913px) 100vw, 913px\" \/><\/a><\/figure>\n\n\n\n<h2 class=\"wp-block-heading\">\u00abLa tarea es amucharse y buscar las convergencias\u00bb, manifest\u00f3 en una nueva clase magistral.<\/h2>\n\n\n\n<p>Ante un auditorio colmado de alumnos y alumnas, este s\u00e1bado se llev\u00f3 adelante una clase especial de la Facultad de la Militancia encabezada por la investigadora, soci\u00f3loga e historiadora feminista Dora Barrancos, que habl\u00f3 de \u00abPol\u00edticas de la crueldad y discursos de odio: derechos en riesgo\u00bb.<\/p>\n\n\n\n<p>Al inicio de su clase, Barrancos celebr\u00f3 la iniciativa de formaci\u00f3n militante de La Corriente Nacional de la Militancia y expres\u00f3 ante las y los presentes:&nbsp;<em>\u00abAs\u00ed hay que hacer las cosas. Amucharse. La primera tarea es amucharse, buscar las convergencias\u00bb.<\/em><\/p>\n\n\n\n<p>Barrancos estuvo acompa\u00f1ada del dirigente Agust\u00edn Rossi que le dio la bienvenida y agradeci\u00f3 su participaci\u00f3n. Asimismo, durante la jornada tambi\u00e9n expusieron la periodista Sonia Tessa, la decana de la Facultad de Psicolog\u00eda Soledad Cottone, la dirigente gremial Anal\u00eda Ratner, la abogada y dirigente de DDHH Matilde Bruera, la vicepresidenta del PJ Santa Fe Mar\u00eda Luz Rioja y el diputado Nacional Germ\u00e1n Mart\u00ednez.<\/p>\n\n\n\n<p>Adem\u00e1s, la investigadora feminista analiz\u00f3 el avance contra el derecho de las mujeres en todo el mundo:&nbsp;<em>\u00abEn todos los partidos de extrema derecha, en los \u00faltimos a\u00f1os, lo com\u00fan es el odio a las feministas, a las proclamas de las otredades cualquiera sean. Est\u00e1 en sus programas\u00bb<\/em>&nbsp;y apunt\u00f3 contra el gobierno de Javier Milei:&nbsp;<em>\u00abNos toc\u00f3 en desgracia la cuota nacional nazi-fascista. Hay una parte que es la parte de \u00e9l y su estilo fara\u00f3nico, \u00e9l reina, anda por el mundo. La otra parte es la que gobierna, sirvi\u00e9ndose del Estado para darse grandes escaladas econ\u00f3micas\u00bb.<\/em><\/p>\n\n\n\n<p>Seguidamente, advirti\u00f3 el problema de que Milei cierre el Ministerio de las Mujeres y las dependencias que quedaban en pie:<em>&nbsp;\u00abLa decisi\u00f3n de ayer destruye el \u00faltimo mu\u00f1\u00f3n sobreviviente del ministerio. Esto es un traspi\u00e9 grave. Este es un pa\u00eds que firm\u00f3 todas las convenciones internacionales. Y no s\u00f3lo las firm\u00f3 sino que las incorpor\u00f3 en su Constituci\u00f3n\u00bb,<\/em>&nbsp;al tiempo que detall\u00f3<em>&nbsp;\u00abNo s\u00e9 qu\u00e9 va a pasar con la l\u00ednea 144 (de atenci\u00f3n a la v\u00edctimas de violencia de g\u00e9nero). No s\u00e9 qu\u00e9 va a pasar con las 650 compa\u00f1eras trabajadoras que all\u00ed trabajaban. La l\u00ednea se hab\u00eda mejorado much\u00edsimo\u00bb.<\/em><\/p>\n\n\n\n<p>En otro tramo de su clase magistral, Barrancos reivindic\u00f3 la ley de aborto argentina, asegurando que<em>&nbsp;\u00abes una ley de una t\u00e9cnica notable, entre las mejores del mundo\u00bb<\/em>&nbsp;que respeta&nbsp;<em>\u00abnuestro derecho soberano al cuerpo\u00bb.<\/em><\/p>\n\n\n\n<p>Participaron compa\u00f1eras de los sindicatos de Prensa, Sutracovi, Bancaroa, Sadop, Luz y Fuerza, Correo. Asimismo, estuvieron presentes Lorena Almir\u00f3n SEC. Gral. ATE Rosario; Alicia Simeoni SEC. Adjunta Sindicato de Prensa e integrantes de la Campa\u00f1a por el Derecho al Aborto.<\/p>\n","protected":false},"excerpt":{"rendered":"<p>Dora Barrancos junto a Agust\u00edn Rossi en la Facultad de la Militancia.<\/p>\n","protected":false},"author":1,"featured_media":43081,"comment_status":"open","ping_status":"open","sticky":false,"template":"","format":"image","meta":{"_jetpack_memberships_contains_paid_content":false,"footnotes":"","jetpack_publicize_message":"","jetpack_publicize_feature_enabled":true,"jetpack_social_post_already_shared":true,"jetpack_social_options":{"image_generator_settings":{"template":"highway","default_image_id":0,"enabled":false},"version":2}},"categories":[8,1,2,7,3],"tags":[10742,10721,10740,10743,290,10741,8777],"class_list":["post-43080","post","type-post","status-publish","format-image","has-post-thumbnail","hentry","category-deliberando","category-diario-armstrong","category-locales","category-politica","category-region","tag-agustin-rossi","tag-diario-armstrong-region","tag-dorra-barrancos","tag-facultad-de-militancia","tag-junto","tag-l-a","tag-lic-graciela-de-la-casa","post_format-post-format-image"],"jetpack_publicize_connections":[],"jetpack_featured_media_url":"https:\/\/armstrongyregion.com.ar\/diario\/wp-content\/uploads\/2024\/06\/agustin-Rossi-militancia-.jpeg","jetpack_shortlink":"https:\/\/wp.me\/p62QDO-bcQ","jetpack_sharing_enabled":true,"amp_enabled":true,"_links":{"self":[{"href":"https:\/\/armstrongyregion.com.ar\/diario\/wp-json\/wp\/v2\/posts\/43080","targetHints":{"allow":["GET"]}}],"collection":[{"href":"https:\/\/armstrongyregion.com.ar\/diario\/wp-json\/wp\/v2\/posts"}],"about":[{"href":"https:\/\/armstrongyregion.com.ar\/diario\/wp-json\/wp\/v2\/types\/post"}],"author":[{"embeddable":true,"href":"https:\/\/armstrongyregion.com.ar\/diario\/wp-json\/wp\/v2\/users\/1"}],"replies":[{"embeddable":true,"href":"https:\/\/armstrongyregion.com.ar\/diario\/wp-json\/wp\/v2\/comments?post=43080"}],"version-history":[{"count":1,"href":"https:\/\/armstrongyregion.com.ar\/diario\/wp-json\/wp\/v2\/posts\/43080\/revisions"}],"predecessor-version":[{"id":43082,"href":"https:\/\/armstrongyregion.com.ar\/diario\/wp-json\/wp\/v2\/posts\/43080\/revisions\/43082"}],"wp:featuredmedia":[{"embeddable":true,"href":"https:\/\/armstrongyregion.com.ar\/diario\/wp-json\/wp\/v2\/media\/43081"}],"wp:attachment":[{"href":"https:\/\/armstrongyregion.com.ar\/diario\/wp-json\/wp\/v2\/media?parent=43080"}],"wp:term":[{"taxonomy":"category","embeddable":true,"href":"https:\/\/armstrongyregion.com.ar\/diario\/wp-json\/wp\/v2\/categories?post=43080"},{"taxonomy":"post_tag","embeddable":true,"href":"https:\/\/armstrongyregion.com.ar\/diario\/wp-json\/wp\/v2\/tags?post=43080"}],"curies":[{"name":"wp","href":"https:\/\/api.w.org\/{rel}","templated":true}]}}