{"id":43065,"date":"2024-06-06T22:42:37","date_gmt":"2024-06-06T22:42:37","guid":{"rendered":"https:\/\/armstrongyregion.com.ar\/diario\/?p=43065"},"modified":"2024-06-06T22:42:39","modified_gmt":"2024-06-06T22:42:39","slug":"pullaro-tras-recibir-a-milei-en-agroactiva-mas-recortes-a-santa-fe-no-creo-que-se-puedan-hacer","status":"publish","type":"post","link":"https:\/\/armstrongyregion.com.ar\/diario\/pullaro-tras-recibir-a-milei-en-agroactiva-mas-recortes-a-santa-fe-no-creo-que-se-puedan-hacer\/","title":{"rendered":"Pullaro, tras recibir a Milei en Agroactiva: \u00abM\u00e1s recortes a Santa Fe no creo que se puedan hacer\u00bb"},"content":{"rendered":"\n<figure class=\"wp-block-image size-large\"><a href=\"http:\/\/armstrongyregion.com.ar\/diario\/wp-content\/uploads\/2024\/06\/8302C168-BF1D-4B74-8349-35D058560F42.jpg\"><img loading=\"lazy\" decoding=\"async\" width=\"1024\" height=\"544\" src=\"http:\/\/armstrongyregion.com.ar\/diario\/wp-content\/uploads\/2024\/06\/8302C168-BF1D-4B74-8349-35D058560F42-1024x544.jpg\" alt=\"\" class=\"wp-image-43066\" srcset=\"https:\/\/armstrongyregion.com.ar\/diario\/wp-content\/uploads\/2024\/06\/8302C168-BF1D-4B74-8349-35D058560F42-1024x544.jpg 1024w, https:\/\/armstrongyregion.com.ar\/diario\/wp-content\/uploads\/2024\/06\/8302C168-BF1D-4B74-8349-35D058560F42-300x159.jpg 300w, https:\/\/armstrongyregion.com.ar\/diario\/wp-content\/uploads\/2024\/06\/8302C168-BF1D-4B74-8349-35D058560F42-768x408.jpg 768w, https:\/\/armstrongyregion.com.ar\/diario\/wp-content\/uploads\/2024\/06\/8302C168-BF1D-4B74-8349-35D058560F42.jpg 1122w\" sizes=\"auto, (max-width: 1024px) 100vw, 1024px\" \/><\/a><\/figure>\n\n\n\n<p><strong>El gobernador recibi\u00f3 al presidente en la muestra del campo en Armstrong, lo que signific\u00f3 la primera visita del libertario a suelo santafesino tras ganar las elecciones.<\/strong><\/p>\n\n\n\n<p>El gobernador&nbsp;<strong><a href=\"https:\/\/www.unosantafe.com.ar\/santa-fe\/pullaro-la-visita-milei-esperamos-que-se-una-charla-y-si-no-lo-vamos-seguir-haciendo-los-ministros-n10137233.html\" target=\"_blank\" rel=\"noreferrer noopener\">Maximiliano Pullaro<\/a><\/strong>&nbsp;encabez\u00f3 este jueves el acto inaugural de una nueva edici\u00f3n de&nbsp;<a href=\"https:\/\/www.unosantafe.com.ar\/politica\/agroactiva-2024-la-espera-milei-fuerte-reclamo-los-gobernadores-eliminar-retenciones-n10137381.html\" target=\"_blank\" rel=\"noreferrer noopener\"><strong>Agroactiva<\/strong><\/a>, la exposici\u00f3n agropecuaria a cielo abierto m\u00e1s convocante de la Argentina y la regi\u00f3n que se desarrolla hasta el 8 de junio en la ciudad de Amstrong, en el sur provincial. El mandatario santafesino estuvo acompa\u00f1ado por los gobernadores de Entre R\u00edos, Rogelio Frigerio; y de C\u00f3rdoba, Mart\u00edn Llaryora. Al mediod\u00eda, los tres mandatarios de la Regi\u00f3n Centro recibieron al presidente Javier Milei en su llegada al predio del evento.<\/p>\n\n\n\n<p>Acerca de su fugaz encuentro con el presidente Javier Milei, Pullaro mencion\u00f3 a Radio 2:\u00a0<strong>\u201cSolamente nos saludamos.<\/strong>\u00a0Es probable que despu\u00e9s nos veamos, si es que dan los tiempos, ya que ac\u00e1 en Agroactiva es muy lento y cada uno est\u00e1 con sus actividades en diferentes sectores de la muestra\u201d. Como presagi\u00f3 el propio gobernador, no hubo charla en profundidad entre ambos mandatarios.<\/p>\n\n\n\n<p>\u201cEl presidente ten\u00eda una charla con empresarios y economistas en el stand central de la muestra\u201d, apunt\u00f3 Pullaro, anticipando que&nbsp;<strong>el contacto entre ambos solo iba a quedar en ese abrazo tras el aterrizaje de Milei<\/strong>&nbsp;en el predio junto a la autopista Rosario-C\u00f3rdoba.<\/p>\n\n\n\n<p>\u201cPermanentemente<strong>&nbsp;pedimos que lo que aporta Santa Fe, vuelva en obras<\/strong>. Tenemos que hacer obras de infraestructura vial, el\u00e9ctrica, de conectividad. Todo eso lo necesitamos para empujar la econom\u00eda del interior productivo\u201d, remarc\u00f3 el mandatario santafesino.<\/p>\n\n\n\n<p>Cuando le consultaron por los recortes que impulsa el gobierno nacional, Pullaro produjo su declaraci\u00f3n m\u00e1s jugosa:&nbsp;<strong>\u201cM\u00e1s recortes a la provincia de Santa Fe no creo que se puedan hacer. No veo que sea posible.&nbsp;<\/strong>Y asimismo nos arreglamos para seguir adelante, pagamos sueldos e invertimos en obra p\u00fablica.&nbsp;<strong>En el resto del pa\u00eds nos ven como un bicho raro<\/strong>&nbsp;porque podemos seguir haciendo esto\u201d.<\/p>\n\n\n\n<h2 class=\"wp-block-heading\">Pullaro habl\u00f3 sobre los \u00faltimos dichos de Milei<\/h2>\n\n\n\n<p>Tambi\u00e9n se distanci\u00f3 de Milei, que viene diciendo que&nbsp;<a href=\"https:\/\/www.unosantafe.com.ar\/el-pais\/javier-milei-contra-la-formula-jubilatoria-media-sancion-diputados-defendere-la-caja-veto-puro-n10137147.html\" target=\"_blank\" rel=\"noreferrer noopener\">defender\u00e1 \u201cel d\u00e9ficit fiscal cero a puro veto\u201d<\/a>&nbsp;tras la aprobaci\u00f3n de la movilidad jubilatoria por parte del Congreso:&nbsp;<strong>\u201cNo veo que pueda ser un buen s\u00edntoma el veto. La institucionalidad dice que hay que respetar las decisiones del Congreso\u201d<\/strong>, retruc\u00f3 Pullaro.<\/p>\n\n\n\n<p>S\u00ed apoy\u00f3 al gobierno nacional en su intenci\u00f3n de tener aprobada la Ley de Bases:&nbsp;<strong>\u201cNosotros creemos que es muy importante que el presidente pueda tener las herramientas para comenzar con su gesti\u00f3n\u201d<\/strong>, dijo.<\/p>\n\n\n\n<p>A prop\u00f3sito de su relaci\u00f3n con dirigentes opositores, el gobernador explic\u00f3 que&nbsp;<strong>\u201choy ve\u00eda algunos comentarios sobre un abrazo que nos dimos con el ex gobernador Perotti en una actividad. Eso deber\u00eda ser lo normal.<\/strong>&nbsp;Con Axel Kicillof pienso todo lo contrario, pero tenemos una excelente relaci\u00f3n institucional. Lo mismo con Llaryora\u201d.<\/p>\n\n\n\n<p><\/p>\n","protected":false},"excerpt":{"rendered":"<p>Pullaro, tras recibir a Milei en Agroactiva: \u00abM\u00e1s recortes a Santa Fe no creo que se puedan hacer\u00bb<\/p>\n","protected":false},"author":1,"featured_media":43066,"comment_status":"open","ping_status":"open","sticky":false,"template":"","format":"image","meta":{"_jetpack_memberships_contains_paid_content":false,"footnotes":"","jetpack_publicize_message":"","jetpack_publicize_feature_enabled":true,"jetpack_social_post_already_shared":true,"jetpack_social_options":{"image_generator_settings":{"template":"highway","default_image_id":0,"enabled":false},"version":2}},"categories":[8,1,2,7,3],"tags":[33,9924,8777,9708,2846,642],"class_list":["post-43065","post","type-post","status-publish","format-image","has-post-thumbnail","hentry","category-deliberando","category-diario-armstrong","category-locales","category-politica","category-region","tag-a","tag-diario-armstrong-y-region-2","tag-lic-graciela-de-la-casa","tag-milei","tag-pullaro","tag-tras","post_format-post-format-image"],"jetpack_publicize_connections":[],"jetpack_featured_media_url":"https:\/\/armstrongyregion.com.ar\/diario\/wp-content\/uploads\/2024\/06\/8302C168-BF1D-4B74-8349-35D058560F42.jpg","jetpack_shortlink":"https:\/\/wp.me\/p62QDO-bcB","jetpack_sharing_enabled":true,"amp_enabled":true,"_links":{"self":[{"href":"https:\/\/armstrongyregion.com.ar\/diario\/wp-json\/wp\/v2\/posts\/43065","targetHints":{"allow":["GET"]}}],"collection":[{"href":"https:\/\/armstrongyregion.com.ar\/diario\/wp-json\/wp\/v2\/posts"}],"about":[{"href":"https:\/\/armstrongyregion.com.ar\/diario\/wp-json\/wp\/v2\/types\/post"}],"author":[{"embeddable":true,"href":"https:\/\/armstrongyregion.com.ar\/diario\/wp-json\/wp\/v2\/users\/1"}],"replies":[{"embeddable":true,"href":"https:\/\/armstrongyregion.com.ar\/diario\/wp-json\/wp\/v2\/comments?post=43065"}],"version-history":[{"count":1,"href":"https:\/\/armstrongyregion.com.ar\/diario\/wp-json\/wp\/v2\/posts\/43065\/revisions"}],"predecessor-version":[{"id":43067,"href":"https:\/\/armstrongyregion.com.ar\/diario\/wp-json\/wp\/v2\/posts\/43065\/revisions\/43067"}],"wp:featuredmedia":[{"embeddable":true,"href":"https:\/\/armstrongyregion.com.ar\/diario\/wp-json\/wp\/v2\/media\/43066"}],"wp:attachment":[{"href":"https:\/\/armstrongyregion.com.ar\/diario\/wp-json\/wp\/v2\/media?parent=43065"}],"wp:term":[{"taxonomy":"category","embeddable":true,"href":"https:\/\/armstrongyregion.com.ar\/diario\/wp-json\/wp\/v2\/categories?post=43065"},{"taxonomy":"post_tag","embeddable":true,"href":"https:\/\/armstrongyregion.com.ar\/diario\/wp-json\/wp\/v2\/tags?post=43065"}],"curies":[{"name":"wp","href":"https:\/\/api.w.org\/{rel}","templated":true}]}}