{"id":43062,"date":"2024-06-05T23:35:54","date_gmt":"2024-06-05T23:35:54","guid":{"rendered":"https:\/\/armstrongyregion.com.ar\/diario\/?p=43062"},"modified":"2024-06-05T23:35:57","modified_gmt":"2024-06-05T23:35:57","slug":"dirigentes-del-pro-armstrong-fueron-recibidos-por-el-bloque-oficialista-en-el-concejo","status":"publish","type":"post","link":"https:\/\/armstrongyregion.com.ar\/diario\/dirigentes-del-pro-armstrong-fueron-recibidos-por-el-bloque-oficialista-en-el-concejo\/","title":{"rendered":"Dirigentes del PRO ARMSTRONG fueron recibidos por el bloque oficialista en el Concejo."},"content":{"rendered":"\n<figure class=\"wp-block-image size-large\"><a href=\"http:\/\/armstrongyregion.com.ar\/diario\/wp-content\/uploads\/2024\/06\/PHOTO-2024-06-05-17-45-49.jpg\"><img loading=\"lazy\" decoding=\"async\" width=\"1024\" height=\"970\" src=\"http:\/\/armstrongyregion.com.ar\/diario\/wp-content\/uploads\/2024\/06\/PHOTO-2024-06-05-17-45-49-1024x970.jpg\" alt=\"\" class=\"wp-image-43063\" srcset=\"https:\/\/armstrongyregion.com.ar\/diario\/wp-content\/uploads\/2024\/06\/PHOTO-2024-06-05-17-45-49-1024x970.jpg 1024w, https:\/\/armstrongyregion.com.ar\/diario\/wp-content\/uploads\/2024\/06\/PHOTO-2024-06-05-17-45-49-300x284.jpg 300w, https:\/\/armstrongyregion.com.ar\/diario\/wp-content\/uploads\/2024\/06\/PHOTO-2024-06-05-17-45-49-768x727.jpg 768w, https:\/\/armstrongyregion.com.ar\/diario\/wp-content\/uploads\/2024\/06\/PHOTO-2024-06-05-17-45-49.jpg 1079w\" sizes=\"auto, (max-width: 1024px) 100vw, 1024px\" \/><\/a><\/figure>\n\n\n\n<p>En este primer encuentro se trataron tem\u00e1ticas a abordar por el poder ejecutivo y propuestas relacionadas con los barrios\u00a0<a href=\"http:\/\/fo.na.vi\/\" target=\"_blank\" rel=\"noreferrer noopener\">FO.NA.VI<\/a>., la maquinaria municipal y la informaci\u00f3n brindada a la ciudadania desde la p\u00e1gina web oficial. Adem\u00e1s se acercaron propuestas para una mejora continua en la gesti\u00f3n del Concejo Municipal.<\/p>\n\n\n\n<p> \u00abAgradecemos la recepci\u00f3n positiva del bloque a las tem\u00e1ticas planteadas. Nuestro equipo siempre trabajar\u00e1 en la l\u00ednea de una oposici\u00f3n responsable, acercando soluciones integrales a la gesti\u00f3n de gobierno. Armstrong crecer\u00e1 con bases s\u00f3lidas siempre y cuando la pol\u00edtica aporte en el dinamismo y el desarrollo, es el camino que mas contribuye a mejorar la calidad de vida de la gente\u00bb. <\/p>\n","protected":false},"excerpt":{"rendered":"<p>Dirigentes del PRO ARMSTRONG fueron recibidos por el bloque oficialista en el Concejo.<\/p>\n","protected":false},"author":1,"featured_media":43063,"comment_status":"open","ping_status":"open","sticky":false,"template":"","format":"image","meta":{"_jetpack_memberships_contains_paid_content":false,"footnotes":"","jetpack_publicize_message":"","jetpack_publicize_feature_enabled":true,"jetpack_social_post_already_shared":true,"jetpack_social_options":{"image_generator_settings":{"template":"highway","default_image_id":0,"enabled":false},"version":2}},"categories":[8,1,2,7,3],"tags":[53,5030,980,8777,10737],"class_list":["post-43062","post","type-post","status-publish","format-image","has-post-thumbnail","hentry","category-deliberando","category-diario-armstrong","category-locales","category-politica","category-region","tag-del","tag-diario-armstrong","tag-dirigentes","tag-lic-graciela-de-la-casa","tag-pro-armstrong","post_format-post-format-image"],"jetpack_publicize_connections":[],"jetpack_featured_media_url":"https:\/\/armstrongyregion.com.ar\/diario\/wp-content\/uploads\/2024\/06\/PHOTO-2024-06-05-17-45-49.jpg","jetpack_shortlink":"https:\/\/wp.me\/p62QDO-bcy","jetpack_sharing_enabled":true,"amp_enabled":true,"_links":{"self":[{"href":"https:\/\/armstrongyregion.com.ar\/diario\/wp-json\/wp\/v2\/posts\/43062","targetHints":{"allow":["GET"]}}],"collection":[{"href":"https:\/\/armstrongyregion.com.ar\/diario\/wp-json\/wp\/v2\/posts"}],"about":[{"href":"https:\/\/armstrongyregion.com.ar\/diario\/wp-json\/wp\/v2\/types\/post"}],"author":[{"embeddable":true,"href":"https:\/\/armstrongyregion.com.ar\/diario\/wp-json\/wp\/v2\/users\/1"}],"replies":[{"embeddable":true,"href":"https:\/\/armstrongyregion.com.ar\/diario\/wp-json\/wp\/v2\/comments?post=43062"}],"version-history":[{"count":1,"href":"https:\/\/armstrongyregion.com.ar\/diario\/wp-json\/wp\/v2\/posts\/43062\/revisions"}],"predecessor-version":[{"id":43064,"href":"https:\/\/armstrongyregion.com.ar\/diario\/wp-json\/wp\/v2\/posts\/43062\/revisions\/43064"}],"wp:featuredmedia":[{"embeddable":true,"href":"https:\/\/armstrongyregion.com.ar\/diario\/wp-json\/wp\/v2\/media\/43063"}],"wp:attachment":[{"href":"https:\/\/armstrongyregion.com.ar\/diario\/wp-json\/wp\/v2\/media?parent=43062"}],"wp:term":[{"taxonomy":"category","embeddable":true,"href":"https:\/\/armstrongyregion.com.ar\/diario\/wp-json\/wp\/v2\/categories?post=43062"},{"taxonomy":"post_tag","embeddable":true,"href":"https:\/\/armstrongyregion.com.ar\/diario\/wp-json\/wp\/v2\/tags?post=43062"}],"curies":[{"name":"wp","href":"https:\/\/api.w.org\/{rel}","templated":true}]}}