{"id":43055,"date":"2024-06-05T18:50:37","date_gmt":"2024-06-05T18:50:37","guid":{"rendered":"https:\/\/armstrongyregion.com.ar\/diario\/?p=43055"},"modified":"2024-06-05T18:53:26","modified_gmt":"2024-06-05T18:53:26","slug":"agroactiva-en-esta-region-se-fabrica-el-80-de-la-maquinaria-agricola-de-todo-el-pais","status":"publish","type":"post","link":"https:\/\/armstrongyregion.com.ar\/diario\/agroactiva-en-esta-region-se-fabrica-el-80-de-la-maquinaria-agricola-de-todo-el-pais\/","title":{"rendered":"Agroactiva: \u00abEn esta regi\u00f3n se fabrica el 80% de la maquinaria agr\u00edcola de todo el pa\u00eds\u00bb"},"content":{"rendered":"\n<figure class=\"wp-block-image size-large\"><a href=\"http:\/\/armstrongyregion.com.ar\/diario\/wp-content\/uploads\/2024\/06\/30374.jpg\"><img loading=\"lazy\" decoding=\"async\" width=\"1024\" height=\"654\" src=\"http:\/\/armstrongyregion.com.ar\/diario\/wp-content\/uploads\/2024\/06\/30374-1024x654.jpg\" alt=\"\" class=\"wp-image-43056\" srcset=\"https:\/\/armstrongyregion.com.ar\/diario\/wp-content\/uploads\/2024\/06\/30374-1024x654.jpg 1024w, https:\/\/armstrongyregion.com.ar\/diario\/wp-content\/uploads\/2024\/06\/30374-300x192.jpg 300w, https:\/\/armstrongyregion.com.ar\/diario\/wp-content\/uploads\/2024\/06\/30374-768x491.jpg 768w, https:\/\/armstrongyregion.com.ar\/diario\/wp-content\/uploads\/2024\/06\/30374.jpg 1122w\" sizes=\"auto, (max-width: 1024px) 100vw, 1024px\" \/><\/a><\/figure>\n\n\n\n<p>\u00abEn esta regi\u00f3n se fabrica el 80% de la maquinaria agr\u00edcola de todo el pa\u00eds, realmente este es el patio de la producci\u00f3n agroindustrial\u00bb. Expres\u00f3 el Intendente de Armstrong Guillermo Luzzi.<\/p>\n\n\n\n<figure class=\"wp-block-embed is-type-video is-provider-youtube wp-block-embed-youtube wp-embed-aspect-16-9 wp-has-aspect-ratio\"><div class=\"wp-block-embed__wrapper\">\n<iframe loading=\"lazy\" title=\"Diario Armstrong y Region. Agroactiva: Int. de Armstrong Ing. Guillermo Luzzi.\" width=\"800\" height=\"450\" src=\"https:\/\/www.youtube.com\/embed\/n48H8ACeOUw?feature=oembed\" frameborder=\"0\" allow=\"accelerometer; autoplay; clipboard-write; encrypted-media; gyroscope; picture-in-picture; web-share\" referrerpolicy=\"strict-origin-when-cross-origin\" allowfullscreen><\/iframe>\n<\/div><\/figure>\n\n\n\n<p>El mandatario a\u00f1adi\u00f3, \u00abTenemos much\u00edsimas expectativas junto al sector agroindustrial, ojala el Pte de la Rep\u00fablica ma\u00f1ana diga algo que le sirva al sector productor y a nuestras empresas\u00bb. <\/p>\n\n\n\n<p>\u00abLa gesti\u00f3n de Pablo Verdecchia siempre se manej\u00f3 de la misma manera, hoy inauguramos juntos la carpa de Armstrong, incluyendo el potencial que tenemos con peque\u00f1as industrias y nuestros emprendedores que siempre est\u00e1n presentes\u00bb. Mencionaba el intendente.<\/p>\n\n\n\n<p>Jos\u00e9 Dabarno para Renacer FM y Diario Armstrong y Regi\u00f3n-<\/p>\n","protected":false},"excerpt":{"rendered":"<p>Agroactiva: \u00abEn esta regi\u00f3n se fabrica el 80% de la maquinaria agr\u00edcola de todo el pa\u00eds\u00bb<\/p>\n","protected":false},"author":1,"featured_media":43056,"comment_status":"open","ping_status":"open","sticky":false,"template":"","format":"image","meta":{"_jetpack_memberships_contains_paid_content":false,"footnotes":"","jetpack_publicize_message":"","jetpack_publicize_feature_enabled":true,"jetpack_social_post_already_shared":true,"jetpack_social_options":{"image_generator_settings":{"template":"highway","default_image_id":0,"enabled":false},"version":2}},"categories":[8,1,2,7,3],"tags":[1311,8750,10735,5030,10734,15,94,3919,8777,9338,86],"class_list":["post-43055","post","type-post","status-publish","format-image","has-post-thumbnail","hentry","category-deliberando","category-diario-armstrong","category-locales","category-politica","category-region","tag-agricola","tag-agroactiva-2","tag-de-la-maquinaria","tag-diario-armstrong","tag-el-80","tag-en","tag-esta","tag-fabrica","tag-lic-graciela-de-la-casa","tag-region","tag-se","post_format-post-format-image"],"jetpack_publicize_connections":[],"jetpack_featured_media_url":"https:\/\/armstrongyregion.com.ar\/diario\/wp-content\/uploads\/2024\/06\/30374.jpg","jetpack_shortlink":"https:\/\/wp.me\/p62QDO-bcr","jetpack_sharing_enabled":true,"amp_enabled":true,"_links":{"self":[{"href":"https:\/\/armstrongyregion.com.ar\/diario\/wp-json\/wp\/v2\/posts\/43055","targetHints":{"allow":["GET"]}}],"collection":[{"href":"https:\/\/armstrongyregion.com.ar\/diario\/wp-json\/wp\/v2\/posts"}],"about":[{"href":"https:\/\/armstrongyregion.com.ar\/diario\/wp-json\/wp\/v2\/types\/post"}],"author":[{"embeddable":true,"href":"https:\/\/armstrongyregion.com.ar\/diario\/wp-json\/wp\/v2\/users\/1"}],"replies":[{"embeddable":true,"href":"https:\/\/armstrongyregion.com.ar\/diario\/wp-json\/wp\/v2\/comments?post=43055"}],"version-history":[{"count":2,"href":"https:\/\/armstrongyregion.com.ar\/diario\/wp-json\/wp\/v2\/posts\/43055\/revisions"}],"predecessor-version":[{"id":43058,"href":"https:\/\/armstrongyregion.com.ar\/diario\/wp-json\/wp\/v2\/posts\/43055\/revisions\/43058"}],"wp:featuredmedia":[{"embeddable":true,"href":"https:\/\/armstrongyregion.com.ar\/diario\/wp-json\/wp\/v2\/media\/43056"}],"wp:attachment":[{"href":"https:\/\/armstrongyregion.com.ar\/diario\/wp-json\/wp\/v2\/media?parent=43055"}],"wp:term":[{"taxonomy":"category","embeddable":true,"href":"https:\/\/armstrongyregion.com.ar\/diario\/wp-json\/wp\/v2\/categories?post=43055"},{"taxonomy":"post_tag","embeddable":true,"href":"https:\/\/armstrongyregion.com.ar\/diario\/wp-json\/wp\/v2\/tags?post=43055"}],"curies":[{"name":"wp","href":"https:\/\/api.w.org\/{rel}","templated":true}]}}