{"id":43049,"date":"2024-06-05T18:22:38","date_gmt":"2024-06-05T18:22:38","guid":{"rendered":"https:\/\/armstrongyregion.com.ar\/diario\/?p=43049"},"modified":"2024-06-05T18:24:33","modified_gmt":"2024-06-05T18:24:33","slug":"verdecchia-en-agroactiva-estoy-convencido-de-que-hay-que-defender-y-trabajar-por-este-polo-productivo","status":"publish","type":"post","link":"https:\/\/armstrongyregion.com.ar\/diario\/verdecchia-en-agroactiva-estoy-convencido-de-que-hay-que-defender-y-trabajar-por-este-polo-productivo\/","title":{"rendered":"Verdecchia en Agroactiva \u00abEstoy convencido de que hay que defender y trabajar por este polo productivo\u00bb"},"content":{"rendered":"\n<figure class=\"wp-block-image size-large\"><a href=\"http:\/\/armstrongyregion.com.ar\/diario\/wp-content\/uploads\/2024\/06\/58647043-12E4-4E89-BAD2-A6A34A2F3D53.jpg\"><img loading=\"lazy\" decoding=\"async\" width=\"1024\" height=\"567\" src=\"http:\/\/armstrongyregion.com.ar\/diario\/wp-content\/uploads\/2024\/06\/58647043-12E4-4E89-BAD2-A6A34A2F3D53-1024x567.jpg\" alt=\"\" class=\"wp-image-43050\" srcset=\"https:\/\/armstrongyregion.com.ar\/diario\/wp-content\/uploads\/2024\/06\/58647043-12E4-4E89-BAD2-A6A34A2F3D53-1024x567.jpg 1024w, https:\/\/armstrongyregion.com.ar\/diario\/wp-content\/uploads\/2024\/06\/58647043-12E4-4E89-BAD2-A6A34A2F3D53-300x166.jpg 300w, https:\/\/armstrongyregion.com.ar\/diario\/wp-content\/uploads\/2024\/06\/58647043-12E4-4E89-BAD2-A6A34A2F3D53-768x425.jpg 768w, https:\/\/armstrongyregion.com.ar\/diario\/wp-content\/uploads\/2024\/06\/58647043-12E4-4E89-BAD2-A6A34A2F3D53.jpg 1290w\" sizes=\"auto, (max-width: 1024px) 100vw, 1024px\" \/><\/a><\/figure>\n\n\n\n<p>El Senador del Dto. Belgrano Dr. Pablo Verdecchia desde la megamuestra mas importante del pa\u00eds expresaba:  \u00abHoy nos toca representar a este departamento productivo por naturaleza y cuando uno ve este tipo de muestras ubicado en el coraz\u00f3n de la maquinaria agr\u00edcola, los empresarios, la mano de obra de nuestros trabajadores, los comerciantes, todo el trabajo del sector agropecuario, nos damos cuenta de que somos esto\u00bb.<\/p>\n\n\n\n<figure class=\"wp-block-embed is-type-video is-provider-youtube wp-block-embed-youtube wp-embed-aspect-16-9 wp-has-aspect-ratio\"><div class=\"wp-block-embed__wrapper\">\n<iframe loading=\"lazy\" title=\"Diario Armstrong y Region. Senador Pablo Verdecchia desde Agroactiva. Entrevista Jose Dabarno.\" width=\"800\" height=\"450\" src=\"https:\/\/www.youtube.com\/embed\/2nfJIzDWUSY?feature=oembed\" frameborder=\"0\" allow=\"accelerometer; autoplay; clipboard-write; encrypted-media; gyroscope; picture-in-picture; web-share\" referrerpolicy=\"strict-origin-when-cross-origin\" allowfullscreen><\/iframe>\n<\/div><\/figure>\n\n\n\n<p>\u00abTenemos el porcentaje mas importante de la maquinaria agr\u00edcola que se produce en nuestro pa\u00eds y luego se exporta y la mano de obra de cada uno de nuestros empleados viaja al exterior, eso nos llena de orgullo\u00bb. Expres\u00f3 el legislador.<\/p>\n\n\n\n<p>Verdecchia tambi\u00e9n dijo que esta muy atento a la llegada del Pte. Javier Milei a Agroactiva y de sus definiciones con respecto al interior productivo. Ac\u00e1 no hay especulaci\u00f3n, ac\u00e1 lo que se busca es trabajar y producir mas. Estoy convencido de que hay que defender y trabajar por este polo productivo\u00bb.<\/p>\n\n\n\n<p>Jos\u00e9 Dabarno para Renacer FM y Diario Armstrong y Regi\u00f3n-<\/p>\n\n\n\n<p><\/p>\n","protected":false},"excerpt":{"rendered":"<p>Verdecchia en Agroactiva \u00abEstoy convencido de que hay que defender y trabajar por este polo productivo\u00bb<\/p>\n","protected":false},"author":1,"featured_media":43050,"comment_status":"open","ping_status":"open","sticky":false,"template":"","format":"image","meta":{"_jetpack_memberships_contains_paid_content":false,"footnotes":"","jetpack_publicize_message":"","jetpack_publicize_feature_enabled":true,"jetpack_social_post_already_shared":true,"jetpack_social_options":{"image_generator_settings":{"template":"highway","default_image_id":0,"enabled":false},"version":2}},"categories":[8,1,2,7,3],"tags":[8750,5030,8777,10733,205],"class_list":["post-43049","post","type-post","status-publish","format-image","has-post-thumbnail","hentry","category-deliberando","category-diario-armstrong","category-locales","category-politica","category-region","tag-agroactiva-2","tag-diario-armstrong","tag-lic-graciela-de-la-casa","tag-senador-pablo-verdecchia","tag-verdecchia","post_format-post-format-image"],"jetpack_publicize_connections":[],"jetpack_featured_media_url":"https:\/\/armstrongyregion.com.ar\/diario\/wp-content\/uploads\/2024\/06\/58647043-12E4-4E89-BAD2-A6A34A2F3D53.jpg","jetpack_shortlink":"https:\/\/wp.me\/p62QDO-bcl","jetpack_sharing_enabled":true,"amp_enabled":true,"_links":{"self":[{"href":"https:\/\/armstrongyregion.com.ar\/diario\/wp-json\/wp\/v2\/posts\/43049","targetHints":{"allow":["GET"]}}],"collection":[{"href":"https:\/\/armstrongyregion.com.ar\/diario\/wp-json\/wp\/v2\/posts"}],"about":[{"href":"https:\/\/armstrongyregion.com.ar\/diario\/wp-json\/wp\/v2\/types\/post"}],"author":[{"embeddable":true,"href":"https:\/\/armstrongyregion.com.ar\/diario\/wp-json\/wp\/v2\/users\/1"}],"replies":[{"embeddable":true,"href":"https:\/\/armstrongyregion.com.ar\/diario\/wp-json\/wp\/v2\/comments?post=43049"}],"version-history":[{"count":2,"href":"https:\/\/armstrongyregion.com.ar\/diario\/wp-json\/wp\/v2\/posts\/43049\/revisions"}],"predecessor-version":[{"id":43053,"href":"https:\/\/armstrongyregion.com.ar\/diario\/wp-json\/wp\/v2\/posts\/43049\/revisions\/43053"}],"wp:featuredmedia":[{"embeddable":true,"href":"https:\/\/armstrongyregion.com.ar\/diario\/wp-json\/wp\/v2\/media\/43050"}],"wp:attachment":[{"href":"https:\/\/armstrongyregion.com.ar\/diario\/wp-json\/wp\/v2\/media?parent=43049"}],"wp:term":[{"taxonomy":"category","embeddable":true,"href":"https:\/\/armstrongyregion.com.ar\/diario\/wp-json\/wp\/v2\/categories?post=43049"},{"taxonomy":"post_tag","embeddable":true,"href":"https:\/\/armstrongyregion.com.ar\/diario\/wp-json\/wp\/v2\/tags?post=43049"}],"curies":[{"name":"wp","href":"https:\/\/api.w.org\/{rel}","templated":true}]}}