{"id":43045,"date":"2024-06-05T14:00:28","date_gmt":"2024-06-05T14:00:28","guid":{"rendered":"https:\/\/armstrongyregion.com.ar\/diario\/?p=43045"},"modified":"2024-06-05T14:00:31","modified_gmt":"2024-06-05T14:00:31","slug":"agroactiva-comienza-en-armstrong-la-gran-muestra-de-la-produccion","status":"publish","type":"post","link":"https:\/\/armstrongyregion.com.ar\/diario\/agroactiva-comienza-en-armstrong-la-gran-muestra-de-la-produccion\/","title":{"rendered":"Agroactiva: comienza en Armstrong la gran muestra de la producci\u00f3n."},"content":{"rendered":"\n<figure class=\"wp-block-image size-full\"><a href=\"http:\/\/armstrongyregion.com.ar\/diario\/wp-content\/uploads\/2024\/06\/Agroactiva-123.jpg\"><img loading=\"lazy\" decoding=\"async\" width=\"1000\" height=\"824\" src=\"http:\/\/armstrongyregion.com.ar\/diario\/wp-content\/uploads\/2024\/06\/Agroactiva-123.jpg\" alt=\"\" class=\"wp-image-43038\" srcset=\"https:\/\/armstrongyregion.com.ar\/diario\/wp-content\/uploads\/2024\/06\/Agroactiva-123.jpg 1000w, https:\/\/armstrongyregion.com.ar\/diario\/wp-content\/uploads\/2024\/06\/Agroactiva-123-300x247.jpg 300w, https:\/\/armstrongyregion.com.ar\/diario\/wp-content\/uploads\/2024\/06\/Agroactiva-123-768x633.jpg 768w\" sizes=\"auto, (max-width: 1000px) 100vw, 1000px\" \/><\/a><\/figure>\n\n\n\n<h2 class=\"wp-block-heading\">El gobernador Maximiliano Pullaro inaugurar\u00e1 este mi\u00e9rcoles a las 15 el stand de Santa Fe en la muestra. El espacio institucional de la provincia reunir\u00e1 exposiciones, lanzamientos, presentaciones, oferta cultural, rondas de negocios y capacitaciones hasta el 8 de junio.\u00a0<\/h2>\n\n\n\n<figure class=\"wp-block-table\"><table><tbody><tr><td>El gobernador Maximiliano Pullaro inaugurar\u00e1 este mi\u00e9rcoles, a las 15, el stand institucional de la provincia de Santa Fe en Agroactiva, la exposici\u00f3n agropecuaria a cielo abierto m\u00e1s convocante de Argentina y la regi\u00f3n, que se desarrollar\u00e1 hasta el 8 de junio en la ciudad de Armstrong.En la oportunidad, el gobernador Pullaro presentar\u00e1 el Programa de Financiamiento Santa Fe Activa, destinado al campo, la industria, el comercio, el turismo, la ciencia y la innovaci\u00f3n; que busca facilitar el acceso a instrumentos crediticios mediante alianzas estrat\u00e9gicas con entidades financieras operativas en la regi\u00f3n, con el fin de impulsar el desarrollo econ\u00f3mico de manera efectiva.En total son 5 l\u00edneas de financiamiento: 2 con el Banco Naci\u00f3n por un monto total de 17 mil millones de pesos destinadas a micro, peque\u00f1as y medianas empresas. Una de las ofertas crediticias tendr\u00e1 vigencia exclusivamente en Agroactiva.Adem\u00e1s, se anunciar\u00e1 una l\u00ednea de financiamiento, junto al Nuevo Banco de Santa Fe, de 7 mil millones de pesos de cupo para maquinaria agr\u00edcola, con un descuento de 7 puntos; tambi\u00e9n aplicable exclusivamente en Agroactiva.Para completar la oferta, se relanzar\u00e1n las l\u00edneas vigentes con el Consejo Federal de Inversiones (CFI) ; y se sumar\u00e1 una propuesta dirigida a las Agencias de Desarrollo, que prev\u00e9 destinar mil millones de pesos para las cadenas de valor priorizadas.<strong>Agenda<\/strong>Las actividades en el stand institucional comenzar\u00e1n a las 9.30, con una charla destinada a estudiantes de escuelas Agrot\u00e9cnicas, en el Escenario 360. A las 11.30 ser\u00e1 el turno de \u201cSanta Fe en el mundo: oportunidades, desaf\u00edos y herramientas para los productores y emprendedores\u201d; y a las 13, Miguel Forni disertar\u00e1 sobre \u201cAprovechamiento de los residuos pecuarios como oportunidades para la diversificaci\u00f3n en la Industria de la Maquinaria Agr\u00edcola, ambas se realizar\u00e1n en el Auditorio.En tanto, se presentar\u00e1n las fiestas del Departamento San Crist\u00f3bal, a las 13, en el Escenario 360; y 33\u00b0 Fiesta Provincial del Citrus, a las 15 en el Auditorio.Las actividades concluir\u00e1n a las 16.30, en el Escenario 360, con el cierre cultural a cargo de Manu Pir\u00f3.<strong>Santa Fe en Agroactiva<\/strong>Durante la muestra, el Gobierno de Santa Fe, a trav\u00e9s del Ministerio de Desarrollo Productivo, acompa\u00f1ar\u00e1 a 130 empresas vinculadas a la innovaci\u00f3n, el agro y la industria. Adem\u00e1s, se llevar\u00e1n a cabo m\u00e1s de 170 rondas de negocios con 12 compradores de 5 pa\u00edses: Bulgaria, Bolivia, Chile, Colombia y Per\u00fa. Los productos m\u00e1s demandados son bombas oleohidr\u00e1ulicas, cabezales maiceros, cosechadoras, pulverizadoras, cuchillas y elevadores de granos, entre otros.El stand cuenta con 14 mil metros cuadrados, distribuidos en 6 lotes, en los cuales se dispondr\u00e1 una carpa institucional donde se promocionar\u00e1n los programas provinciales; adem\u00e1s se instalar\u00e1 una carpa para AgTech, una carpa que albergar\u00e1 a firmas industriales y alimenticias, y cuatro lotes exteriores con empresas metalmec\u00e1nicas y del rubro agropecuario. El espacio santafesino contar\u00e1, adem\u00e1s, con la presencia de la Secretar\u00eda de Turismo, que expondr\u00e1 los atractivos provinciales.El espacio, adem\u00e1s, dispone de un auditorio, una sala de reuniones comerciales para rondas de negocios, un living y un lugar de paseo y encuentro, con bancos para descanso de los visitantes.Adem\u00e1s, durante los 4 d\u00edas, se encontrar\u00e1 en la feria el dispositivo \u201cSanta Fe ac\u00e1\u201d, para tramitar DNI, Pasaporte, Boleto Educativo y brindar asesor\u00eda integral para empresas de alimentos por parte de ASSAL; y el cami\u00f3n sanitario del Ministerio de Salud, donde los visitantes podr\u00e1n completar el calendario de vacunaci\u00f3n, realizarse testeos r\u00e1pidos y se desarrollar\u00e1n acciones de prevenci\u00f3n.<strong>Referencia internacional<\/strong>Agroactiva es una feria emblem\u00e1tica, que naci\u00f3 como una peque\u00f1a expresi\u00f3n local y con los a\u00f1os se constituy\u00f3 en una referencia internacional. Re\u00fane a empresas, f\u00e1bricas, importadores y distribuidores de bienes, insumos y servicios para el sector agropecuario.Con 30 a\u00f1os de actividad ininterrumpida, Agroactiva se transform\u00f3 en la exposici\u00f3n agropecuaria a cielo abierto m\u00e1s convocante de Argentina y la regi\u00f3n, que supo ganarse el prestigio y el respeto de cada productor o contratista que la visit\u00f3, pero tambi\u00e9n de los empresarios que siente en ella el acompa\u00f1amiento genuino en cada una de sus ediciones.&nbsp;<\/td><td>&nbsp;<\/td><\/tr><\/tbody><\/table><\/figure>\n\n\n\n<figure class=\"wp-block-table\"><table><tbody><tr><td>&nbsp;<\/td><td>&nbsp;<\/td><\/tr><\/tbody><\/table><\/figure>\n","protected":false},"excerpt":{"rendered":"<p>Agroactiva: comienza en Armstrong la gran muestra de la producci\u00f3n.<\/p>\n","protected":false},"author":1,"featured_media":43038,"comment_status":"open","ping_status":"open","sticky":false,"template":"","format":"image","meta":{"_jetpack_memberships_contains_paid_content":false,"footnotes":"","jetpack_publicize_message":"","jetpack_publicize_feature_enabled":true,"jetpack_social_post_already_shared":true,"jetpack_social_options":{"image_generator_settings":{"template":"highway","default_image_id":0,"enabled":false},"version":2}},"categories":[8,1,2,7,3],"tags":[10473,5030,8777],"class_list":["post-43045","post","type-post","status-publish","format-image","has-post-thumbnail","hentry","category-deliberando","category-diario-armstrong","category-locales","category-politica","category-region","tag-agroactiva-2024","tag-diario-armstrong","tag-lic-graciela-de-la-casa","post_format-post-format-image"],"jetpack_publicize_connections":[],"jetpack_featured_media_url":"https:\/\/armstrongyregion.com.ar\/diario\/wp-content\/uploads\/2024\/06\/Agroactiva-123.jpg","jetpack_shortlink":"https:\/\/wp.me\/p62QDO-bch","jetpack_sharing_enabled":true,"amp_enabled":true,"_links":{"self":[{"href":"https:\/\/armstrongyregion.com.ar\/diario\/wp-json\/wp\/v2\/posts\/43045","targetHints":{"allow":["GET"]}}],"collection":[{"href":"https:\/\/armstrongyregion.com.ar\/diario\/wp-json\/wp\/v2\/posts"}],"about":[{"href":"https:\/\/armstrongyregion.com.ar\/diario\/wp-json\/wp\/v2\/types\/post"}],"author":[{"embeddable":true,"href":"https:\/\/armstrongyregion.com.ar\/diario\/wp-json\/wp\/v2\/users\/1"}],"replies":[{"embeddable":true,"href":"https:\/\/armstrongyregion.com.ar\/diario\/wp-json\/wp\/v2\/comments?post=43045"}],"version-history":[{"count":1,"href":"https:\/\/armstrongyregion.com.ar\/diario\/wp-json\/wp\/v2\/posts\/43045\/revisions"}],"predecessor-version":[{"id":43046,"href":"https:\/\/armstrongyregion.com.ar\/diario\/wp-json\/wp\/v2\/posts\/43045\/revisions\/43046"}],"wp:featuredmedia":[{"embeddable":true,"href":"https:\/\/armstrongyregion.com.ar\/diario\/wp-json\/wp\/v2\/media\/43038"}],"wp:attachment":[{"href":"https:\/\/armstrongyregion.com.ar\/diario\/wp-json\/wp\/v2\/media?parent=43045"}],"wp:term":[{"taxonomy":"category","embeddable":true,"href":"https:\/\/armstrongyregion.com.ar\/diario\/wp-json\/wp\/v2\/categories?post=43045"},{"taxonomy":"post_tag","embeddable":true,"href":"https:\/\/armstrongyregion.com.ar\/diario\/wp-json\/wp\/v2\/tags?post=43045"}],"curies":[{"name":"wp","href":"https:\/\/api.w.org\/{rel}","templated":true}]}}