{"id":43031,"date":"2024-06-04T02:06:20","date_gmt":"2024-06-04T02:06:20","guid":{"rendered":"https:\/\/armstrongyregion.com.ar\/diario\/?p=43031"},"modified":"2024-06-04T02:06:23","modified_gmt":"2024-06-04T02:06:23","slug":"canada-de-gomez-avanza-la-obra-del-nuevo-jardin-de-infantes-barrilete-de-colores","status":"publish","type":"post","link":"https:\/\/armstrongyregion.com.ar\/diario\/canada-de-gomez-avanza-la-obra-del-nuevo-jardin-de-infantes-barrilete-de-colores\/","title":{"rendered":"Ca\u00f1ada de G\u00f3mez: avanza la obra del nuevo Jard\u00edn de Infantes \u201cBarrilete de Colores\u201d"},"content":{"rendered":"\n<figure class=\"wp-block-image size-large\"><a href=\"http:\/\/armstrongyregion.com.ar\/diario\/wp-content\/uploads\/2024\/06\/jardin-canada-pcia.jpg\"><img loading=\"lazy\" decoding=\"async\" width=\"1024\" height=\"761\" src=\"http:\/\/armstrongyregion.com.ar\/diario\/wp-content\/uploads\/2024\/06\/jardin-canada-pcia-1024x761.jpg\" alt=\"\" class=\"wp-image-43032\" srcset=\"https:\/\/armstrongyregion.com.ar\/diario\/wp-content\/uploads\/2024\/06\/jardin-canada-pcia-1024x761.jpg 1024w, https:\/\/armstrongyregion.com.ar\/diario\/wp-content\/uploads\/2024\/06\/jardin-canada-pcia-300x223.jpg 300w, https:\/\/armstrongyregion.com.ar\/diario\/wp-content\/uploads\/2024\/06\/jardin-canada-pcia-768x571.jpg 768w, https:\/\/armstrongyregion.com.ar\/diario\/wp-content\/uploads\/2024\/06\/jardin-canada-pcia.jpg 1280w\" sizes=\"auto, (max-width: 1024px) 100vw, 1024px\" \/><\/a><\/figure>\n\n\n\n<h2 class=\"wp-block-heading\">El nuevo espacio educativo en esta localidad del departamento Iriondo comprende la construcci\u00f3n de cuatro aulas interconectadas con ba\u00f1os privados, pensadas para salas de ni\u00f1os de 3, 4 y 5 a\u00f1os. Tiene un 80% de avance.<\/h2>\n\n\n\n<p>La comunidad educativa de Ca\u00f1ada de G\u00f3mez se prepara para la finalizaci\u00f3n de una obra muy esperada. Se trata del nuevo edificio para el Jard\u00edn de Infantes N\u00ba 295 \u201cBarrilete de Colores\u201d. Seg\u00fan inform\u00f3 el ministro de Obras P\u00fablicas de la Provincia, Lisandro Enrico, la obra ya super\u00f3 el 80 % de avance y en pocos meses estar\u00e1 listo para su inauguraci\u00f3n.<\/p>\n\n\n\n<p>Al respecto, Enrico asegur\u00f3 que \u201ca pesar de la dif\u00edcil situaci\u00f3n econ\u00f3mica por la que atravesamos como pa\u00eds, en la provincia de Santa Fe estamos haciendo un esfuerzo muy importante para reactivar las obras que estaban paralizadas, saldar las deudas y terminar las obras empezadas. Hay una clara voluntad pol\u00edtica del gobernador Maximiliano Pullaro, de hacer un uso eficiente y transparente de los recursos del Estado, pero tambi\u00e9n de no abandonar obras iniciadas\u201d.<\/p>\n\n\n\n<p>\u201cEn el caso del jard\u00edn Barrilete de Colores, como tantos otros que hemos reactivado, los trabajos avanzan a muy buen ritmo porque estamos seguros que los espacios destinados a las infancias posibilitan una mejor atenci\u00f3n integral para su desarrollo. Este proyecto fue uno de los priorizados para terminar que nos marcaron el intendente Mat\u00edas Chale, y el senador del departamento Iriondo, Hugo Rasetto. La obra es clave para que m\u00e1s ni\u00f1os de la ciudad puedan acceder a la educaci\u00f3n en los niveles de infancia, en un lugar con todos los servicios, amplio y acorde. Tambi\u00e9n el nuevo edificio ofrecer\u00e1 mejores espacios de trabajo al personal que cumple funciones en la instituci\u00f3n\u201d, indic\u00f3 el ministro.<\/p>\n\n\n\n<p>Por su parte, el secretario de Obras P\u00fablicas y H\u00e1bitat, Marcelo Pascual\u00f3n explic\u00f3 que avanza \u201cen la colocaci\u00f3n de cenefas en los techos y puertas corredizas en las aulas. Tambi\u00e9n se est\u00e1 implementando el cielorraso con placas de yeso, haciendo las instalaciones el\u00e9ctricas y la colocaci\u00f3n de bajos-mesadas\u201d.<\/p>\n\n\n\n<figure class=\"wp-block-image\"><img decoding=\"async\" src=\"https:\/\/ci3.googleusercontent.com\/meips\/ADKq_Nb2lHsJRSbIfskjwQCqMO5D3iPrxbDHXmFY-kpuZl-gJfyH6RLeoFi1s-4SB5XgjsdBsU3ItgqMAdXPsL3fzVTFzIvgaywtDTbkxjKIYbc88fLF9Wh4GGQ7AnR6nccMl3unbSZ4BnF3HGu04SY=s0-d-e1-ft#https:\/\/www.santafe.gov.ar\/noticias\/recursos\/fotos\/2024\/06\/2024-06-03NID_280412O_2.jpeg\" alt=\"\"\/><\/figure>\n\n\n\n<p><strong>La obra<\/strong><br>El jard\u00edn tendr\u00e1 cuatro aulas interconectadas con ba\u00f1os privados, pensadas para salas de 3, 4 y 5 a\u00f1os. Y todos los espacios de aprendizaje se caracterizan por la flexibilidad, dado que podr\u00e1n integrarse o segregarse seg\u00fan las necesidades.<\/p>\n\n\n\n<p>Adem\u00e1s se incluyen paneles solares fotovoltaicos, agua caliente por calefones solares, recuperaci\u00f3n de agua de lluvia para uso sanitario, y sistema constructivo en seco.<\/p>\n\n\n\n<figure class=\"wp-block-image\"><img decoding=\"async\" src=\"https:\/\/ci3.googleusercontent.com\/meips\/ADKq_NZJteYC_W5rMVfpwvKgaloqOR4Itj3knMn3dofkbMuER4XvDCPVlmmKqciJykhcPH7q1I7zfplxPzw2l231BFILRbXJyg_WUkRzqAgNv-xw7oYBd7NkO7m2SwfeZTBwoLh6aZ3Scd0SdV0KM-s=s0-d-e1-ft#https:\/\/www.santafe.gov.ar\/noticias\/recursos\/fotos\/2024\/06\/2024-06-03NID_280412O_3.jpeg\" alt=\"\"\/><\/figure>\n","protected":false},"excerpt":{"rendered":"<p>Ca\u00f1ada de G\u00f3mez: avanza la obra del nuevo Jard\u00edn de Infantes \u201cBarrilete de Colores\u201d<\/p>\n","protected":false},"author":1,"featured_media":43032,"comment_status":"open","ping_status":"open","sticky":false,"template":"","format":"image","meta":{"_jetpack_memberships_contains_paid_content":false,"footnotes":"","jetpack_publicize_message":"","jetpack_publicize_feature_enabled":true,"jetpack_social_post_already_shared":true,"jetpack_social_options":{"image_generator_settings":{"template":"highway","default_image_id":0,"enabled":false},"version":2}},"categories":[8,1,2,7,3],"tags":[10727,420,5030,10726,8777],"class_list":["post-43031","post","type-post","status-publish","format-image","has-post-thumbnail","hentry","category-deliberando","category-diario-armstrong","category-locales","category-politica","category-region","tag-barrilete-de-colores","tag-canada-de-gomez","tag-diario-armstrong","tag-jardin-de-infantes","tag-lic-graciela-de-la-casa","post_format-post-format-image"],"jetpack_publicize_connections":[],"jetpack_featured_media_url":"https:\/\/armstrongyregion.com.ar\/diario\/wp-content\/uploads\/2024\/06\/jardin-canada-pcia.jpg","jetpack_shortlink":"https:\/\/wp.me\/p62QDO-bc3","jetpack_sharing_enabled":true,"amp_enabled":true,"_links":{"self":[{"href":"https:\/\/armstrongyregion.com.ar\/diario\/wp-json\/wp\/v2\/posts\/43031","targetHints":{"allow":["GET"]}}],"collection":[{"href":"https:\/\/armstrongyregion.com.ar\/diario\/wp-json\/wp\/v2\/posts"}],"about":[{"href":"https:\/\/armstrongyregion.com.ar\/diario\/wp-json\/wp\/v2\/types\/post"}],"author":[{"embeddable":true,"href":"https:\/\/armstrongyregion.com.ar\/diario\/wp-json\/wp\/v2\/users\/1"}],"replies":[{"embeddable":true,"href":"https:\/\/armstrongyregion.com.ar\/diario\/wp-json\/wp\/v2\/comments?post=43031"}],"version-history":[{"count":1,"href":"https:\/\/armstrongyregion.com.ar\/diario\/wp-json\/wp\/v2\/posts\/43031\/revisions"}],"predecessor-version":[{"id":43033,"href":"https:\/\/armstrongyregion.com.ar\/diario\/wp-json\/wp\/v2\/posts\/43031\/revisions\/43033"}],"wp:featuredmedia":[{"embeddable":true,"href":"https:\/\/armstrongyregion.com.ar\/diario\/wp-json\/wp\/v2\/media\/43032"}],"wp:attachment":[{"href":"https:\/\/armstrongyregion.com.ar\/diario\/wp-json\/wp\/v2\/media?parent=43031"}],"wp:term":[{"taxonomy":"category","embeddable":true,"href":"https:\/\/armstrongyregion.com.ar\/diario\/wp-json\/wp\/v2\/categories?post=43031"},{"taxonomy":"post_tag","embeddable":true,"href":"https:\/\/armstrongyregion.com.ar\/diario\/wp-json\/wp\/v2\/tags?post=43031"}],"curies":[{"name":"wp","href":"https:\/\/api.w.org\/{rel}","templated":true}]}}