{"id":4303,"date":"2015-09-28T16:48:13","date_gmt":"2015-09-28T16:48:13","guid":{"rendered":"https:\/\/armstrongyregion.com.ar\/diario\/?p=4303"},"modified":"2015-09-28T16:48:13","modified_gmt":"2015-09-28T16:48:13","slug":"el-mac-abrio-sus-puertas-a-la-muestra-mandalas","status":"publish","type":"post","link":"https:\/\/armstrongyregion.com.ar\/diario\/el-mac-abrio-sus-puertas-a-la-muestra-mandalas\/","title":{"rendered":"EL MAC ABRI\u00d3 SUS PUERTAS A LA MUESTRA \u00abMANDALAS\u00bb"},"content":{"rendered":"<p>Se trata del taller dictado por Marisol Villarreal en la Escuela Municipal. Adem\u00e1s debut\u00f3 oficialmente el Ensamble Juvenil de M\u00fasica Popular dirigido por Diego Aureli.<\/p>\n<p>El pasado domingo en el Museo de Arte Ca\u00f1adense se habilit\u00f3 la muestra de Mandalas de las alumnas de Marisol Villarreal, pertenecientes a la Escuela Municipal \u00abPedro Re\u00fcn\u00bb. En las misma se pudo vislumbrar diferentes t\u00e9cnicas como collage, reciclado, acr\u00edlicos, acuarelas y vidrios, adem\u00e1s de diferentes intervenciones art\u00edsticas en los espacios del MAC.<br \/>\nA su vez, en la misma jornada debut\u00f3 oficialmente el Ensamble Juvenil de M\u00fasica Popular, dirigida por el Prof. Diego Aureli cuyos integrantes son alumnos de la Escuela Municipal de M\u00fasica \u00abVicente Beltr\u00e1n\u00bb.<br \/>\nLa muestra estar\u00e1 habilitada hasta el lunes 12 de octubre y los horarios para recorrerlas son s\u00e1bados, domingos y feriados de 16 a 19 hs.<\/p>\n<div class=\"yj6qo ajU\">\n<div id=\":l9\" class=\"ajR\" tabindex=\"0\" data-tooltip=\"Muestra el contenido reducido\"><img decoding=\"async\" class=\"ajT\" src=\"https:\/\/ssl.gstatic.com\/ui\/v1\/icons\/mail\/images\/cleardot.gif\" alt=\"\" \/><a href=\"http:\/\/armstrongyregion.com.ar\/diario\/wp-content\/uploads\/2015\/09\/IMG_8985.jpg\"><img loading=\"lazy\" decoding=\"async\" class=\"alignnone size-medium wp-image-4304\" src=\"http:\/\/armstrongyregion.com.ar\/diario\/wp-content\/uploads\/2015\/09\/IMG_8985-300x200.jpg\" alt=\"IMG_8985\" width=\"300\" height=\"200\" srcset=\"https:\/\/armstrongyregion.com.ar\/diario\/wp-content\/uploads\/2015\/09\/IMG_8985-300x200.jpg 300w, https:\/\/armstrongyregion.com.ar\/diario\/wp-content\/uploads\/2015\/09\/IMG_8985-1024x683.jpg 1024w, https:\/\/armstrongyregion.com.ar\/diario\/wp-content\/uploads\/2015\/09\/IMG_8985.jpg 1152w\" sizes=\"auto, (max-width: 300px) 100vw, 300px\" \/><\/a><\/div>\n<\/div>\n","protected":false},"excerpt":{"rendered":"<p>Se trata del taller dictado por Marisol Villarreal en la Escuela Municipal. Adem\u00e1s debut\u00f3 oficialmente el Ensamble Juvenil de M\u00fasica Popular dirigido por Diego Aureli. El pasado domingo en el Museo de Arte Ca\u00f1adense se habilit\u00f3 la muestra de Mandalas de las alumnas de Marisol Villarreal, pertenecientes a la Escuela Municipal \u00abPedro Re\u00fcn\u00bb. En las <a href=\"https:\/\/armstrongyregion.com.ar\/diario\/el-mac-abrio-sus-puertas-a-la-muestra-mandalas\/\" title=\"Read more\" >&#8230;<\/a><\/p>\n","protected":false},"author":2,"featured_media":4304,"comment_status":"open","ping_status":"open","sticky":false,"template":"","format":"standard","meta":{"_jetpack_memberships_contains_paid_content":false,"footnotes":"","jetpack_publicize_message":"","jetpack_publicize_feature_enabled":true,"jetpack_social_post_already_shared":false,"jetpack_social_options":{"image_generator_settings":{"template":"highway","default_image_id":0,"enabled":false},"version":2}},"categories":[6,1,2,3],"tags":[1913,2808,1358],"class_list":["post-4303","post","type-post","status-publish","format-standard","has-post-thumbnail","hentry","category-cultura-entretenimiento","category-diario-armstrong","category-locales","category-region","tag-mac","tag-mandalas","tag-muestra"],"jetpack_publicize_connections":[],"jetpack_featured_media_url":"https:\/\/armstrongyregion.com.ar\/diario\/wp-content\/uploads\/2015\/09\/IMG_8985.jpg","jetpack_shortlink":"https:\/\/wp.me\/p62QDO-17p","jetpack_sharing_enabled":true,"amp_enabled":true,"_links":{"self":[{"href":"https:\/\/armstrongyregion.com.ar\/diario\/wp-json\/wp\/v2\/posts\/4303","targetHints":{"allow":["GET"]}}],"collection":[{"href":"https:\/\/armstrongyregion.com.ar\/diario\/wp-json\/wp\/v2\/posts"}],"about":[{"href":"https:\/\/armstrongyregion.com.ar\/diario\/wp-json\/wp\/v2\/types\/post"}],"author":[{"embeddable":true,"href":"https:\/\/armstrongyregion.com.ar\/diario\/wp-json\/wp\/v2\/users\/2"}],"replies":[{"embeddable":true,"href":"https:\/\/armstrongyregion.com.ar\/diario\/wp-json\/wp\/v2\/comments?post=4303"}],"version-history":[{"count":0,"href":"https:\/\/armstrongyregion.com.ar\/diario\/wp-json\/wp\/v2\/posts\/4303\/revisions"}],"wp:featuredmedia":[{"embeddable":true,"href":"https:\/\/armstrongyregion.com.ar\/diario\/wp-json\/wp\/v2\/media\/4304"}],"wp:attachment":[{"href":"https:\/\/armstrongyregion.com.ar\/diario\/wp-json\/wp\/v2\/media?parent=4303"}],"wp:term":[{"taxonomy":"category","embeddable":true,"href":"https:\/\/armstrongyregion.com.ar\/diario\/wp-json\/wp\/v2\/categories?post=4303"},{"taxonomy":"post_tag","embeddable":true,"href":"https:\/\/armstrongyregion.com.ar\/diario\/wp-json\/wp\/v2\/tags?post=4303"}],"curies":[{"name":"wp","href":"https:\/\/api.w.org\/{rel}","templated":true}]}}